{"id":5639,"date":"2022-07-29T12:09:50","date_gmt":"2022-07-29T12:09:50","guid":{"rendered":"https:\/\/teachforromania.org\/?p=5639"},"modified":"2022-09-08T08:14:41","modified_gmt":"2022-09-08T08:14:41","slug":"fiecare-profesor-face-mai-mult-decat-a-fi-in-fata-copiilor-la-clasa","status":"publish","type":"post","link":"https:\/\/teachforromania.org\/en\/fiecare-profesor-face-mai-mult-decat-a-fi-in-fata-copiilor-la-clasa\/","title":{"rendered":"Fiecare profesor face mai mult dec\u00e2t a fi \u00een fa\u021ba copiilor, la clas\u0103!"},"content":{"rendered":"\t\t<div data-elementor-type=\"wp-post\" data-elementor-id=\"5639\" class=\"elementor elementor-5639\" data-elementor-post-type=\"post\">\n\t\t\t\t\t\t<section class=\"elementor-section elementor-top-section elementor-element elementor-element-2d9a9e elementor-section-boxed elementor-section-height-default elementor-section-height-default\" data-id=\"2d9a9e\" data-element_type=\"section\">\n\t\t\t\t\t\t<div class=\"elementor-container elementor-column-gap-default\">\n\t\t\t\t\t<div class=\"elementor-column elementor-col-100 elementor-top-column elementor-element elementor-element-27514815\" data-id=\"27514815\" data-element_type=\"column\">\n\t\t\t<div class=\"elementor-widget-wrap elementor-element-populated\">\n\t\t\t\t\t\t<div class=\"elementor-element elementor-element-6ea56152 elementor-widget elementor-widget-text-editor\" data-id=\"6ea56152\" data-element_type=\"widget\" data-widget_type=\"text-editor.default\">\n\t\t\t\t<div class=\"elementor-widget-container\">\n\t\t\t\t\t\t\t\t\t<p>32.7.20.6<\/p><p>Diferen\u021ba este semnificativ\u0103 \u00eentre numere, a\u0219a cum este \u0219i \u00een catalog: 32 de elevi \u00een catalogul clasei I la \u00eenceputul anului \u0219colar, 7 elevi pleca\u021bi \u00een str\u0103in\u0103tate care nu s-au prezentat deloc la \u0219coal\u0103, 20 de elevi vin constant, iar 5 &#8211; ocazional.<\/p><p>La \u00eenceputul anului \u0219colar 2020, Bianca Boia a organizat o prim\u0103 \u0219edin\u021b\u0103 cu p\u0103rin\u021bii elevilor; au venit 3 p\u0103rin\u021bi, \u00eens\u0103 la o urm\u0103toare sedin\u021b\u0103 au venit 17, iar 5 p\u0103rin\u021bi au anun\u021bat-o pe Bianca despre faptul c\u0103 nu pot fi prezen\u021bi din anumite motive.\u00a0 Dup\u0103 1 an de zile, p\u0103rin\u021bii \u00een\u021beleg acum importan\u021ba \u0219colariz\u0103rii \u0219i fac tot posibilul s\u0103 \u00eei trimit\u0103 pe copii la \u0219coal\u0103.<\/p><p>Aici, la G\u00e2rcini, \u00een clasa Bianc\u0103i, numele \u0219i prenumele copiilor nota\u021bi \u00een catalog se \u00eent\u00e2mpl\u0103 s\u0103 nu coincid\u0103 cu prezen\u021ba elevilor la clas\u0103, a\u0219a cum se \u00eent\u00e2mpl\u0103 s\u0103 aib\u0103 \u00een clasa a II-a elevi de v\u00e2rst\u0103 mai mare, de 12 ani, elevi ce repet\u0103 clasa din motive de absenteism.<\/p><p>Ne g\u00e2ndim c\u0103 110 absen\u021be sunt multe. Dincolo de num\u0103rul lor, ele arat\u0103 o realitate cu care elevii se confrunt\u0103: fiecare copil trebuie s\u0103 aduc\u0103 un venit, iar a recunoa\u0219te asta este dureros.<\/p><p><img decoding=\"async\" class=\"alignleft\" src=\"https:\/\/teachforromania.org\/wp-content\/uploads\/Bianca-Boia-1-225x300.jpg\" alt=\"\" width=\"154\" height=\"206\" \/><\/p><p>\u201eAm apelat la ajutorul mediatorului \u0219colar \u00een momentul \u00een care m-am hot\u0103r\u00e2t s\u0103 merg \u00een comunitate ca s\u0103 aflu motivele pentru care elevii nu vin la \u0219coal\u0103. Copiii absenteaz\u0103 din cauz\u0103 c\u0103 sunt bolnavi, \u00eens\u0103 nu aduc scutire, iar p\u0103rin\u021bii nu sunt interesa\u021bi de educa\u021bia propriilor copii fiindc\u0103 nu v\u0103d oportunit\u0103\u021bile la care ace\u0219tia ar putea avea acces. De cele mai multe ori, copiii devin \u00eengrijitori pentru fra\u021bii mai mici, iar timpul pentru \u0219coal\u0103 este dedicat lor, timp \u00een care mama este la munc\u0103. Ace\u0219ti copii sunt l\u0103sa\u021bi singuri acas\u0103 \u0219i nimeni nu mai r\u0103m\u00e2ne al\u0103turi de ei s\u0103 se preocupe de \u0219colarizare. Alteori, \u00eei v\u0103d \u00een fa\u021ba magazinelor.\u201d, ne declar\u0103 Bianca.<\/p><p><img fetchpriority=\"high\" decoding=\"async\" class=\"alignright\" src=\"https:\/\/teachforromania.org\/wp-content\/uploads\/Bianca-Boia-2-225x300.jpg\" alt=\"\" width=\"206\" height=\"275\" \/><\/p><p>Ca s\u0103 \u00eei aduc\u0103 \u0219i men\u021bine \u00een \u0219coal\u0103, Bianca a ob\u021binut un parteneriat pentru activit\u0103\u021bi extra-\u0219colare, oferind copiilor ateliere de pictur\u0103 pe sticl\u0103: \u201e\u00a0elevii sunt mult mai determina\u021bi s\u0103 \u00ee\u0219i finalizeze sarcinile de lucru corect \u0219i complet.<\/p><p>V\u0103d cum aten\u021bia la detalii \u0219i simtul estetic se dezvolt\u0103 cu fiecare \u00eent\u00e2lnire.<br \/>F. a fost \u0219i este un elev silitor, ascult\u0103tor \u0219i responsabil c\u00e2nd vine vorba despre \u00eenv\u0103\u021b\u0103tur\u0103. Cu toate acestea, se frustra atunci c\u00e2nd \u00eent\u00e2mpina situa\u021bii noi \u0219i pe care nu le putea gestiona singur. Acum, de c\u00e2nd particip\u0103 la cursul de picture, observ c\u0103 acum nu mai are tendin\u021ba de a renun\u021ba atunci c\u00e2nd se \u00eent\u00e2lne\u0219te cu o sarcina greu de rezolvat. Ba mai mult, reu\u0219e\u0219te s\u0103-\u0219i exprime controlat emo\u021biile \u0219i asta nu poate dec\u00e2t s\u0103 m\u0103 bucure. C., de asemena, este o elev\u0103 silitoare si dornic\u0103 de a \u00eenva\u021ba. Pe parcursul anilor de \u0219coal\u0103 a \u00eent\u00e2mpinat dificult\u0103\u021bi la \u00eenv\u0103\u021bare, mai ales la matematic\u0103. Participarea ei la aceste ateliere au ajutat-o s\u0103-si dezvolte, \u00een principal, simtul estetic si apoi \u0219i dorin\u021ba lucrului bine f\u0103cut.<br \/>A\u0219ezarea \u0219i orientarea corect\u0103 a textului \u00een pagin\u0103, precum \u0219i dorin\u021ba de a nu renun\u021ba atunci c\u00e2nd gre\u0219e\u0219te sunt noile ei calit\u0103\u021bi\u201d.<\/p><p><img decoding=\"async\" class=\"alignleft\" src=\"https:\/\/teachforromania.org\/wp-content\/uploads\/Bianca-Boia-3-225x300.jpg\" alt=\"\" width=\"225\" height=\"300\" \/><\/p><p>Uneori, posibilit\u0103\u021bile unui cadru didactic de a aduce copiii la \u0219coal\u0103 sunt limitate de c\u0103tre familie sau comunitate. Alteori, de efortul personal. Fiecare profesor face mai mult dec\u00e2t a fi \u00een fa\u021ba copiilor, la clas\u0103, face mai mult dec\u00e2t consider\u0103 c\u0103 poate. Uneori, dep\u0103\u0219e\u0219te barierele proprii pe care considera c\u0103 le are.<\/p><p>Educa\u021bia se face \u0219i dincolo de u\u0219a \u0219colii \u0219i se continua acolo, pe teren, \u00een comunitate.<\/p><p>Educa\u021bia se face cu bl\u00e2nde\u021be, cu rezilien\u021b\u0103, cu inova\u021bie. Continuu.<\/p>\t\t\t\t\t\t\t\t<\/div>\n\t\t\t\t<\/div>\n\t\t\t\t\t<\/div>\n\t\t<\/div>\n\t\t\t\t\t<\/div>\n\t\t<\/section>\n\t\t\t\t<\/div>\n\t\t","protected":false},"excerpt":{"rendered":"<p>32.7.20.6 Diferen\u021ba este semnificativ\u0103 \u00eentre numere, a\u0219a cum este \u0219i \u00een catalog: 32 de elevi \u00een catalogul clasei I la \u00eenceputul anului \u0219colar, 7 elevi pleca\u021bi \u00een str\u0103in\u0103tate care nu s-au prezentat deloc la \u0219coal\u0103, 20 de elevi vin constant, iar 5 &#8211; ocazional. La \u00eenceputul anului \u0219colar 2020, Bianca Boia a organizat o prim\u0103 [&hellip;]<\/p>\n","protected":false},"author":1,"featured_media":9688,"comment_status":"open","ping_status":"open","sticky":false,"template":"","format":"standard","meta":{"_acf_changed":false,"footnotes":""},"categories":[18],"tags":[],"class_list":["post-5639","post","type-post","status-publish","format-standard","has-post-thumbnail","hentry","category-profesori-si-alumni"],"acf":[],"_links":{"self":[{"href":"https:\/\/teachforromania.org\/en\/wp-json\/wp\/v2\/posts\/5639","targetHints":{"allow":["GET"]}}],"collection":[{"href":"https:\/\/teachforromania.org\/en\/wp-json\/wp\/v2\/posts"}],"about":[{"href":"https:\/\/teachforromania.org\/en\/wp-json\/wp\/v2\/types\/post"}],"author":[{"embeddable":true,"href":"https:\/\/teachforromania.org\/en\/wp-json\/wp\/v2\/users\/1"}],"replies":[{"embeddable":true,"href":"https:\/\/teachforromania.org\/en\/wp-json\/wp\/v2\/comments?post=5639"}],"version-history":[{"count":11,"href":"https:\/\/teachforromania.org\/en\/wp-json\/wp\/v2\/posts\/5639\/revisions"}],"predecessor-version":[{"id":10464,"href":"https:\/\/teachforromania.org\/en\/wp-json\/wp\/v2\/posts\/5639\/revisions\/10464"}],"wp:featuredmedia":[{"embeddable":true,"href":"https:\/\/teachforromania.org\/en\/wp-json\/wp\/v2\/media\/9688"}],"wp:attachment":[{"href":"https:\/\/teachforromania.org\/en\/wp-json\/wp\/v2\/media?parent=5639"}],"wp:term":[{"taxonomy":"category","embeddable":true,"href":"https:\/\/teachforromania.org\/en\/wp-json\/wp\/v2\/categories?post=5639"},{"taxonomy":"post_tag","embeddable":true,"href":"https:\/\/teachforromania.org\/en\/wp-json\/wp\/v2\/tags?post=5639"}],"curies":[{"name":"wp","href":"https:\/\/api.w.org\/{rel}","templated":true}]}}