{"id":5567,"date":"2022-07-29T08:23:50","date_gmt":"2022-07-29T08:23:50","guid":{"rendered":"https:\/\/teachforromania.org\/?p=5567"},"modified":"2022-09-08T08:14:10","modified_gmt":"2022-09-08T08:14:10","slug":"lansam-raportul-anual-si-iti-povestim-cum-a-aratat-anul-scolar-2021-2022","status":"publish","type":"post","link":"https:\/\/teachforromania.org\/en\/lansam-raportul-anual-si-iti-povestim-cum-a-aratat-anul-scolar-2021-2022\/","title":{"rendered":"Lans\u0103m Raportul Anual \u0219i \u00ee\u021bi povestim cum a ar\u0103tat anul \u0219colar 2021-2022."},"content":{"rendered":"\t\t<div data-elementor-type=\"wp-post\" data-elementor-id=\"5567\" class=\"elementor elementor-5567\" data-elementor-post-type=\"post\">\n\t\t\t\t\t\t<section class=\"elementor-section elementor-top-section elementor-element elementor-element-3ecf7e6c elementor-section-boxed elementor-section-height-default elementor-section-height-default\" data-id=\"3ecf7e6c\" data-element_type=\"section\">\n\t\t\t\t\t\t<div class=\"elementor-container elementor-column-gap-default\">\n\t\t\t\t\t<div class=\"elementor-column elementor-col-100 elementor-top-column elementor-element elementor-element-2d40f1aa\" data-id=\"2d40f1aa\" data-element_type=\"column\">\n\t\t\t<div class=\"elementor-widget-wrap elementor-element-populated\">\n\t\t\t\t\t\t<div class=\"elementor-element elementor-element-640e697e elementor-widget elementor-widget-text-editor\" data-id=\"640e697e\" data-element_type=\"widget\" data-widget_type=\"text-editor.default\">\n\t\t\t\t<div class=\"elementor-widget-container\">\n\t\t\t\t\t\t\t\t\t<blockquote><p>\u201e\u00cemi place s\u0103 merg la \u0219coal\u0103.\u201d<\/p><p>\u201eE interesant ce facem la \u0219coal\u0103.\u201d<\/p><p>\u201eDoamna m\u0103 \u00eencurajeaz\u0103 s\u0103 dau tot ce pot.\u201d<\/p><p>\u201eDac\u0103 sunt furios sau trist, profesorul meu m\u0103 ajuta s\u0103 m\u0103 simt mai bine.\u201d<\/p><p>\u201eProfesorul meu \u00eemi arat\u0103 c\u0103 \u00eei pas\u0103 cu adev\u0103rat de mine.\u201d<\/p><p>\u201eM\u0103 simt v\u0103zut, ascultat, respectat. M\u0103 simt \u00een siguran\u021b\u0103 la \u0219coal\u0103.\u201d<\/p><p>Sunt r\u0103spunsurile pe care le-am primit de la majoritatea copiilor cu care lucreaz\u0103 profesorii \u0219i alumnii Teach for Romania. 20 000 anul acesta. Din p\u0103cate, sunt mult prea pu\u021bini, iar cea mai mare parte dintre cei 2 918 264 de elevi r\u0103spund contrariul. Nu este de mirare c\u00e2nd ne uit\u0103m la succesiunea de crize ale sistemelor educa\u021bionale, sanitare, economice \u0219i acum geopolitice. \u0218i e un r\u0103spuns justificat. E foarte u\u0219or s\u0103 ne sim\u021bim destabiliza\u021bi, s\u0103 ne distan\u021b\u0103m sau s\u0103 ne resemn\u0103m. Totu\u0219i, acestea sunt contextele care scot la suprafa\u021b\u0103 adev\u0103ra\u021bii lideri.<\/p><\/blockquote><p>\u00cen Teach for Romania, 2021 a fost un an al anduran\u021bei, rezilien\u021bei, g\u00e2ndirii strategice, impactului pe termen mediu \u0219i lung \u00een sistemul educa\u021bional rom\u00e2nesc. A fost anul \u00een care am reu\u0219it s\u0103 sus\u021binem 119 participan\u021bi, cu 30% mai mul\u021bi dec\u00e2t \u00een anul anterior, dar \u0219i anul \u00een care, datorit\u0103 sprijinului Lidl Rom\u00e2nia, am reu\u0219it s\u0103 deschidem, cu un an mai devreme, primul biroul regional Teach for Romania la Ia\u0219i, \u00een Moldova, regiune \u00een care am integrat peste 30 de profesori, \u00eenv\u0103\u021b\u0103tori \u0219i educatori.<\/p><p>Studiile ne spun c\u0103 un profesor pasionat este cel mai bun predictor al succesului elevilor ca viitori adul\u021bi. Noi spunem c\u0103 un profesor pasionat schimb\u0103 vie\u021bi. Schimb\u0103 traiectorii. Construie\u0219te un viitor mai bun pentru noi to\u021bi.<\/p><p>\u00ce\u021bi suntem recunosc\u0103tori \u021bie, c\u0103 ai continuat s\u0103 ne oferi \u00eencredere \u0219i sprijin cum ai \u0219tiut mai bine. Noi nu ne oprim, a\u0219a cum nici copiii nu se las\u0103. \u00cen continuare, avem nevoie de sus\u021binerea ta, a voastr\u0103, a tuturor oamenilor care v\u0103d \u00een educa\u021bie solu\u021bia schimb\u0103rii profunde a societ\u0103\u021bii. Numai prin educa\u021bie putem construi viitorul nostru \u0219i al copiilor no\u0219tri.<\/p><p><b>Cu ajutorul t\u0103u, \u00een 2021:\u00a0<\/b><\/p><ul><li>Am antrenat \u0219i sus\u021binut aproximativ 120 de profesori \u00een 22 de jude\u021be, care, \u00eempreun\u0103 cu alumnii Teach for Romania au ajuns la aproximativ 20 000 de elevi din mediile vulnerabile.<\/li><li>Am deschis primul biroul regional \u00een Moldova, la Ia\u0219i, cu ajutorul prietenilor de la LIDL Rom\u00e2nia \u0219i am sus\u021binut 32 de profesori \u00een jude\u021bele Moldovei.<\/li><li>Am derulat proiecte care au avut drept scop dezvoltarea abilit\u0103\u021bilor de scris-citit \u0219i abilit\u0103\u021bilor socio-emo\u021bionale; am contribuit la cre\u0219terea prezen\u021bei copiilor la \u0219coal\u0103 \u0219i la dezvoltarea leadership-ului la elevi.<\/li><li>Am \u00eenceput <a href=\"https:\/\/faradiscriminare.ro\/\">un proiect anti-discriminare<\/a> derulat \u00een 7 comunit\u0103\u021bi vulnerabile din Rom\u00e2nia, \u00een parteneriat cu Roma Education Fund.<\/li><li>Am dezvoltat \u0219i consolidat parteneriate strategice institu\u021bionale \u0219i am organizat o serie de dezbateri \u0219i conferin\u021be \u00een care am discutat despre problemele pe care le-am identificat \u00een comunit\u0103\u021bile Teach \u0219i solu\u021biile pe care le propunem.<\/li><li>Am \u00eenceput pilotarea unui <a href=\"https:\/\/teachforromania.org\/nest\/\">program de formare \u0219i mentorat dedicat profesorilor debutan\u021bi<\/a>, \u00een colaborare cu Ministerul Educa\u021biei.<\/li><li>Am pilotat cu ajutorul UiPath Foundation cursul de Leadership transforma\u021bional &#8211; dedicat directorilor de \u0219coal\u0103 \u0219i celor care \u00ee\u0219i doresc s\u0103 preia conducerea \u0219colii, \u0219i cursul Comunit\u0103\u021bile viitorului, care a vizat crearea comunit\u0103\u021bilor de practic\u0103 \u00een cancelariile \u0219colilor \u2013 dedicat profesorilor non-Teach.<\/li><li>Am organizat prima edi\u021bie a Galei Profesorul Anului din mediul rural, prin care ne-am dorit s\u0103 aducem un plus de vizibilitate profesorilor care fac lucruri extraordinare \u00een \u0219colile de la sate.<\/li><li>Am lansat podcast-ul \u201eTeach la fa\u021ba locului\u201d, cu pove\u0219ti de la firul ierbii din comunit\u0103\u021bile \u00een care suntem prezen\u021bi.<\/li><\/ul><p>\u00cen cele ce urmeaz\u0103, \u00ee\u021bi prezent\u0103m activitatea noastr\u0103 din ultimul an \u0219i te invit\u0103m s\u0103 ne sus\u021bii \u00een continuare. \u00cen raport vei reg\u0103si rezultatele ultimului an, informa\u021bii financiare \u0219i unde am investit banii, c\u00e2t \u0219i cum ne po\u021bi fi \u00een continuare al\u0103turi, pentru a putea s\u0103 construim \u00eempreun\u0103 op\u021biuni de via\u021b\u0103 prin educa\u021bie de calitate pentru fiecare copil din Rom\u00e2nia.<\/p><p style=\"text-align: left;\"><a role=\"button\" href=\"https:\/\/teachforromania.org\/wp-content\/uploads\/RAPORT-TFR-2021.pdf\"> VEZI RAPORTUL AICI <\/a> <img fetchpriority=\"high\" decoding=\"async\" src=\"https:\/\/teachforromania.org\/wp-content\/uploads\/3-6-1024x493.png\" sizes=\"(max-width: 1024px) 100vw, 1024px\" srcset=\"https:\/\/teachforromania.org\/wp-content\/uploads\/3-6-1024x493.png 1024w, https:\/\/teachforromania.org\/wp-content\/uploads\/3-6-300x144.png 300w, https:\/\/teachforromania.org\/wp-content\/uploads\/3-6-768x370.png 768w, https:\/\/teachforromania.org\/wp-content\/uploads\/3-6-600x289.png 600w, https:\/\/dev.atelieru.ro\/tfr\/wp-content\/uploads\/3-6-150x72.png 150w, https:\/\/teachforromania.org\/wp-content\/uploads\/3-6.png 1350w\" alt=\"\" width=\"1024\" height=\"493\" \/><\/p>\t\t\t\t\t\t\t\t<\/div>\n\t\t\t\t<\/div>\n\t\t\t\t\t<\/div>\n\t\t<\/div>\n\t\t\t\t\t<\/div>\n\t\t<\/section>\n\t\t\t\t<\/div>\n\t\t","protected":false},"excerpt":{"rendered":"<p>\u201e\u00cemi place s\u0103 merg la \u0219coal\u0103.\u201d \u201eE interesant ce facem la \u0219coal\u0103.\u201d \u201eDoamna m\u0103 \u00eencurajeaz\u0103 s\u0103 dau tot ce pot.\u201d \u201eDac\u0103 sunt furios sau trist, profesorul meu m\u0103 ajuta s\u0103 m\u0103 simt mai bine.\u201d \u201eProfesorul meu \u00eemi arat\u0103 c\u0103 \u00eei pas\u0103 cu adev\u0103rat de mine.\u201d \u201eM\u0103 simt v\u0103zut, ascultat, respectat. M\u0103 simt \u00een siguran\u021b\u0103 la [&hellip;]<\/p>\n","protected":false},"author":1,"featured_media":9878,"comment_status":"open","ping_status":"open","sticky":false,"template":"","format":"standard","meta":{"_acf_changed":false,"footnotes":""},"categories":[21],"tags":[],"class_list":["post-5567","post","type-post","status-publish","format-standard","has-post-thumbnail","hentry","category-implicare-in-educatie"],"acf":[],"_links":{"self":[{"href":"https:\/\/teachforromania.org\/en\/wp-json\/wp\/v2\/posts\/5567","targetHints":{"allow":["GET"]}}],"collection":[{"href":"https:\/\/teachforromania.org\/en\/wp-json\/wp\/v2\/posts"}],"about":[{"href":"https:\/\/teachforromania.org\/en\/wp-json\/wp\/v2\/types\/post"}],"author":[{"embeddable":true,"href":"https:\/\/teachforromania.org\/en\/wp-json\/wp\/v2\/users\/1"}],"replies":[{"embeddable":true,"href":"https:\/\/teachforromania.org\/en\/wp-json\/wp\/v2\/comments?post=5567"}],"version-history":[{"count":9,"href":"https:\/\/teachforromania.org\/en\/wp-json\/wp\/v2\/posts\/5567\/revisions"}],"predecessor-version":[{"id":10510,"href":"https:\/\/teachforromania.org\/en\/wp-json\/wp\/v2\/posts\/5567\/revisions\/10510"}],"wp:featuredmedia":[{"embeddable":true,"href":"https:\/\/teachforromania.org\/en\/wp-json\/wp\/v2\/media\/9878"}],"wp:attachment":[{"href":"https:\/\/teachforromania.org\/en\/wp-json\/wp\/v2\/media?parent=5567"}],"wp:term":[{"taxonomy":"category","embeddable":true,"href":"https:\/\/teachforromania.org\/en\/wp-json\/wp\/v2\/categories?post=5567"},{"taxonomy":"post_tag","embeddable":true,"href":"https:\/\/teachforromania.org\/en\/wp-json\/wp\/v2\/tags?post=5567"}],"curies":[{"name":"wp","href":"https:\/\/api.w.org\/{rel}","templated":true}]}}