{"id":5563,"date":"2022-07-29T08:17:56","date_gmt":"2022-07-29T08:17:56","guid":{"rendered":"https:\/\/teachforromania.org\/?p=5563"},"modified":"2022-09-22T11:26:27","modified_gmt":"2022-09-22T11:26:27","slug":"teach-for-romania-pregateste-profesori-pentru-cariera-didactica","status":"publish","type":"post","link":"https:\/\/teachforromania.org\/en\/teach-for-romania-pregateste-profesori-pentru-cariera-didactica\/","title":{"rendered":"[Comunicat de pres\u0103] Teach for Romania preg\u0103te\u0219te profesori pentru cariera didactic\u0103"},"content":{"rendered":"\t\t<div data-elementor-type=\"wp-post\" data-elementor-id=\"5563\" class=\"elementor elementor-5563\" data-elementor-post-type=\"post\">\n\t\t\t\t\t\t<section class=\"elementor-section elementor-top-section elementor-element elementor-element-28900fa7 elementor-section-boxed elementor-section-height-default elementor-section-height-default\" data-id=\"28900fa7\" data-element_type=\"section\">\n\t\t\t\t\t\t<div class=\"elementor-container elementor-column-gap-default\">\n\t\t\t\t\t<div class=\"elementor-column elementor-col-100 elementor-top-column elementor-element elementor-element-6ffd5c52\" data-id=\"6ffd5c52\" data-element_type=\"column\">\n\t\t\t<div class=\"elementor-widget-wrap elementor-element-populated\">\n\t\t\t\t\t\t<div class=\"elementor-element elementor-element-7f55e5a4 elementor-widget elementor-widget-text-editor\" data-id=\"7f55e5a4\" data-element_type=\"widget\" data-widget_type=\"text-editor.default\">\n\t\t\t\t<div class=\"elementor-widget-container\">\n\t\t\t\t\t\t\t\t\t<p>\u00cen perioada 4 iulie \u2013 7 august 2022, Teach for Romania organizeaz\u0103 Academia de Leadership \u0219i Pedagogie, singurul program de formare dedicat profesorilor care predau \u00een comunit\u0103\u021bi vulnerabile. Provoc\u0103rile ultimilor ani, al\u0103turi de studii \u00eengrijor\u0103toare, ne-au ar\u0103tat c\u00e2t de mult\u0103 \u00a0nevoie avem de oameni bine preg\u0103ti\u021bi pentru cariera didactic\u0103 pentru a putea produce \u00eempreun\u0103 schimb\u0103rile sistemice \u00een educa\u021bie, mai ales pentru copiii din medii vulnerabile, care au cea mai mare nevoie.<\/p><p>\u00a0<\/p><p><strong>Refresh pentru profesori. Restart pentru societate.\u00a0<\/strong><\/p><p>\u00cen Rom\u00e2nia: 1 din 5 elevi din mediul rural abandoneaz\u0103 \u0219coala; peste 200,000 de copii sufer\u0103 de bullying \u00een \u0219coli, adic\u0103 experimenteaz\u0103 excludere, umilire, amenin\u021b\u0103ri, violen\u021b\u0103 fizic\u0103 \u0219i verbal\u0103; jum\u0103tate din copiii Rom\u00e2niei sunt la risc de s\u0103r\u0103cie \u0219i excluziune social\u0103, cu \u0219anse reduse de a-\u0219i construi un viitor.<\/p><p><strong>Provoc\u0103rile din educa\u021bie sunt at\u00e2t de complexe, \u00eenc\u00e2t e nevoie de un \u00eentreg ecosistem care pune copilul \u00een centru, pentru a vedea rezultate acolo unde conteaz\u0103.<\/strong><strong>\u00a0<\/strong> Avem nevoie de formarea unei noi serii de profesori cu viziune, oamenii cu viziune, care vor s\u0103 se implice \u00een educa\u021bia din Rom\u00e2nia. Oameni care, pe termen lung, prin rolurile lor, vor contribui la transformarea educa\u021biei \u00een favoarea elevului \u0219i vor ajuta copiii s\u0103 \u00ee\u0219i ating\u0103 poten\u021bialul, pornind de la cei mai vulnerabili.\u00a0\u00cen acest sens, ne propunem dezvoltarea urm\u0103toarelor competen\u021be:<\/p><ul><li>Self-leadership: autocunoa\u0219tere, reflec\u021bie \u0219i autodep\u0103\u0219ire;<\/li><li>Rezilien\u021b\u0103: mentalitate de cre\u0219tere, gestionarea provoc\u0103rilor\/ac\u021biune;<\/li><li>G\u00e2ndire strategic\u0103: g\u00e2ndire analitic\u0103, rezolvare de probleme \u0219i luare de decizii;<\/li><li>Construire de rela\u021bii: colaborare, comunicare asertiv\u0103\/nonviolent\u0103;<\/li><li>\u00cenv\u0103\u021bare strategic\u0103: cultura reu\u0219itei, planificare, evaluare \u0219i gestionarea experien\u021bei de \u00eenv\u0103\u021bare.<\/li><\/ul><p>\u00a0<\/p><p>Ne propunem s\u0103 contur\u0103m o comunitate \u00eenchegat\u0103, bazat\u0103 pe \u00eencredere, \u00een care participan\u021bii cer \u0219i ofer\u0103 ajutorul, construiesc solu\u021bii \u00eempreun\u0103 \u0219i se sus\u021bin reciproc.<\/p><p><strong><em>\u201e<\/em><\/strong><em><strong>Academia de Leadership \u0219i Pedagogie<\/strong> <strong>este inima programului Teach for Romania.<\/strong> Pentru c\u0103 de-aici porne\u0219te magia. Aici \u00eenv\u0103\u021b\u0103m s\u0103 fim \u00eempreun\u0103. \u00cenv\u0103\u021b\u0103m s\u0103 ne vedem cu adev\u0103rat. S\u0103 ne auzim cu adev\u0103rat. S\u0103 ne sus\u021binem cu adev\u0103rat. \u00cenv\u0103\u021b\u0103m curajul de a fi vulnerabili \u0219i imperfec\u021bi. \u00cenv\u0103\u021b\u0103m bucuria de a fi ast\u0103zi mai buni dec\u00e2t am fost ieri. \u00cenv\u0103\u021b\u0103m pentru c\u0103 noi \u0219tim c\u0103 misiunea noastr\u0103 nu este despre a salva oameni, fie ei copii sau adul\u021bi. Nici despre a-i repara. Nici despre a le ar\u0103ta drumul. Ci este despre a-i ajuta s\u0103 se descopere, s\u0103 creasc\u0103, s\u0103-\u0219i doreasc\u0103 \u0219i s\u0103 poat\u0103 mai mult. E despre a le fi al\u0103turi c\u00e2nd au cea mai mare nevoie de noi. \u0218i alegem s\u0103 facem asta pentru c\u0103 noi \u0219tim c\u0103 viitorul se construie\u0219te acum. \u00cen s\u0103lile noastre de clas\u0103. \u0218i c\u0103 el va fi pe m\u0103sura contribu\u021biei fiec\u0103ruia dintre noi\u201d,<\/em> spune Mirela \u0218te\u021bco, Director Training, Teach for Romania.<\/p><p><em>\u201ePreg\u0103tirea oferit\u0103 \u00een Academie este doar startul unei experien\u021be de \u00eenv\u0103\u021bare menite s\u0103 \u00eei ajute pe participan\u021bii \u00een program \u0219i alumnii Teach for Romania s\u0103 schimbe traseul de via\u021b\u0103 al copiilor din comunit\u0103\u021bi vulnerabile \u0219i s\u0103 contribuie astfel la schimbarea sistemic\u0103 de care e nevoie.<\/em><\/p><p><em>\u00cen Academie descoperim c\u0103 \u00eenv\u0103\u021barea este produsul leadership-ului colectiv \u0219i c\u0103 \u00eenv\u0103\u021barea autentic\u0103, de tip transforma\u021bional, se \u00eent\u00e2mpl\u0103 doar atunci c\u00e2nd privim copilul ca \u00eentreg \u0219i \u00eel implic\u0103m \u00een proces. <\/em><\/p><p><em>\u00cenv\u0103\u021b\u0103m, al\u0103turi de elevi \u0219i p\u0103rin\u021bi, cum s\u0103 dezvolt\u0103m con\u0219tient \u00een clas\u0103 o cultur\u0103 a reu\u0219itei, \u00een m\u0103sur\u0103 s\u0103 ofere siguran\u021b\u0103 \u0219i apartenen\u021b\u0103, cum s\u0103 ne construim obiective \u0219i ne \u021binem de ele, cum s\u0103 ne monitoriz\u0103m progresul \u0219i s\u0103 celebr\u0103m micile victorii, cum s\u0103 readucem \u00een sala de clas\u0103 curiozitatea, respect\u00e2nd felul \u00een care creierul \u00eenva\u021b\u0103 \u0219i d\u00e2nd timp \u0219i resurse pentru explorare, testare\/practicare, toate acestea fiind elemente integrate care \u0219lefuiesc cariera didactic\u0103\u201d, <\/em>adaug\u0103 Iulia Pielmu\u0219, Director Executiv, Teach for Romania. <img fetchpriority=\"high\" decoding=\"async\" class=\"aligncenter wp-image-15741 size-large\" src=\"https:\/\/teachforromania.org\/wp-content\/uploads\/Foto-Felicia-Simion-1024x683.jpg\" alt=\"\" width=\"1024\" height=\"683\" \/><\/p><p><strong>Despre Academia de Leadership \u0219i Pedagogie<\/strong><\/p><p>Academia de Leadership \u0219i Pedagogie are loc timp de 5 s\u0103pt\u0103m\u00e2ni, \u00een format hibrid &#8211; online \u0219i \u00een format fizic, la \u0218coala Gimnazial\u0103 din Mironeasa din jude\u021bul Ia\u0219i, \u0219i reprezint\u0103 formarea ini\u021bial\u0103 de \u00eenv\u0103\u021bare accelerat\u0103 \u00een care a\u0219ez\u0103m funda\u021bia pentru cariera didactic\u0103, pentru cei 78 de noi participan\u021bi \u00een program.<\/p><p>Traseul propus participan\u021bilor este organizat \u00een 3 module interconectate, cu un puternic caracter experien\u021bial:<\/p><p><strong><em>Gestionarea sinelui<\/em> <\/strong>\u0219i <strong><em>Gestionarea schimb\u0103rii<\/em><\/strong>, cu o incursiune \u00een propriile nevoi, valori, credin\u021be limitative \u0219i cu solu\u021bii practice de autoreglare, comunicare nonviolent\u0103 \u0219i rela\u021bionare productiv\u0103;<\/p><p><strong> <em>Gestionarea \u00eenv\u0103\u021b\u0103rii<\/em><\/strong>, dinspre teorie spre experien\u021ba practic\u0103, cu o \u00een\u021belegere corect\u0103 a cadrului conceptual pedagogic, cu un laborator metodic \u00een care oferim planificare asistat\u0103, modelare, context de simulare \u0219i feedback aplicat, constructiv.<\/p><p>Formarea ini\u021bial\u0103 se des\u0103v\u00e2r\u0219e\u0219te \u00een cele 10 zile de practic\u0103 pedagogic\u0103 supervizat\u0103, \u00een care participan\u021bii asist\u0103 zilnic la lec\u021bii, \u021bin lec\u021bii, analizeaz\u0103 \u00eempreun\u0103 cu mentorul lor comportamentul elevilor, planific\u0103, se consult\u0103 cu colegii de cancelarie, primesc \u0219i integreaz\u0103 feedback pe baza orelor de predare. Este perioada \u00een care se internalizeaz\u0103, se consolideaz\u0103 \u0219i se expandeaz\u0103 \u00eenv\u0103\u021barea, \u00een care participan\u021bii primesc sprijin specializat: mentorat aplicat, coaching adaptativ, acces la modele de bun\u0103 practic\u0103 \u0219i sus\u021binerea comunit\u0103\u021bii de \u00eenv\u0103\u021bare.<\/p><p>Pentru profesorii califica\u021bi oferim un modul de preg\u0103tire pentru titularizare, axat pe dou\u0103 componente: clarific\u0103ri conceptuale \u0219i procedurale, \u00een func\u021bie de nevoile de \u00eenv\u0103\u021bare exprimate de participan\u021bi \u0219i aplica\u021bii practice.<\/p><p>Preg\u0103tirea e diferen\u021biat\u0103 pe cicluri de studiu (educatori, \u00eenv\u0103\u021b\u0103tori \u0219i profesori) \u0219i este organizat\u0103 \u00een 2 tipuri de itera\u021bii: formare cu exper\u021bi \u0219i peer-learning. Formarea continu\u0103 pe acelea\u0219i 3 paliere at\u00e2t \u00een perioada stagiului de 2 ani, c\u00e2t \u0219i dup\u0103 finalizarea acestuia, \u00een func\u021bie de inten\u021biile de contribu\u021bie ale absolven\u021bilor programului.<\/p><p>Academia de Leadership \u0219i Pedagogie este posibil\u0103 mul\u021bumit\u0103 partenerilor UiPath Foundation, UniCredit Bank, PEPCO Rom\u00e2nia, LIDL Rom\u00e2nia, Re\u021beaua privat\u0103 de s\u0103n\u0103tate &#8211; Regina Maria \u0219i Facultatea de Psihologie \u0219i \u0218tiin\u021bele Educa\u021biei &#8211; Universitatea din Bucure\u0219ti. Mai multe detalii despre Academie se reg\u0103sesc pe <a href=\"http:\/\/www.teachforromania.org\">www.teachforromania.org<\/a>.<\/p><p>\u00a0<\/p><p><strong>Despre Teach for Romania<\/strong><\/p><p><a href=\"http:\/\/www.teachforromania.org\/\"><em>Teach for Romania<\/em><\/a><em> este o organiza\u021bie non-guvernamental\u0103, care de 8 ani recruteaz\u0103 \u0219i preg\u0103te\u0219te oameni valoro\u0219i ca s\u0103 devin\u0103 profesori \u0219i \u00eenv\u0103\u021b\u0103tori \u00een \u0219colile publice din Rom\u00e2nia, pornind de la cele mai dificile comunit\u0103\u021bi. <\/em><\/p><p><em>La Teach for Romania, noi credem c\u0103 fiecare copil din Rom\u00e2nia are dreptul \u0219i poate s\u0103 aib\u0103 parte de o educa\u021bie de calitate, al\u0103turi de un profesor sau un \u00eenv\u0103\u021b\u0103tor care crede \u00een el.<\/em> <em>\u00cen anul \u0219colar 2021-2022, 118 cadre didactice fac parte din programul nostru \u0219i predau \u00een 94 de \u0219coli, din 22 de jude\u021be. <\/em><\/p><p><em>Ne bucur\u0103m c\u0103, din comunitatea noastr\u0103 de 176 alumni, absolven\u021bi ai programului, jum\u0103tate au ales <\/em><em>s\u0103 r\u0103m\u00e2n\u0103 la catedr\u0103 \u00een \u0219coli publice din Rom\u00e2nia, dezvolt\u00e2nd \u0219i inov\u00e2nd cultura organiza\u021bional\u0103 a acestora. \u00centreaga noastr\u0103 comunitate de profesori ajunge astfel la aproximativ 20 000 de copii.<\/em><\/p>\t\t\t\t\t\t\t\t<\/div>\n\t\t\t\t<\/div>\n\t\t\t\t\t<\/div>\n\t\t<\/div>\n\t\t\t\t\t<\/div>\n\t\t<\/section>\n\t\t\t\t<\/div>\n\t\t","protected":false},"excerpt":{"rendered":"<p>\u00cen perioada 4 iulie \u2013 7 august 2022, Teach for Romania organizeaz\u0103 Academia de Leadership \u0219i Pedagogie, singurul program de formare dedicat profesorilor care predau \u00een comunit\u0103\u021bi vulnerabile. Provoc\u0103rile ultimilor ani, al\u0103turi de studii \u00eengrijor\u0103toare, ne-au ar\u0103tat c\u00e2t de mult\u0103 \u00a0nevoie avem de oameni bine preg\u0103ti\u021bi pentru cariera didactic\u0103 pentru a putea produce \u00eempreun\u0103 schimb\u0103rile [&hellip;]<\/p>\n","protected":false},"author":1,"featured_media":9675,"comment_status":"open","ping_status":"open","sticky":false,"template":"","format":"standard","meta":{"_acf_changed":false,"footnotes":""},"categories":[1431,21],"tags":[1036,1321,1198,1345,982],"class_list":["post-5563","post","type-post","status-publish","format-standard","has-post-thumbnail","hentry","category-comunicat-de-presa","category-implicare-in-educatie","tag-academia-de-leadership-si-pedagogie","tag-comunicat-de-presa","tag-iulia-pielmus","tag-mirela-stetco","tag-teach-for-romania"],"acf":[],"_links":{"self":[{"href":"https:\/\/teachforromania.org\/en\/wp-json\/wp\/v2\/posts\/5563","targetHints":{"allow":["GET"]}}],"collection":[{"href":"https:\/\/teachforromania.org\/en\/wp-json\/wp\/v2\/posts"}],"about":[{"href":"https:\/\/teachforromania.org\/en\/wp-json\/wp\/v2\/types\/post"}],"author":[{"embeddable":true,"href":"https:\/\/teachforromania.org\/en\/wp-json\/wp\/v2\/users\/1"}],"replies":[{"embeddable":true,"href":"https:\/\/teachforromania.org\/en\/wp-json\/wp\/v2\/comments?post=5563"}],"version-history":[{"count":10,"href":"https:\/\/teachforromania.org\/en\/wp-json\/wp\/v2\/posts\/5563\/revisions"}],"predecessor-version":[{"id":11277,"href":"https:\/\/teachforromania.org\/en\/wp-json\/wp\/v2\/posts\/5563\/revisions\/11277"}],"wp:featuredmedia":[{"embeddable":true,"href":"https:\/\/teachforromania.org\/en\/wp-json\/wp\/v2\/media\/9675"}],"wp:attachment":[{"href":"https:\/\/teachforromania.org\/en\/wp-json\/wp\/v2\/media?parent=5563"}],"wp:term":[{"taxonomy":"category","embeddable":true,"href":"https:\/\/teachforromania.org\/en\/wp-json\/wp\/v2\/categories?post=5563"},{"taxonomy":"post_tag","embeddable":true,"href":"https:\/\/teachforromania.org\/en\/wp-json\/wp\/v2\/tags?post=5563"}],"curies":[{"name":"wp","href":"https:\/\/api.w.org\/{rel}","templated":true}]}}