{"id":4928,"date":"2022-05-16T14:36:36","date_gmt":"2022-05-16T14:36:36","guid":{"rendered":"https:\/\/dev3.atelieru.ro\/tfr\/\/?p=15283"},"modified":"2022-09-08T14:16:30","modified_gmt":"2022-09-08T14:16:30","slug":"podcast-teach-la-fata-locului-episodul-13","status":"publish","type":"post","link":"https:\/\/teachforromania.org\/en\/podcast-teach-la-fata-locului-episodul-13\/","title":{"rendered":"[Podcast] Teach la fa\u021ba locului \u2013 episodul 13"},"content":{"rendered":"\t\t<div data-elementor-type=\"wp-post\" data-elementor-id=\"4928\" class=\"elementor elementor-4928\" data-elementor-post-type=\"post\">\n\t\t\t\t\t\t<section class=\"elementor-section elementor-top-section elementor-element elementor-element-22c3710b elementor-section-boxed elementor-section-height-default elementor-section-height-default\" data-id=\"22c3710b\" data-element_type=\"section\">\n\t\t\t\t\t\t<div class=\"elementor-container elementor-column-gap-default\">\n\t\t\t\t\t<div class=\"elementor-column elementor-col-100 elementor-top-column elementor-element elementor-element-3a92ec2\" data-id=\"3a92ec2\" data-element_type=\"column\">\n\t\t\t<div class=\"elementor-widget-wrap elementor-element-populated\">\n\t\t\t\t\t\t<div class=\"elementor-element elementor-element-7b22a996 elementor-widget elementor-widget-text-editor\" data-id=\"7b22a996\" data-element_type=\"widget\" data-widget_type=\"text-editor.default\">\n\t\t\t\t<div class=\"elementor-widget-container\">\n\t\t\t\t\t\t\t\t\t<iframe src=\"https:\/\/widget.spreaker.com\/player?show_id=4779439&amp;theme=light&amp;playlist=false&amp;playlist-continuous=false&amp;chapters-image=true&amp;episode_image_position=right&amp;hide-likes=false&amp;hide-comments=false&amp;hide-sharing=false&amp;hide-logo=false&amp;hide-download=true\" width=\"100%\" height=\"200px\" frameborder=\"0\"><\/iframe><p><em>un podcast Teach for Romania, prezentat de\u00a0<a href=\"https:\/\/www.unicredit.ro\/ro\/persoane-fizice.html#home\">Unicredit Bank<\/a><\/em><\/p><p>Podcast disponibil pe\u00a0<a href=\"https:\/\/podcasts.apple.com\/us\/podcast\/teach-la-fa%C8%9Ba-locului\/id1552744505?uo=4\">Apple Podcast<\/a>,\u00a0<a href=\"https:\/\/open.spotify.com\/show\/2jhE0dgZELdHTNxBNdDm76\">Spotify,\u00a0<\/a><a href=\"https:\/\/www.google.com\/podcasts?feed=aHR0cHM6Ly93d3cuc3ByZWFrZXIuY29tL3Nob3cvNDc3OTQzOS9lcGlzb2Rlcy9mZWVk\">Google Podcasts\u00a0<\/a>\u0219i\u00a0<a href=\"https:\/\/www.deezer.com\/show\/2282752\">Deezer<\/a><\/p><p><strong>Oamenii de la Gala Profesorul Anului din mediul rural<\/strong><\/p><p>\u00cen mediul rural, 1 din 4 elevi renun\u021b\u0103 la \u0219coal\u0103 p\u00e2n\u0103 la finalul ciclului gimnazial. Mai mult, cam 300.000 de copii de v\u00e2rst\u0103 \u0219colar\u0103 nu merg la \u0219coal\u0103. At\u00e2\u021bia copii se nasc \u00een Rom\u00e2nia \u00een doi ani.<\/p><p>S\u0103r\u0103cia \u00eei face pe jum\u0103tate din copiii Rom\u00e2niei s\u0103 fie la risc de excluziune social\u0103, cu \u0219anse reduse de a-\u0219i construi un viitor. Iar statisticile ne mai arat\u0103 \u0219i c\u0103 procentul elevilor care ob\u021bin medii sub 5 la Evaluarea Na\u021bional\u0103 este dublu \u00een mediul rural comparativ cu cel urban.<\/p><p>Statisticile sunt de-a dreptul \u00eengrijor\u0103toare. Dincolo de infrastructur\u0103 sau decizii politice, profesorii sunt cei care pot s\u0103 schimbe aceste date. \u0218i exemplele de oameni care schimb\u0103 viitorul merit\u0103 spuse. De aceea, Teach for Romania a organizat la Ia\u0219i, la final de martie, Gala Profesorul Anului din mediul rural, un eveniment \u00een care a premiat, dintre cei peste 300 de nominaliza\u021bi, 5 profesori cu adev\u0103rat inspira\u021bionali care ajut\u0103 copiii din mediile dezavantajate s\u0103 viseze.<\/p><p><strong>Au nevoie de o sc\u00e2nteie. \u0218i at\u00e2t!<\/strong><\/p><p>Ast\u0103zi st\u0103m de vorb\u0103 cu 3 dintre ei \u0219i le descoperim pove\u0219tile, dincolo de emo\u021biile de la Gal\u0103. Aurora Enache este profesor la Liceul Teoretic \u201eLasc\u0103r Rosetti\u201d R\u0103duc\u0103neni, jude\u021bul Ia\u015fi, \u0219i a c\u00e2\u0219tigat la Categoria Dezvoltarea leadershipului la elevi. Aurora pred\u0103 logic\u0103, psihologie \u0219i economie.<\/p><p>\u201eOrice or\u0103 ar trebui s\u0103 fie o or\u0103 \u00een care profesorul trebuie s\u0103 fie lider\u201d. Ea crede \u00een parteneriat, o bun\u0103 preg\u0103tire \u00eenainte \u0219i \u00een a \u00eei asculta pe cei din jur.<\/p><p>A\u0219a arat\u0103 un lider \u00eentr-o clas\u0103 din mediul rural. Aurora e mereu cald\u0103 cu elevii \u0219i, dup\u0103 cum ne-a spus, \u0219i atunci c\u00e2nd d\u0103 o not\u0103 de 3, o face cu bl\u00e2nde\u021be. Iar secretul, un bun e profesor e s\u0103 vin\u0103 mereu la \u0219coal\u0103 cu energie bun\u0103. \u00cei iese pentru c\u0103 \u00eei place aceast\u0103 meserie foarte mult. De fiecare dat\u0103 pleac\u0103 cu bucurie de acas\u0103 \u0219i \u00ee\u0219i face o \u201eigien\u0103 a min\u021bii\u201d \u00eenainte de a pleca. \u00ce\u0219i ia mereu diminea\u021ba o jum\u0103tate de or\u0103 doar pentru ea, chiar dac\u0103 asta \u00eenseamn\u0103 c\u0103 se treze\u0219te la 4.30. \u00cen clas\u0103, mereu testeaz\u0103 starea elevilor \u0219i \u00eencearc\u0103 s\u0103 le ridice moralul, de fiecare dat\u0103. Aurora crede c\u0103 totul pleac\u0103 de la dorin\u021ba de a ac\u021biona \u0219i de a schimba ce e \u00een jurul t\u0103u. \u201eAu nevoie de o sc\u00e2nteie. \u0218i at\u00e2t!\u201d<\/p><p>Mi-a pl\u0103cut c\u00e2nd a spus c\u0103 de fapt elevii fac ora, nu profesorul. Aurora \u0219tie s\u0103 inspire clasa \u0219i totul \u00eencepe de la rela\u021bia pe care o cl\u0103de\u0219te cu elevii. \u201eDac\u0103 nu mizezi pe rela\u021bie, caut\u0103-\u021bi o alt\u0103 meserie!\u201d. Aristotel spunea c\u0103 socialibilatea este una dintre tr\u0103s\u0103turile omului. \u201eSunt foarte apropiat\u0103 de elevii mei. Sunt copiii \u0219i prietenii mei.\u201d Aurora nu se teme niciodat\u0103 s\u0103 lase garda jos \u0219i chiar s\u0103 fie vulnerabil\u0103. \u201eLa \u00eenceput copiii sunt rezisten\u021bi, dar eu sunt mai \u00eenc\u0103p\u0103\u021b\u00e2nat\u0103 dec\u00e2t ei!\u201d<\/p><p><strong>Rela\u021bia copiilor cu \u0219coala<\/strong><\/p><p>Romeo Bolohan este c\u00e2\u0219tig\u0103torul Galei la Categoria \u201eDezvoltarea abilit\u0103\u021bilor socio-emo\u021bionale\u201d . El pred\u0103 educa\u021bie tehnologic\u0103 la Liceul Tehnologic \u201eMihai Eminescu\u201d din Dumbr\u0103veni, jude\u021bul Suceava. Hai s\u0103 vedem cum reu\u0219e\u0219te s\u0103 \u00eembine tehnologia cu abilit\u0103\u021bile socio-emo\u021bionale. \u201eElevii mei scriu doar jum\u0103tate de pagin\u0103! Eu m\u0103 axez mult pe partea practic\u0103! De exemplu, lec\u021bia trecut\u0103 am avut drepturile consumatorului. Le-am dus foi\u021be cu QR code \u0219i au trebuit s\u0103 identifice ce drepturi se ascund \u00een spatele codurilor.\u201d<\/p><p>Pentru Romeo, implicarea \u00een via\u021ba elevilor nu se opre\u0219te doar la orele din program\u0103. El vrea ca \u0219coala s\u0103 fie relevant\u0103 \u00een via\u021ba copiilor \u0219i de aceea a ini\u021biat mai multe cluburi: de ecologie, de dezvoltare a abilit\u0103\u021bilor, de vacan\u021b\u0103 sau de origami. \u201eCopiii au nevoia s\u0103 fie lega\u021bi de \u0219coal\u0103, \u00eentr-un fel sau altul. A\u0219a fac pasul mai u\u0219or spre educa\u021bie.\u201d<\/p><p>E important ca un elev s\u0103 aib\u0103 o rela\u021bie s\u0103n\u0103toas\u0103 cu \u0219coala. Dar cum \u00ee\u0219i d\u0103 seama un profesor de aceast\u0103 nevoie \u0219i cum s-a \u00eent\u00e2mplat schimbarea la nivel personal, ne spune Romeo. \u00cen 2001, c\u00e2nd \u0219i-a \u00eenceput cariera avea deja experien\u021ba de la Salva\u021bi Copiii \u00een interac\u021biunea la clas\u0103. Totu\u0219i, era un profesor care preda teorie \u0219i at\u00e2t. Dup\u0103 vreo 8 ani a \u00eenceput s\u0103 se concentreze pe partea practic\u0103. De atunci se \u00een\u021belege mai bine cu copiii.<\/p><p><strong>O directoare ca o mam\u0103<\/strong><\/p><p>Al treilea invitat de ast\u0103zi a avut 12 nominaliz\u0103ri la Gala, de la 12 persoane diferite. Daniela Maria Arion este director la \u0218coala Gimnazial\u0103 \u201eMihai Vod\u0103\u201d din jude\u021bul Cluj \u0219i c\u00e2\u0219tig\u0103tor la Categoria \u201ePrevenirea abandonului \u0219colar\u201d. Daniela e ca o mam\u0103. \u00ce\u0219i dore\u0219te ca toat\u0103 lumea s\u0103 z\u00e2mbeasc\u0103 \u0219i s\u0103 aib\u0103 tot ce au nevoie. \u00cei place s\u0103 lucreze cu copiii \u00een proiecte de tot felul. Are ini\u021biativ\u0103 \u0219i rezolv\u0103 zilnic sute de probleme, \u00een toate cele 5 cl\u0103diri ale \u0219colii. \u201eDe asta ne-am f\u0103cut profesori, nu?\u201d<\/p><p>Daniela este de 22 ani profesor \u00een \u0219coal\u0103 \u0219i de 7 ani o conduce. E foarte lung\u0103 lista de realiz\u0103ri, dar scopul ei principal este s\u0103 s\u0103 \u00eei \u021bin\u0103 pe copii aproape de \u0219coal\u0103, pentru a putea s\u0103 aib\u0103 un viitor mai bun. A pus pe picioare un proiect de monitorizare a absen\u021belor \u00eenc\u0103 din vremea \u00een care era doar profesor. Urm\u0103re\u0219te cazul fiec\u0103rui copil, discut\u0103 cu profesorii \u0219i p\u0103rin\u021bii \u0219i \u00eencearc\u0103 cu orice pre\u021b s\u0103 previn\u0103 abandonul. Mai mult, \u00eei \u00eencurajeaz\u0103 s\u0103 \u00ee\u0219i continue studiile dup\u0103 8 clase.<\/p><p>I-am \u00eentrebat pe profesorii invita\u021bi care e cel mai important lucru pe care trebuie s\u0103 \u00eel aib\u0103 \u00een vedere un profesor \u00een mediu rural. Provoc\u0103rile sunt cu siguran\u021b\u0103 multe, dar r\u0103spunsurile lor ne fac s\u0103 credem c\u0103 dincolo de orice, exist\u0103 speran\u021b\u0103 pentru to\u021bi copiii. Daniela crede c\u0103 e important s\u0103 nu \u00ee\u021bi pierzi niciodat\u0103 optimismul \u0219i s\u0103 \u00eencerci s\u0103 asiguri copiilor toate condi\u021biile pentru o educa\u021bie de calitate. Romeo e de p\u0103rere c\u0103 trebuie s\u0103 dezvol\u021bi valori \u0219i stim\u0103 de sine la copii. A\u0219a le po\u021bi da aripi copiilor. Pentru Aurora, rezilien\u021ba este o caracteristc\u0103 esen\u021bial\u0103, chiar dac\u0103 munca unui profesor de la sat e de dou\u0103 ori mai complicat\u0103.<\/p><p>Ceilal\u021bi doi c\u00e2\u0219tig\u0103tori ai Galei sunt:<\/p><p>Categoria \u201eDezvoltarea litera\u021biei\u201d: Adina Popa \u2013 \u00eenv\u0103\u021b\u0103tor, \u0218coala Gimnazial\u0103 Basarabi, jude\u021bul Suceava;<\/p><p>Categoria \u201eImplicare \u00een comunitate\u201d: Ioana Diaconu \u2013 profesor, \u0218coala de industrie alimentar\u0103 \u021aibana, jude\u021bul Ia\u015fi.<\/p><p>Prima edi\u021bie a Galei Profesorul Anului \u00een mediul rural a pus accent pe calitatea educa\u021biei \u0219i pe promovarea cadrelor didactice care cred \u00een poten\u021bialul fiec\u0103rui copil, \u0219i le ofer\u0103 \u0219ansa la un viitor mai bun prin educa\u021bie.<\/p><p>Pute\u021bi urm\u0103ri \u00eenregistrarea Galei pe canalul nostru de Facebook \u0219i clipuri cu profesorii c\u00e2\u0219tig\u0103tori pe Canalul de Youtube.<\/p><h4 style=\"text-align: center;\"><a href=\"https:\/\/teachforromania.us9.list-manage.com\/subscribe?u=74b827aa100449573980457ff&amp;id=f2376993ca\">Aboneaz\u0103-te la newsletterul nostru pentru a afla ce mai facem \u00een Teach for Romania.<\/a><\/h4>\t\t\t\t\t\t\t\t<\/div>\n\t\t\t\t<\/div>\n\t\t\t\t\t<\/div>\n\t\t<\/div>\n\t\t\t\t\t<\/div>\n\t\t<\/section>\n\t\t\t\t<\/div>\n\t\t","protected":false},"excerpt":{"rendered":"<p>un podcast Teach for Romania, prezentat de\u00a0Unicredit Bank Podcast disponibil pe\u00a0Apple Podcast,\u00a0Spotify,\u00a0Google Podcasts\u00a0\u0219i\u00a0Deezer Oamenii de la Gala Profesorul Anului din mediul rural \u00cen mediul rural, 1 din 4 elevi renun\u021b\u0103 la \u0219coal\u0103 p\u00e2n\u0103 la finalul ciclului gimnazial. Mai mult, cam 300.000 de copii de v\u00e2rst\u0103 \u0219colar\u0103 nu merg la \u0219coal\u0103. At\u00e2\u021bia copii se nasc \u00een [&hellip;]<\/p>\n","protected":false},"author":2,"featured_media":9559,"comment_status":"closed","ping_status":"closed","sticky":false,"template":"","format":"standard","meta":{"_acf_changed":false,"footnotes":""},"categories":[18],"tags":[11,1426,1409,1421,1303,1195,1416,1320,1304,1270],"class_list":["post-4928","post","type-post","status-publish","format-standard","has-post-thumbnail","hentry","category-profesori-si-alumni","tag-abandon-scolar","tag-aurora-enache","tag-daniela-arion","tag-leadership-la-elevi","tag-podcast-teach-for-romania","tag-povesti-din-scoala","tag-romeo-bolohan","tag-sel","tag-teach-la-fata-locului","tag-unicredit-bank"],"acf":[],"_links":{"self":[{"href":"https:\/\/teachforromania.org\/en\/wp-json\/wp\/v2\/posts\/4928","targetHints":{"allow":["GET"]}}],"collection":[{"href":"https:\/\/teachforromania.org\/en\/wp-json\/wp\/v2\/posts"}],"about":[{"href":"https:\/\/teachforromania.org\/en\/wp-json\/wp\/v2\/types\/post"}],"author":[{"embeddable":true,"href":"https:\/\/teachforromania.org\/en\/wp-json\/wp\/v2\/users\/2"}],"replies":[{"embeddable":true,"href":"https:\/\/teachforromania.org\/en\/wp-json\/wp\/v2\/comments?post=4928"}],"version-history":[{"count":3,"href":"https:\/\/teachforromania.org\/en\/wp-json\/wp\/v2\/posts\/4928\/revisions"}],"predecessor-version":[{"id":10570,"href":"https:\/\/teachforromania.org\/en\/wp-json\/wp\/v2\/posts\/4928\/revisions\/10570"}],"wp:featuredmedia":[{"embeddable":true,"href":"https:\/\/teachforromania.org\/en\/wp-json\/wp\/v2\/media\/9559"}],"wp:attachment":[{"href":"https:\/\/teachforromania.org\/en\/wp-json\/wp\/v2\/media?parent=4928"}],"wp:term":[{"taxonomy":"category","embeddable":true,"href":"https:\/\/teachforromania.org\/en\/wp-json\/wp\/v2\/categories?post=4928"},{"taxonomy":"post_tag","embeddable":true,"href":"https:\/\/teachforromania.org\/en\/wp-json\/wp\/v2\/tags?post=4928"}],"curies":[{"name":"wp","href":"https:\/\/api.w.org\/{rel}","templated":true}]}}