{"id":4918,"date":"2022-03-17T12:48:43","date_gmt":"2022-03-17T12:48:43","guid":{"rendered":"https:\/\/dev3.atelieru.ro\/tfr\/\/?p=14822"},"modified":"2022-09-22T11:34:35","modified_gmt":"2022-09-22T11:34:35","slug":"comunicat-presa-teach-for-romania-anunta-cei-15-finalisti-ai-galei-profesorul-anului-din-mediul-rural","status":"publish","type":"post","link":"https:\/\/teachforromania.org\/en\/comunicat-presa-teach-for-romania-anunta-cei-15-finalisti-ai-galei-profesorul-anului-din-mediul-rural\/","title":{"rendered":"[Comunicat pres\u0103] Teach for Romania anun\u021b\u0103 cei 15 finali\u0219ti ai Galei Profesorul Anului din mediul rural"},"content":{"rendered":"\t\t<div data-elementor-type=\"wp-post\" data-elementor-id=\"4918\" class=\"elementor elementor-4918\" data-elementor-post-type=\"post\">\n\t\t\t\t\t\t<section class=\"elementor-section elementor-top-section elementor-element elementor-element-605d5e7e elementor-section-boxed elementor-section-height-default elementor-section-height-default\" data-id=\"605d5e7e\" data-element_type=\"section\">\n\t\t\t\t\t\t<div class=\"elementor-container elementor-column-gap-default\">\n\t\t\t\t\t<div class=\"elementor-column elementor-col-100 elementor-top-column elementor-element elementor-element-591729b9\" data-id=\"591729b9\" data-element_type=\"column\">\n\t\t\t<div class=\"elementor-widget-wrap elementor-element-populated\">\n\t\t\t\t\t\t<div class=\"elementor-element elementor-element-190989f6 elementor-widget elementor-widget-text-editor\" data-id=\"190989f6\" data-element_type=\"widget\" data-widget_type=\"text-editor.default\">\n\t\t\t\t<div class=\"elementor-widget-container\">\n\t\t\t\t\t\t\t\t\t<p>Teach for Romania a \u00eencheiat juriz\u0103rile pentru prima edi\u021bie a Galei Profesorul Anului din mediul rural 2022 \u0219i anun\u021b\u0103 care sunt cei 15 finali\u0219ti ai evenimentului, din cele 5 categorii de premiere. Pe 24 martie, \u00eencep\u00e2nd cu ora 17.00, la Palatul Culturii din Ia\u0219i, va avea loc evenimentul \u00een care vor fi anun\u021ba\u021bi c\u00e2\u0219tig\u0103torii.<\/p><p><strong><u>De ce ne dorim s\u0103 premiem profesorii din mediul rural?<\/u><\/strong><\/p><p>Aproape un sfert din fiecare genera\u021bie de elevi se pierde p\u00e2n\u0103 la sf\u00e2r\u0219itul ciclului gimnazial, \u00een mediul rural. Aproximativ 300.000 de copii de v\u00e2rst\u0103 \u0219colar\u0103 nu merg la \u0219coal\u0103. At\u00e2\u021bia copii se nasc \u00een Rom\u00e2nia \u00een doi ani. Mai mult dec\u00e2t at\u00e2t, aproape jum\u0103tate din copiii Rom\u00e2niei sunt la risc de s\u0103r\u0103cie \u0219i excluziune social\u0103, cu \u0219anse reduse de a-\u0219i construi un viitor. Statisticile ne mai arat\u0103 \u0219i c\u0103 procentul elevilor care ob\u021bin medii sub 5 la Evaluarea Na\u021bional\u0103 este dublu \u00een mediul rural comparativ cu cel urban.<\/p><p>Educa\u021bia din Rom\u00e2nia are nevoie de profesori lideri. E timpul s\u0103 ne \u00eentoarcem la a construi \u0219coala pe care copiii o merit\u0103 \u0219i s\u0103 le mul\u021bumim profesorilor \u0219i \u00eenv\u0103\u021b\u0103torilor din mediile dezavantajate pentru tot ce au f\u0103cut pentru viitorul nostru \u0219i al copiilor no\u0219tri.<\/p><p><strong><u>Categorii de premiere \u0219i finali\u0219ti: <\/u><\/strong><\/p><p>Dincolo de indicatorii vizibili privind nivelul ridicat de abandon \u0219colar, performan\u0163e academice foarte sc\u0103zute, violen\u0163a, resursele limitate \u2013 invocate adesea c\u00e2nd vine vorba despre \u0219colile din medii vulnerabile, profesorii din medii dezavantajate reu\u0219esc s\u0103 g\u0103seasc\u0103 solu\u021bii \u0219i s\u0103 creeze \u0219coal\u0103 relevant\u0103 pentru elevii lor. Lucrul acesta a fost identificat \u00een cele 310 nominaliz\u0103ri f\u0103cute de c\u0103tre p\u0103rin\u021bi, elevi, fo\u0219ti elevi, cadre didactice, directori, parteneri, la prima edi\u021bie a Galei Profesorul Anului din mediul rural.<\/p><p><strong>Categoria: Prevenirea abandonului \u0219colar<\/strong><\/p><ol><li>Daniela Maria Arion \u2013 director, \u0218coala Gimnazial\u0103 Mihai Vod\u0103, jude\u021bul Cluj<\/li><li>Gabriela Munteanu \u2013 profesor, \u0218coala Gimnazial\u0103 nr. 1 Hili\u0219eu Horia, jude\u021bul Boto\u015fani<\/li><li>Lenu\u021ba \u021aifrea \u2013 profesor, \u0218coala Gimnazial\u0103 Scarlat Longhin Dofteana, jude\u021bul Bac\u0103u<\/li><\/ol><p><strong>Categoria: Dezvoltarea litera\u021biei<\/strong><\/p><ol><li>Liliana Daniela Chivulescu \u2013 \u00eenv\u0103\u021b\u0103tor, \u0218coala Gimnazial\u0103 Nr. 2, Picior de Munte, jude\u021bul D\u00e2mbovi\u0163a<\/li><li>Ana Otomega-Dumitru \u2013 \u00eenv\u0103\u021b\u0103tor, \u0218coala General\u0103 K\u00e1d\u00e1r M\u00e1rton Cuie\u0219d, comuna P\u0103net, jude\u021bul Mure\u015f<\/li><li>Adina Popa \u2013 \u00eenv\u0103\u021b\u0103tor, \u0218coala Gimnazial\u0103 Basarabi, jude\u021bul Suceava<\/li><\/ol><p><strong>Categoria: Dezvoltarea abilit\u0103\u021bilor socio-emo\u021bionale<\/strong><\/p><ol><li>Romeo Bolohan \u2013 profesor, Liceul Tehnologic Mihai Eminescu, Dumbr\u0103veni, jude\u021bul Suceava<\/li><li>Alina Iuliana F\u0103inarea \u2013 consilier \u0219colar, Liceul Tehnologic nr. 1 Corod, jude\u021bul Gala\u0163i<\/li><li>Mirela-Viorica Vlad \u2013 profesor, \u0218coala Gimnazial\u0103 \u201eConstantin Iv\u0103nescu\u201d, Po\u0219ta-C\u00e2ln\u0103u, jude\u021bul Buz\u0103u<\/li><\/ol><p><strong>Categoria: Dezvoltarea leadership-ului la elevi<\/strong><\/p><ol><li>Diana Liliana Dumitrache \u2013 \u00eenv\u0103\u021b\u0103tor, \u0218coala Gimnazial\u0103 Nr.2 Padina, jude\u021bul Buz\u0103u<\/li><li>Aurora Enache \u2013 profesor, Liceul Teoretic \u201eLasc\u0103r Rosetti\u201d R\u0103duc\u0103neni, jude\u021bul Ia\u015fi<\/li><li>Pamela Alina Popa \u2013 profesor, \u0218coala Gimnazial\u0103 Pietroasa, jude\u021bul Timi\u015f<\/li><\/ol><p><strong>Categoria: Implicare \u00een comunitate<\/strong><\/p><ol><li>Roxana Giorgiana Costache \u2013 \u00eenv\u0103\u021b\u0103tor, \u0218coala Gimnazial\u0103 D\u00e2rza, comuna Crevedia, jude\u021bul D\u00e2mbovi\u0163a<\/li><li>Flavia Lorena Cut Lupulescu \u2013 director, \u0218coala Gimnazial\u0103 Boldur, jude\u021bul Timi\u015f<\/li><li>Ioana Diaconu \u2013 profesor, \u0218coala de industrie alimentar\u0103 \u021aibana, jude\u021bul Ia\u015fi<\/li><\/ol><p>\u00cen etapa de preselec\u021bii au fost implica\u021bi 50 de profesori, alumni \u0219i membri ai echipei Teach for Romania care au jurizat cele 310 de nominaliz\u0103ri, iar \u00een ultima etap\u0103 de jurizare au f\u0103cut parte 25 de speciali\u0219ti din: societatea civil\u0103, exper\u021bi \u00een educa\u021bie, reprezentan\u021bi ai sectorului business, elevi, parteneri institu\u021bionali \u0219i parteneri media. Toate candidaturile finaliste se afl\u0103 \u00een etapa de documentare \u00een teren pentru a verifica validitatea informa\u021biilor furnizate.<\/p><p>Cei 15 profesori finali\u0219ti provin din \u0219coli rurale din 10 jude\u021be: D\u00e2mbovi\u0163a, Mure\u015f, Suceava, Gala\u0163i, Buz\u0103u, Cluj, Boto\u015fani, Bac\u0103u, Timi\u015f \u0219i Ia\u015fi. C\u00e2\u0219tig\u0103torii vor fi anun\u021ba\u021bi pe 24 martie, \u00een cadrul Galei Profesorul Anului din mediul rural de la Palatul Culturii din Ia\u0219i, \u00eencep\u00e2nd cu ora 17.00. Evenimentul va fi transmis live \u0219i pe <a href=\"https:\/\/fb.me\/e\/2Ygxf4l8z\">pagina de facebook<\/a> Teach for Romania.<\/p><p>Mai multe detalii despre categoriile de nominalizare \u0219i criteriile de evaluare, pe pagina evenimentului: <a href=\"https:\/\/teachforromania.org\/\/echitateineducatie\">https:\/\/teachforromania.org\/\/echitateineducatie<\/a><u>.<\/u><\/p><p>Parteneri strategici: LIDL Rom\u00e2nia, BCR \u0219i Re\u021beaua Regina Maria.<\/p><p>Parteneri jurizare: Consiliul Na\u021bional al Elevilor, UiPath Foundation, World Vision Ia\u0219i, Funda\u021bia Noi Orizonturi, Funda\u021bia Verita, Agen\u021bia Na\u021bional\u0103 pentru Programe Comunitare \u00een Domeniul Educa\u021biei \u0219i Form\u0103rii Profesionale, BA Glass, Allianz Services, Funda\u021bia Autonom, Funda\u021bia pentru Dezvoltarea Societ\u0103\u021bii Civile (FDSC), Agen\u021bia Na\u021bional\u0103 pentru Romi.<\/p><p>Eveniment organizat cu sprijinul Inspectoratului \u0218colar Jude\u021bean Ia\u0219i, Prim\u0103ria Municipiului Ia\u0219i \u0219i Consiliul Jude\u021bean Ia\u0219i.<\/p><p><strong>Descriere Teach for Romania:<\/strong><\/p><p><a href=\"http:\/\/www.teachforromania.org\/\">Teach for Romania<\/a>\u00a0este o organiza\u021bie non-guvernamental\u0103, care de 8 ani recruteaz\u0103 \u0219i preg\u0103te\u0219te oameni valoro\u0219i s\u0103 devin\u0103 profesori \u0219i \u00eenv\u0103\u021b\u0103tori \u00een \u0219colile publice din Rom\u00e2nia, pornind de la cele mai dificile comunit\u0103\u021bi. La Teach for Romania, noi credem c\u0103 fiecare copil din Rom\u00e2nia are dreptul \u0219i poate s\u0103 aib\u0103 parte de o educa\u021bie de calitate, al\u0103turi de un profesor sau un \u00eenv\u0103\u021b\u0103tor care crede \u00een el.<\/p><p>\u00cen anul \u0219colar 2021-2022, 118 cadre didactice fac parte din programul nostru \u0219i predau \u00een 94 de \u0219coli, din 22 de jude\u021be. De asemenea, ne bucur\u0103m c\u0103, din comunitatea noastr\u0103 de 176 alumni, absolven\u021bi ai programului, jum\u0103tate au ales s\u0103 r\u0103m\u00e2n\u0103 la catedr\u0103 \u00een \u0219coli publice din Rom\u00e2nia, dezvolt\u00e2nd \u0219i inov\u00e2nd cultura organiza\u021bional\u0103 a acestora. \u00centreaga noastr\u0103 comunitate de profesori ajunge astfel la aproximativ 20 000 de copii.<\/p>\t\t\t\t\t\t\t\t<\/div>\n\t\t\t\t<\/div>\n\t\t\t\t\t<\/div>\n\t\t<\/div>\n\t\t\t\t\t<\/div>\n\t\t<\/section>\n\t\t\t\t<\/div>\n\t\t","protected":false},"excerpt":{"rendered":"<p>Teach for Romania a \u00eencheiat juriz\u0103rile pentru prima edi\u021bie a Galei Profesorul Anului din mediul rural 2022 \u0219i anun\u021b\u0103 care sunt cei 15 finali\u0219ti ai evenimentului, din cele 5 categorii de premiere. Pe 24 martie, \u00eencep\u00e2nd cu ora 17.00, la Palatul Culturii din Ia\u0219i, va avea loc evenimentul \u00een care vor fi anun\u021ba\u021bi c\u00e2\u0219tig\u0103torii. De [&hellip;]<\/p>\n","protected":false},"author":2,"featured_media":9444,"comment_status":"closed","ping_status":"closed","sticky":false,"template":"","format":"standard","meta":{"_acf_changed":false,"footnotes":""},"categories":[1431,18],"tags":[1321,1395,1405,982],"class_list":["post-4918","post","type-post","status-publish","format-standard","has-post-thumbnail","hentry","category-comunicat-de-presa","category-profesori-si-alumni","tag-comunicat-de-presa","tag-gala-profesorul-anului","tag-profesorul-anului-din-mediul-rural","tag-teach-for-romania"],"acf":[],"_links":{"self":[{"href":"https:\/\/teachforromania.org\/en\/wp-json\/wp\/v2\/posts\/4918","targetHints":{"allow":["GET"]}}],"collection":[{"href":"https:\/\/teachforromania.org\/en\/wp-json\/wp\/v2\/posts"}],"about":[{"href":"https:\/\/teachforromania.org\/en\/wp-json\/wp\/v2\/types\/post"}],"author":[{"embeddable":true,"href":"https:\/\/teachforromania.org\/en\/wp-json\/wp\/v2\/users\/2"}],"replies":[{"embeddable":true,"href":"https:\/\/teachforromania.org\/en\/wp-json\/wp\/v2\/comments?post=4918"}],"version-history":[{"count":4,"href":"https:\/\/teachforromania.org\/en\/wp-json\/wp\/v2\/posts\/4918\/revisions"}],"predecessor-version":[{"id":11286,"href":"https:\/\/teachforromania.org\/en\/wp-json\/wp\/v2\/posts\/4918\/revisions\/11286"}],"wp:featuredmedia":[{"embeddable":true,"href":"https:\/\/teachforromania.org\/en\/wp-json\/wp\/v2\/media\/9444"}],"wp:attachment":[{"href":"https:\/\/teachforromania.org\/en\/wp-json\/wp\/v2\/media?parent=4918"}],"wp:term":[{"taxonomy":"category","embeddable":true,"href":"https:\/\/teachforromania.org\/en\/wp-json\/wp\/v2\/categories?post=4918"},{"taxonomy":"post_tag","embeddable":true,"href":"https:\/\/teachforromania.org\/en\/wp-json\/wp\/v2\/tags?post=4918"}],"curies":[{"name":"wp","href":"https:\/\/api.w.org\/{rel}","templated":true}]}}