{"id":4899,"date":"2021-12-10T10:21:14","date_gmt":"2021-12-10T10:21:14","guid":{"rendered":"https:\/\/dev3.atelieru.ro\/tfr\/\/?p=14015"},"modified":"2022-09-09T11:41:59","modified_gmt":"2022-09-09T11:41:59","slug":"eram-invatatoare-de-mica-si-am-aflat-abia-la-31-de-ani","status":"publish","type":"post","link":"https:\/\/teachforromania.org\/en\/eram-invatatoare-de-mica-si-am-aflat-abia-la-31-de-ani\/","title":{"rendered":"\u201eEram \u00eenv\u0103\u021b\u0103toare de mic\u0103 \u0219i am aflat abia la 31 de ani\u201d"},"content":{"rendered":"\t\t<div data-elementor-type=\"wp-post\" data-elementor-id=\"4899\" class=\"elementor elementor-4899\" data-elementor-post-type=\"post\">\n\t\t\t\t\t\t<section class=\"elementor-section elementor-top-section elementor-element elementor-element-78b2ae3c elementor-section-boxed elementor-section-height-default elementor-section-height-default\" data-id=\"78b2ae3c\" data-element_type=\"section\">\n\t\t\t\t\t\t<div class=\"elementor-container elementor-column-gap-default\">\n\t\t\t\t\t<div class=\"elementor-column elementor-col-100 elementor-top-column elementor-element elementor-element-3b7e0b4a\" data-id=\"3b7e0b4a\" data-element_type=\"column\">\n\t\t\t<div class=\"elementor-widget-wrap elementor-element-populated\">\n\t\t\t\t\t\t<div class=\"elementor-element elementor-element-3ca2954b elementor-widget elementor-widget-text-editor\" data-id=\"3ca2954b\" data-element_type=\"widget\" data-widget_type=\"text-editor.default\">\n\t\t\t\t<div class=\"elementor-widget-container\">\n\t\t\t\t\t\t\t\t\t<p>Angela Popeia a fost feti\u021ba care a \u00eenv\u0103\u021bat-o pe bunica ei s\u0103 citeasc\u0103. Mica Mare, a\u0219a cum \u00eei spune bunicii, cite\u0219te rug\u0103ciuni la cei 92 de ani \u0219i e cea care a crescut-o pe Angela, \u00een satul Pe\u0219tera de l\u00e2ng\u0103 Bra\u0219ov, o comunitate dintre mun\u021bi \u0219i dealuri, izolat\u0103.\u00a0A crescut-o simplu, frumos, cu exemplul de dorin\u021b\u0103 de a aduce bine comunit\u0103\u021bii \u0219i de a fi sincer cu tine \u0219i cu cei din jurul t\u0103u.\u00a0<\/p><p>Fiind mic\u0103, Angela nu a sim\u021bit aceast\u0103 izolare a satului pe care o recunoa\u0219te acum, ca adult.\u00a0\u0218coala din sat r\u0103m\u0103sese f\u0103r\u0103 \u00eenv\u0103\u021b\u0103tor. Angi era clasa a doua. Mare dezam\u0103gire fiindc\u0103 Angelei \u00eei pl\u0103cea tare mult la \u0219coal\u0103, chiar dac\u0103 era nevoit\u0103 s\u0103 parcurg\u0103 c\u00e2\u021biva km pe jos, urc\u00e2nd \u0219i tot cobor\u00e2nd dealurile spre \u0219coala primar\u0103.\u00a0Adultul de acum poveste\u0219te despre Mica Mare asemeni unei for\u021be protective care reu\u0219e\u0219te mereu s\u0103 aduc\u0103 binele \u00een via\u021ba ei, dar \u0219i a celorlal\u021bi. A\u0219a c\u0103 binele a venit la \u0219coala din Pe\u0219tera sub forma unei doamne \u00eenv\u0103\u021b\u0103toare.\u00a0Era o doamn\u0103 simpl\u0103, mare iubitoare de munte, care a aflat c\u0103 \u00een sat nu era niciun cadru didactic, a\u0219a c\u0103, timp de un an jum\u0103tate, a locuit la Mica Mare \u0219i Angi \u00een cas\u0103, ca doamna \u00eenv\u0103\u021b\u0103toare pentru copiii din sat. Doamna Florentina, a\u0219a \u00eei spunea Angela.\u00a0<\/p><p>Modelele pe care Angela le-a avut \u00een copil\u0103rie sunt urmate 20 de ani mai t\u00e2rziu: a ales s\u0103 fie doamna \u00eenv\u0103\u021b\u0103toare pentru 33 de elevi de clasa preg\u0103titoare, din G\u00e2rcini.<\/p><p>Dup\u0103 12 ani de corpora\u021bie, \u0219i-a urmat visul \u0219i dorin\u021ba de a face \u00eentotdeauna mai mult \u0219i a ales s\u0103 fac\u0103 ceva pentru sufletul ei, a\u0219a cum spune ea.\u201eDraga mamei, orice faci, orice g\u00e2nd ai, dac\u0103 este un gand bun \u0219i \u00eel pui \u00een minte s\u0103 se realizeze, se va realiza. Dumnezeu \u00ee\u021bi \u00eempline\u0219te g\u00e2ndul \u0103la\u201d.\u00a0<\/p><p>A aplicat la programul Teach for Romania c\u00e2nd era \u00een anul I la Facultatea de \u0218tiin\u021bele Educa\u021biei, Pedagogia \u00cenv\u0103\u0163\u0103m\u00e2ntului Primar \u015fi Pre\u015fcolar. \u0218tia deja unde \u00ee\u0219i dore\u0219te s\u0103 ajung\u0103: \u00een G\u00e2rcini, locul de care multe cadre didactice fug din cauza provoc\u0103rilor \u00eent\u00e2lnite, \u00eens\u0103 Angelei \u00eei plac provoc\u0103rile \u0219i \u0219tia c\u0103 acolo va aduce o schimbare. A\u0219a a \u0219i f\u0103cut. A mers \u00een comunitate, s-a interesat de starea elevilor ei \u0219i motivele pentru care ei absenteaz\u0103. A descoperit c\u0103 o parte dintre ei tr\u0103iau \u00een condi\u021bii precare, f\u0103r\u0103 c\u0103ldur\u0103 sau lumin\u0103 \u00een case. \u00cen cel mai scurt timp, Angela a reu\u0219it s\u0103 str\u00e2ng\u0103 oamenii dragi l\u00e2ng\u0103 ea \u0219i s\u0103 aduc\u0103 \u00een comunitate bun\u0103voin\u021ba de a face bine omului mai nec\u0103jit de l\u00e2ng\u0103 tine: a str\u00e2ns din dona\u021bii banii necesari s\u0103 construiasc\u0103 o sob\u0103 pentru casa unui elev de la clas\u0103, dar \u0219i peste 1500 de cadouri de Cr\u0103ciun pentru to\u021bi elevii din \u0219coal\u0103. Entuziasmului ei s-au al\u0103turat \u0219i ONG-uri de peste hotare care au donat 50.000 de euro pentru a achizi\u021biona 2 containere care au fost transformate \u00een s\u0103li de clas\u0103 \u00een sat, \u00eenc\u00e2t elevii mai mari s\u0103 nu mai fie nevoi\u021bi fac\u0103 naveta.<\/p><p>Anul acesta, Mo\u0219 Cr\u0103ciun este a\u0219teptat de c\u0103tre to\u021bi elevii \u0219colii din G\u00e2rcini \u0219i va veni la fiecare dintre ei, cu peste 1500 de daruri. Fiindc\u0103 cineva e acolo \u0219i crede \u00een ei. Fiindc\u0103 cineva \u00ee\u0219i dore\u0219te ca fiecare copil s\u0103 aib\u0103 \u0219ansa la educa\u021bie de calitate \u0219i va face tot ce \u00eei st\u0103 \u00een putin\u021b\u0103 ca s\u0103 aduc\u0103 copiii la \u0219coal\u0103.<\/p><p><em>\u201eSuntem prea absorbi\u021bi de g\u00e2ndurile noastre de zi cu zi, \u00eenc\u00e2t nu ne mai d\u0103m seama c\u00e2te putem face pentru cei din jurul nostru\u201d. <\/em><\/p><p>Viitorul copiilor din mediile defavorizate depinde de deciziile pe care le lu\u0103m noi, ast\u0103zi, \u0219i de \u0219ansa lor la o educa\u021bie de calitate. Vrei s\u0103 faci o schimbare \u00een educa\u021bie, pornind de la catedr\u0103? Fie c\u0103 faci deja parte din sistem sau e\u0219ti preg\u0103tit s\u0103 intri acum \u00een \u00eenv\u0103\u021b\u0103m\u00e2nt, suntem aici s\u0103 te sus\u021binem! Afl\u0103 mai multe \u0219i hai al\u0103turi de noi: <a tabindex=\"0\" role=\"link\" href=\"https:\/\/bit.ly\/tfr-inscrieri?fbclid=IwAR1MlHpqPP8lAVGKsB1_RhL8ZsyYXPy11O9ST9gj5Gi_fKU6DTCjM60aMSE\" target=\"_blank\" rel=\"nofollow noopener\">https:\/\/bit.ly\/tfr-inscrieri<\/a>.\u00a0<\/p><h4 style=\"text-align: center;\"><a href=\"https:\/\/teachforromania.us9.list-manage.com\/subscribe?u=74b827aa100449573980457ff&amp;id=f2376993ca\">Aboneaz\u0103-te la newsletterul nostru pentru a afla ce mai facem \u00een Teach for Romania.<\/a><\/h4>\t\t\t\t\t\t\t\t<\/div>\n\t\t\t\t<\/div>\n\t\t\t\t\t<\/div>\n\t\t<\/div>\n\t\t\t\t\t<\/div>\n\t\t<\/section>\n\t\t\t\t<\/div>\n\t\t","protected":false},"excerpt":{"rendered":"<p>Angela Popeia a fost feti\u021ba care a \u00eenv\u0103\u021bat-o pe bunica ei s\u0103 citeasc\u0103. Mica Mare, a\u0219a cum \u00eei spune bunicii, cite\u0219te rug\u0103ciuni la cei 92 de ani \u0219i e cea care a crescut-o pe Angela, \u00een satul Pe\u0219tera de l\u00e2ng\u0103 Bra\u0219ov, o comunitate dintre mun\u021bi \u0219i dealuri, izolat\u0103.\u00a0A crescut-o simplu, frumos, cu exemplul de dorin\u021b\u0103 [&hellip;]<\/p>\n","protected":false},"author":2,"featured_media":9361,"comment_status":"closed","ping_status":"closed","sticky":false,"template":"","format":"standard","meta":{"_acf_changed":false,"footnotes":""},"categories":[18],"tags":[1386,973,1123,982],"class_list":["post-4899","post","type-post","status-publish","format-standard","has-post-thumbnail","hentry","category-profesori-si-alumni","tag-angela-popeia","tag-construim-modele-pentru-viitor","tag-parteneriate-institutionale","tag-teach-for-romania"],"acf":[],"_links":{"self":[{"href":"https:\/\/teachforromania.org\/en\/wp-json\/wp\/v2\/posts\/4899","targetHints":{"allow":["GET"]}}],"collection":[{"href":"https:\/\/teachforromania.org\/en\/wp-json\/wp\/v2\/posts"}],"about":[{"href":"https:\/\/teachforromania.org\/en\/wp-json\/wp\/v2\/types\/post"}],"author":[{"embeddable":true,"href":"https:\/\/teachforromania.org\/en\/wp-json\/wp\/v2\/users\/2"}],"replies":[{"embeddable":true,"href":"https:\/\/teachforromania.org\/en\/wp-json\/wp\/v2\/comments?post=4899"}],"version-history":[{"count":3,"href":"https:\/\/teachforromania.org\/en\/wp-json\/wp\/v2\/posts\/4899\/revisions"}],"predecessor-version":[{"id":10678,"href":"https:\/\/teachforromania.org\/en\/wp-json\/wp\/v2\/posts\/4899\/revisions\/10678"}],"wp:featuredmedia":[{"embeddable":true,"href":"https:\/\/teachforromania.org\/en\/wp-json\/wp\/v2\/media\/9361"}],"wp:attachment":[{"href":"https:\/\/teachforromania.org\/en\/wp-json\/wp\/v2\/media?parent=4899"}],"wp:term":[{"taxonomy":"category","embeddable":true,"href":"https:\/\/teachforromania.org\/en\/wp-json\/wp\/v2\/categories?post=4899"},{"taxonomy":"post_tag","embeddable":true,"href":"https:\/\/teachforromania.org\/en\/wp-json\/wp\/v2\/tags?post=4899"}],"curies":[{"name":"wp","href":"https:\/\/api.w.org\/{rel}","templated":true}]}}