{"id":4898,"date":"2021-12-02T22:00:38","date_gmt":"2021-12-02T22:00:38","guid":{"rendered":"https:\/\/dev3.atelieru.ro\/tfr\/\/?p=13844"},"modified":"2022-09-09T11:44:36","modified_gmt":"2022-09-09T11:44:36","slug":"mie-imi-pasa","status":"publish","type":"post","link":"https:\/\/teachforromania.org\/en\/mie-imi-pasa\/","title":{"rendered":"\u201eMie \u00eemi pas\u0103, de aceea \u00eemi exercit profesia cu d\u0103ruire\u201d \u2013 Corina Botoroga"},"content":{"rendered":"\t\t<div data-elementor-type=\"wp-post\" data-elementor-id=\"4898\" class=\"elementor elementor-4898\" data-elementor-post-type=\"post\">\n\t\t\t\t\t\t<section class=\"elementor-section elementor-top-section elementor-element elementor-element-fe85c88 elementor-section-boxed elementor-section-height-default elementor-section-height-default\" data-id=\"fe85c88\" data-element_type=\"section\">\n\t\t\t\t\t\t<div class=\"elementor-container elementor-column-gap-default\">\n\t\t\t\t\t<div class=\"elementor-column elementor-col-100 elementor-top-column elementor-element elementor-element-77bea79\" data-id=\"77bea79\" data-element_type=\"column\">\n\t\t\t<div class=\"elementor-widget-wrap elementor-element-populated\">\n\t\t\t\t\t\t<div class=\"elementor-element elementor-element-2b571d8f elementor-widget elementor-widget-text-editor\" data-id=\"2b571d8f\" data-element_type=\"widget\" data-widget_type=\"text-editor.default\">\n\t\t\t\t<div class=\"elementor-widget-container\">\n\t\t\t\t\t\t\t\t\t<p>Corina este profesoar\u0103 pentru 10 copii de clasa a IV-a din \u0218coala Gimnazial\u0103 C\u0103ianu din jude\u021bul Cluj.<\/p><p>Primul lucru pe care l-a f\u0103cut atunci c\u00e2nd a ajuns acolo, a fost s\u0103 le \u00eencurajeze identitatea: at\u00e2t cea individual\u0103, c\u00e2t \u0219i cea la nivel de grup. Din punctul ei de vedere, acesta este pasul cel mai important atunci c\u00e2nd porne\u0219ti pe drumul \u00eenv\u0103\u021b\u0103rii: profesorul \u0219i elevii trebuie s\u0103 se cunoasc\u0103 foarte bine reciproc \u0219i s\u0103 aib\u0103 cu to\u021bii un sentiment de aparten\u021b\u0103 la clas\u0103.De\u0219i copiii tr\u0103iesc \u00een mediul rural, prezen\u021ba lor la ore nu este o problem\u0103. Aici intervine \u0219i abordarea Corinei, care reu\u0219e\u0219te s\u0103 \u00eei men\u021bin\u0103 pe elevi curio\u0219i, ambi\u021bio\u0219i \u0219i consecven\u021bi.<\/p><p>\u201eEste important efortul pe care un profesor din mediul rural \u00eel depune la clas\u0103 pentru a-i ajuta pe fiecare \u00een parte s\u0103 progreseze, av\u00e2nd \u00een vedere c\u0103 medita\u021biile, cursurile suplimentare, afterschool-ul sau alte programe de \u00eendrumare specializat\u0103 nu prea exist\u0103. Exist\u0103, \u00eens\u0103, dorin\u021ba acestor elevi de a \u00eenv\u0103\u021ba \u0219i pentru asta eu sunt dispus\u0103 s\u0103 investesc toate resursele pe care le am \u0219i s\u0103 \u00eei implic \u0219i pe ei \u00een accesarea resurselor.\u201d<\/p><p><img fetchpriority=\"high\" decoding=\"async\" class=\"wp-image-13865 alignleft\" src=\"https:\/\/teachforromania.org\/\/wp-content\/uploads\/20201007_113832-rotated.jpg\" alt=\"\" width=\"493\" height=\"822\" \/><\/p><p>\u00cempreun\u0103 cu elevii, Corina a construit proiecte frumoase \u0219i de impact. Copiii \u00eenva\u021b\u0103 cum s\u0103 se raporteze la mediul care \u00eei \u00eenconjoar\u0103 \u0219i cum s\u0103 devin\u0103 autodidac\u021bi. Au \u00eenv\u0103\u021bat despre efectele negative create de poluarea mediului, despre importan\u021ba lecturii, despre gravitatea bullyingului, despre necesitatea educa\u021biei financiare \u0219i chiar juridice. Toate aceste proiecte au avut un scop comun \u0219i bine \u021bintit: conectarea no\u021biunilor \u00eenv\u0103\u021bate la \u0219coal\u0103 cu situa\u021bii din via\u021ba real\u0103, \u00een care elevii s\u0103 poat\u0103 aplica ceea ce au \u00eenv\u0103\u021bat.<\/p><p><em>\u201eFaptul c\u0103 m-am implicat profund mi-a permis s\u0103 v\u0103d nevoile \u0219colii rom\u00e2ne\u0219ti, dar nu a oric\u0103reia, ci a \u0219colii rom\u00e2ne\u0219ti care nu este sus\u021binut\u0103 de medita\u021bii. Realitatea crunt\u0103 este c\u0103 performan\u021ba din \u0219coala rom\u00e2neasc\u0103 \u0219i succesul din via\u021ba viitorului adult este str\u00e2ns legat\u0103 de contribu\u021bia financiar\u0103 a p\u0103rin\u021bilor. Mi-a\u0219 dori s\u0103 v\u0103d \u00een toate \u0219colile rurale, \u0219i nu numai, proiecte de afterschool gratuite; acestea ar aduce o contribu\u021bie real\u0103 tuturor copiilor care provin din familii modeste \u0219i atunci am putea vorbi \u0219i despre \u0219anse egale \u00een educa\u021bie. Mie \u00eemi pas\u0103, de aceea \u00eemi exercit profesia cu d\u0103ruire \u0219i, din fericire, nu sunt singur\u0103. Comunitatea Teach este o plas\u0103 de salvare \u00een acest sens.\u201d<\/em><\/p><p>Corina Botoroga face parte din genera\u021bia a 7-a de profesori \u0219i \u00eenv\u0103\u021b\u0103tori ai programului Teach for Romania, iar anul acesta este sprijinit\u0103 \u00een cadrul co-finan\u021b\u0103rii United Way Romania.<\/p><p><a href=\"https:\/\/teachforromania.us9.list-manage.com\/subscribe?u=74b827aa100449573980457ff&amp;id=f2376993ca\">Aboneaz\u0103-te la newsletterul nostru pentru a afla ce mai facem \u00een Teach for Romania.<\/a><\/p>\t\t\t\t\t\t\t\t<\/div>\n\t\t\t\t<\/div>\n\t\t\t\t\t<\/div>\n\t\t<\/div>\n\t\t\t\t\t<\/div>\n\t\t<\/section>\n\t\t\t\t<\/div>\n\t\t","protected":false},"excerpt":{"rendered":"<p>Corina este profesoar\u0103 pentru 10 copii de clasa a IV-a din \u0218coala Gimnazial\u0103 C\u0103ianu din jude\u021bul Cluj. Primul lucru pe care l-a f\u0103cut atunci c\u00e2nd a ajuns acolo, a fost s\u0103 le \u00eencurajeze identitatea: at\u00e2t cea individual\u0103, c\u00e2t \u0219i cea la nivel de grup. Din punctul ei de vedere, acesta este pasul cel mai important [&hellip;]<\/p>\n","protected":false},"author":2,"featured_media":9341,"comment_status":"closed","ping_status":"closed","sticky":false,"template":"","format":"standard","meta":{"_acf_changed":false,"footnotes":""},"categories":[18],"tags":[1385,1195,1370,982],"class_list":["post-4898","post","type-post","status-publish","format-standard","has-post-thumbnail","hentry","category-profesori-si-alumni","tag-corina-botoroaga","tag-povesti-din-scoala","tag-scoala-relevanta","tag-teach-for-romania"],"acf":[],"_links":{"self":[{"href":"https:\/\/teachforromania.org\/en\/wp-json\/wp\/v2\/posts\/4898","targetHints":{"allow":["GET"]}}],"collection":[{"href":"https:\/\/teachforromania.org\/en\/wp-json\/wp\/v2\/posts"}],"about":[{"href":"https:\/\/teachforromania.org\/en\/wp-json\/wp\/v2\/types\/post"}],"author":[{"embeddable":true,"href":"https:\/\/teachforromania.org\/en\/wp-json\/wp\/v2\/users\/2"}],"replies":[{"embeddable":true,"href":"https:\/\/teachforromania.org\/en\/wp-json\/wp\/v2\/comments?post=4898"}],"version-history":[{"count":3,"href":"https:\/\/teachforromania.org\/en\/wp-json\/wp\/v2\/posts\/4898\/revisions"}],"predecessor-version":[{"id":10681,"href":"https:\/\/teachforromania.org\/en\/wp-json\/wp\/v2\/posts\/4898\/revisions\/10681"}],"wp:featuredmedia":[{"embeddable":true,"href":"https:\/\/teachforromania.org\/en\/wp-json\/wp\/v2\/media\/9341"}],"wp:attachment":[{"href":"https:\/\/teachforromania.org\/en\/wp-json\/wp\/v2\/media?parent=4898"}],"wp:term":[{"taxonomy":"category","embeddable":true,"href":"https:\/\/teachforromania.org\/en\/wp-json\/wp\/v2\/categories?post=4898"},{"taxonomy":"post_tag","embeddable":true,"href":"https:\/\/teachforromania.org\/en\/wp-json\/wp\/v2\/tags?post=4898"}],"curies":[{"name":"wp","href":"https:\/\/api.w.org\/{rel}","templated":true}]}}