{"id":4891,"date":"2021-10-28T08:09:39","date_gmt":"2021-10-28T08:09:39","guid":{"rendered":"https:\/\/dev3.atelieru.ro\/tfr\/\/?p=13736"},"modified":"2022-09-09T13:01:27","modified_gmt":"2022-09-09T13:01:27","slug":"ma-numesc-florin-si-vin-din-spania","status":"publish","type":"post","link":"https:\/\/teachforromania.org\/en\/ma-numesc-florin-si-vin-din-spania\/","title":{"rendered":"\u201eM\u0103 numesc Florin \u0219i vin din \u0218pania\u201d"},"content":{"rendered":"\t\t<div data-elementor-type=\"wp-post\" data-elementor-id=\"4891\" class=\"elementor elementor-4891\" data-elementor-post-type=\"post\">\n\t\t\t\t\t\t<section class=\"elementor-section elementor-top-section elementor-element elementor-element-398ecf2e elementor-section-boxed elementor-section-height-default elementor-section-height-default\" data-id=\"398ecf2e\" data-element_type=\"section\">\n\t\t\t\t\t\t<div class=\"elementor-container elementor-column-gap-default\">\n\t\t\t\t\t<div class=\"elementor-column elementor-col-100 elementor-top-column elementor-element elementor-element-4f783341\" data-id=\"4f783341\" data-element_type=\"column\">\n\t\t\t<div class=\"elementor-widget-wrap elementor-element-populated\">\n\t\t\t\t\t\t<div class=\"elementor-element elementor-element-6df2dba4 elementor-widget elementor-widget-text-editor\" data-id=\"6df2dba4\" data-element_type=\"widget\" data-widget_type=\"text-editor.default\">\n\t\t\t\t<div class=\"elementor-widget-container\">\n\t\t\t\t\t\t\t\t\t<p>Este una din multele situa\u021bii \u00eent\u00e2lnite \u00een s\u0103lile \u0219colilor din regiunea Moldovei,\u202fde unde familiile aleg s\u0103 plece \u00een alte \u021b\u0103ri din cauza provoc\u0103rilor \u00eent\u00e2lnite acas\u0103: situa\u021bie material\u0103 precar\u0103, izolare georgrafic\u0103, marginalizare social\u0103 sau imposibilitatea de a asigura hran\u0103 adecvat\u0103 pentru copii.<\/p><p>Florin este elevul Cristinei B\u0103rbosu, profesoar\u0103 de limba \u0219i literatura rom\u00e2n\u0103 din programul nostru.<\/p><p>Doamna a fost tare \u00eenc\u00e2ntat\u0103 de entuziasmul lui Florin de a participa activ la ore: de\u0219i nu toate cuvintele \u00een limba rom\u00e2n\u0103 erau cunoscute lui, se ajuta mereu de un DEX pe care \u00eel r\u0103sfoia cu respira\u021bia oprit\u0103 p\u00e2n\u0103 ajungea la acel cuv\u00e2nt c\u0103utat. De cele mai multe ori identifica sensul cuv\u00e2ntului \u00een limba rom\u00e2n\u0103 dup\u0103 asem\u0103narea cu unele cuvinte din limba spaniol\u0103.<\/p><p>Fiind \u00eencurajat de doamna profesoar\u0103, Florin parcurge aceast\u0103 rutin\u0103, apoi \u00eei \u00eenva\u021b\u0103 \u0219i pe colegi cuvinte \u00een spaniol\u0103. Cu ajutorul Cristinei, s-a adaptat repede la energia clasei, iar colegii l-au apreciat pentru entuziasmul lui de a \u00eenv\u0103\u021ba. El a avut curajul, ca dup\u0103 compunerea unui rezumat \u00een clas\u0103, s\u0103 fie cel care \u00eel prezint\u0103. Nu se sfia de gre\u0219eli, de cuvinte ce i se p\u0103reau greu de pronun\u021bat sau de faptul c\u0103 era privit: mereu \u00ee\u0219i \u00eendeplinea sarcina cum putea el mai bine.<\/p><p>Ca proiect de evaluare final\u0103, pe grupe, au lucrat la o culegere de exerci\u021bii de rom\u00e2n\u0103 pentru colegii care vor fi \u00een clasa a VI-a. Florin a lucrat la redactarea exerci\u021biilor de dificultate medie. Aceast\u0103 sarcin\u0103 presupunea alegerea unor texte pe baza c\u0103rora s\u0103 fie formulate cerin\u021bele, apoi formularea cerin\u021belor. Exerci\u021biile redactate ajungeau la corectat, sarcin\u0103 \u00eendeplinit\u0103 de colegi.<\/p><p>Foarte implicat \u0219i dornic s\u0103 \u00eenve\u021be de la cei din jurul lui, Florin \u0219i-a \u00eendeplinit fiecare sarcin\u0103, reu\u0219ind, al\u0103turi de colegii lui, s\u0103 compun\u0103 culegerea de exerci\u021bii pentru colegii ce vor fi \u00een clasa a VI-a.<\/p><p>Poate c\u0103 este un exemplu de r\u0103bdare \u0219i empatie sau poate curiozitate, \u00eens\u0103 astfel de \u00eent\u00e2mpl\u0103ri ne arat\u0103, \u00eenc\u0103 o dat\u0103, c\u0103 schimbarea \u00een educa\u021bie trebuie s\u0103 porneasc\u0103, realist, de la oamenii care sunt ast\u0103zi \u00een sistem, \u00een fa\u021ba copiilor.<\/p><p>Indiferent de ciclul de \u00eenv\u0103\u021b\u0103m\u00e2nt sau de materia pe care o predau, profesorii Teach for Romania sunt antrena\u021bi s\u0103 lucreze cu fiecare copil \u00een parte s\u0103 \u00ee\u0219i dezvolte abilit\u0103\u021bile de scris \u0219i citit.<\/p><p>Provoc\u0103rile sunt multe, de aceea, anul acesta am deschis primul birou regional la Ia\u0219i, un pas nou\u202f\u0219i\u202ffiresc pentru noi,\u202fpentru a \u00een\u021belege mult mai bine contextul zonei \u0219i pentru a ne concentra eforturile\u202f\u00een\u202frecrutarea\u202f\u0219i\u202fpreg\u0103tirea\u202f\u0219i mai multor\u202fprofesori\u202fmodel pentru copiii de aici.<\/p><p>Aducem\u202f\u00eempreun\u0103 to\u021bi factorii importan\u021bi pentru ecosistemul copilului.<\/p><p>Nu suntem aici doar ca s\u0103\u202fTeach,\u202fsuntem aici ca s\u0103 schimb\u0103m destine. \u00cempreun\u0103.<\/p><h4 style=\"text-align: center;\"><a href=\"https:\/\/teachforromania.us9.list-manage.com\/subscribe?u=74b827aa100449573980457ff&amp;id=f2376993ca\">Aboneaz\u0103-te la newsletterul nostru pentru a afla ce mai facem \u00een Teach for Romania.<\/a><\/h4>\t\t\t\t\t\t\t\t<\/div>\n\t\t\t\t<\/div>\n\t\t\t\t\t<\/div>\n\t\t<\/div>\n\t\t\t\t\t<\/div>\n\t\t<\/section>\n\t\t\t\t<\/div>\n\t\t","protected":false},"excerpt":{"rendered":"<p>Este una din multele situa\u021bii \u00eent\u00e2lnite \u00een s\u0103lile \u0219colilor din regiunea Moldovei,\u202fde unde familiile aleg s\u0103 plece \u00een alte \u021b\u0103ri din cauza provoc\u0103rilor \u00eent\u00e2lnite acas\u0103: situa\u021bie material\u0103 precar\u0103, izolare georgrafic\u0103, marginalizare social\u0103 sau imposibilitatea de a asigura hran\u0103 adecvat\u0103 pentru copii. Florin este elevul Cristinei B\u0103rbosu, profesoar\u0103 de limba \u0219i literatura rom\u00e2n\u0103 din programul nostru. [&hellip;]<\/p>\n","protected":false},"author":2,"featured_media":9320,"comment_status":"closed","ping_status":"closed","sticky":false,"template":"","format":"standard","meta":{"_acf_changed":false,"footnotes":""},"categories":[19],"tags":[973,1369,1195,982],"class_list":["post-4891","post","type-post","status-publish","format-standard","has-post-thumbnail","hentry","category-potentialul-elevilor","tag-construim-modele-pentru-viitor","tag-cristina-barbosu","tag-povesti-din-scoala","tag-teach-for-romania"],"acf":[],"_links":{"self":[{"href":"https:\/\/teachforromania.org\/en\/wp-json\/wp\/v2\/posts\/4891","targetHints":{"allow":["GET"]}}],"collection":[{"href":"https:\/\/teachforromania.org\/en\/wp-json\/wp\/v2\/posts"}],"about":[{"href":"https:\/\/teachforromania.org\/en\/wp-json\/wp\/v2\/types\/post"}],"author":[{"embeddable":true,"href":"https:\/\/teachforromania.org\/en\/wp-json\/wp\/v2\/users\/2"}],"replies":[{"embeddable":true,"href":"https:\/\/teachforromania.org\/en\/wp-json\/wp\/v2\/comments?post=4891"}],"version-history":[{"count":3,"href":"https:\/\/teachforromania.org\/en\/wp-json\/wp\/v2\/posts\/4891\/revisions"}],"predecessor-version":[{"id":10697,"href":"https:\/\/teachforromania.org\/en\/wp-json\/wp\/v2\/posts\/4891\/revisions\/10697"}],"wp:featuredmedia":[{"embeddable":true,"href":"https:\/\/teachforromania.org\/en\/wp-json\/wp\/v2\/media\/9320"}],"wp:attachment":[{"href":"https:\/\/teachforromania.org\/en\/wp-json\/wp\/v2\/media?parent=4891"}],"wp:term":[{"taxonomy":"category","embeddable":true,"href":"https:\/\/teachforromania.org\/en\/wp-json\/wp\/v2\/categories?post=4891"},{"taxonomy":"post_tag","embeddable":true,"href":"https:\/\/teachforromania.org\/en\/wp-json\/wp\/v2\/tags?post=4891"}],"curies":[{"name":"wp","href":"https:\/\/api.w.org\/{rel}","templated":true}]}}