{"id":4890,"date":"2021-10-21T08:01:14","date_gmt":"2021-10-21T08:01:14","guid":{"rendered":"https:\/\/dev3.atelieru.ro\/tfr\/\/?p=13685"},"modified":"2022-09-22T11:37:14","modified_gmt":"2022-09-22T11:37:14","slug":"dam-startul-unui-nou-sezon-de-recrutare-asistat-sau-angajat-viitorul-copiilor-din-medii-defavorizate-depinde-de-deciziile-pe-care-le-luam-noi-astazi","status":"publish","type":"post","link":"https:\/\/teachforromania.org\/en\/dam-startul-unui-nou-sezon-de-recrutare-asistat-sau-angajat-viitorul-copiilor-din-medii-defavorizate-depinde-de-deciziile-pe-care-le-luam-noi-astazi\/","title":{"rendered":"[Comunicat pres\u0103] D\u0103m startul unui nou sezon de recrutare! DATOR sau DOCTOR? Viitorul copiilor din medii defavorizate depinde de deciziile pe care le lu\u0103m noi, ast\u0103zi."},"content":{"rendered":"\t\t<div data-elementor-type=\"wp-post\" data-elementor-id=\"4890\" class=\"elementor elementor-4890\" data-elementor-post-type=\"post\">\n\t\t\t\t\t\t<section class=\"elementor-section elementor-top-section elementor-element elementor-element-2a55d41d elementor-section-boxed elementor-section-height-default elementor-section-height-default\" data-id=\"2a55d41d\" data-element_type=\"section\">\n\t\t\t\t\t\t<div class=\"elementor-container elementor-column-gap-default\">\n\t\t\t\t\t<div class=\"elementor-column elementor-col-100 elementor-top-column elementor-element elementor-element-67f1c0f4\" data-id=\"67f1c0f4\" data-element_type=\"column\">\n\t\t\t<div class=\"elementor-widget-wrap elementor-element-populated\">\n\t\t\t\t\t\t<div class=\"elementor-element elementor-element-23cb262f elementor-widget elementor-widget-text-editor\" data-id=\"23cb262f\" data-element_type=\"widget\" data-widget_type=\"text-editor.default\">\n\t\t\t\t<div class=\"elementor-widget-container\">\n\t\t\t\t\t\t\t\t\t<p style=\"text-align: center;\"><strong>C\u0103ut\u0103m viitorii lideri \u00een educa\u021bie, oameni cu sau f\u0103r\u0103 experien\u021b\u0103 \u00een \u00eenv\u0103\u021b\u0103m\u00e2nt, care cred \u00een poten\u021bialul fiec\u0103rui copil \u0219i aleg s\u0103 predea cel pu\u021bin 2 ani \u00een \u0219colile vulnerabile din Rom\u00e2nia.<\/strong><\/p><p>Dator sau doctor? Acuzat sau avocat? Viitorul copiilor din mediile defavorizate depinde de deciziile pe care le lu\u0103m noi, ast\u0103zi, \u0219i de \u0219ansa elevilor la o educa\u021bie de calitate.\u00a0<\/p><p>Ast\u0103zi, 21 octombrie, Teach for Romania porne\u0219te un nou sezon de recrutare \u0219i caut\u0103 viitorii lideri \u00een educa\u021bie, oameni c\u0103rora le pas\u0103 at\u00e2t de mult de educa\u021bia copiilor din medii vulnerabile, \u00eenc\u00e2t aleg s\u0103 le fie aproape pentru cel pu\u021bin 2 ani, \u00een calitate de educatori, \u00eenv\u0103\u021b\u0103tori sau profesori inspira\u021bionali.\u00a0<\/p><p>Programul Teach for Romania se adreseaz\u0103 at\u00e2t celor care au experien\u021b\u0103 \u00een \u00eenv\u0103\u021b\u0103m\u00e2nt \u2013 profesori motiva\u021bi care predau \u00een medii vulnerabile \u0219i care simt nevoia de sus\u021binere pentru a face mai mult pentru elevii lor, c\u00e2t \u0219i celor f\u0103r\u0103 niciun fel de experien\u021b\u0103 la catedr\u0103, dar care sunt gata s\u0103 se implice \u00een educa\u021bie acolo unde este cea mai mare nevoie de oameni buni.<\/p><p><strong>Pe cine c\u0103ut\u0103m?<\/strong><\/p><p>Dup\u0103 8 ani, \u0219tim cu \u00eencredere cum arat\u0103 oamenii de care avem nevoie la catedr\u0103 \u00een \u0219colile vulnerabile \u0219i ce sprijin au nevoie pentru a nu renun\u021ba.<\/p><p>Sunt acei oameni cu o motiva\u021bie puternic\u0103, cu sau f\u0103r\u0103 experien\u021b\u0103 anterioar\u0103 de predare, care \u00ee\u0219i doresc s\u0103 produc\u0103 o schimbare profund\u0103 \u00een sistemul de educa\u021bie din Rom\u00e2nia. Oameni cu poten\u021bial de leadership \u0219i abilit\u0103\u021bi de a-i inspira pe cei din jur, care \u00ee\u0219i doresc s\u0103 ajung\u0103 la fiecare copil, indiferent \u00een ce c\u0103tun locuie\u0219te \u0219i s\u0103 \u00eei ofere o \u0219ans\u0103 la o via\u021b\u0103 mai bun\u0103 prin acces la educa\u021bie de calitate.<\/p><p>Sunt oameni dispu\u0219i s\u0103 fac\u0103 o navet\u0103 dificil\u0103, s\u0103 se confrunte cu multiple incertitudini \u0219i provoc\u0103ri, pentru c\u0103 nu po\u021bi anticipa ce vor \u00eent\u00e2lni \u00een comunitate sau pentru ce probleme vor trebui s\u0103 g\u0103seasc\u0103 resurse, alia\u021bi, solu\u021bii.<\/p><p><strong>Vrei s\u0103 faci o schimbare \u00een educa\u021bie, de la catedr\u0103? Fie c\u0103 faci deja parte din sistem sau e\u0219ti preg\u0103tit s\u0103 intri acum \u00een \u00eenv\u0103\u021b\u0103m\u00e2nt, Teach for Romania este aici s\u0103 te sus\u021bin\u0103. Intr\u0103 \u00een program \u00een 8 pa\u0219i!<\/strong><\/p><p>Te \u00eenregistrezi pe site-ul Teach for Romania, unde vei completa primul formular, cel de manifestare al interesul. Dup\u0103 finalizarea acestuia, vei primi automat, pe adresa de e-mail, al doilea formular, cel de \u00eenscriere. Dac\u0103 treci de aceast\u0103 etap\u0103, vei primi o invita\u021bie de programare la un interviu online de maximum 30 minute. Urm\u0103toarea etap\u0103 de selec\u021bie presupune prezen\u021ba \u00eentr-un Centru de Evaluare online. Dac\u0103 e\u0219ti potrivit\/\u0103 cu programul Teach for Romania, urm\u0103torul pas este s\u0103 cuno\u0219ti organiza\u021bia prin diverse sesiuni online \u0219i asistare la ore online, \u00een care ne dorim s\u0103 \u00een\u021belegi mai bine provoc\u0103rile din comunit\u0103\u021bi.<\/p><p>Urmeaz\u0103 6 s\u0103pt\u0103m\u00e2ni intense de preg\u0103tire teoretic\u0103 \u0219i practic\u0103 pedagogic\u0103 \u00een Academia de Leadership \u0219i Pedagogie (\u00eentr-un format online sau hibrid). De asemenea, vei intra \u00een sistemul de \u00eenv\u0103\u021b\u0103m\u00e2nt rom\u00e2nesc prin sus\u021binerea examenului na\u0163ional sau testarea la nivel jude\u021bean \u0219i vei participa la \u0219edin\u0163ele publice pentru ob\u0163inerea posturilor. Astfel, vei fi preg\u0103tit\/\u0103 s\u0103 \u00eencepi \u0219coala cu entuziasm \u0219i profesionalism, \u00een calitate de educator, \u00eenv\u0103\u0163\u0103tor sau profesor.<\/p><p><img fetchpriority=\"high\" decoding=\"async\" class=\"aligncenter size-full wp-image-13681\" src=\"https:\/\/teachforromania.org\/\/wp-content\/uploads\/calatorie.png\" alt=\"\" width=\"1054\" height=\"797\" \/><\/p><p><strong>Ce sus\u021binere vei primi de la Teach for Romania?<\/strong><\/p><ul><li><strong>Training \u0219i sprijin, astfel \u00eenc\u00e2t s\u0103 po\u021bi fi un profesor preg\u0103tit s\u0103 fac\u0103 fa\u021b\u0103 provoc\u0103rilor de a preda \u00een medii vulnerabile.<\/strong><\/li><\/ul><p>A preda \u00eentr-un mediu vulnerabil, adic\u0103 \u00eentr-o \u0219coal\u0103 cu performan\u021be academice modeste, \u00een comunit\u0103\u021bi izolate, cu elevi cu risc de abandon \u0219colar, cu provoc\u0103ri materiale, sociale, cu familii dezbinate, p\u0103rin\u021bi pleca\u021bi \u00een diaspora, este o experien\u021b\u0103 cu totul diferit\u0103, iar profesorul ajunge s\u0103 joace multe alte roluri. De aceea, Teach for Romania te va antrena \u0219i \u00ee\u021bi va oferi sprijin constant timp de doi ani astfel \u00eenc\u00e2t s\u0103 po\u021bi oferi o educa\u021bie relevant\u0103 copiilor cu care vei lucra, adaptat\u0103 nevoilor lor. O educa\u021bie care s\u0103 \u00eei preg\u0103teasc\u0103 pe elevi pentru viitor. Iar \u021bie, participantul \u00een program, \u00ee\u021bi va ar\u0103ta concret ce \u00eenseamn\u0103 \u00eenv\u0103\u021b\u0103m\u00e2ntul public \u00een medii vulnerabile, c\u00e2t de complicate \u0219i nuan\u021bate sunt provoc\u0103rile de pe teren \u0219i te va ajuta s\u0103 \u00een\u021belegi de ce solu\u021bii este nevoie, indiferent de cum vei alege s\u0103 contribui \u00een educa\u021bie dup\u0103 ace\u0219ti doi ani. Ingredientele principale de formare sunt:<\/p><ul><li><strong>g\u00e2ndire strategic\u0103 \u0219i leadership <\/strong>\u2013 capacitatea de a g\u00e2ndi strategic o interven\u021bie, pornind de la realitatea \u0219i nevoile fiec\u0103rui copil din clas\u0103. Altfel spus, profesorul trebuie s\u0103 fie antrenat nu s\u0103 aib\u0103 drept obiectiv parcurgerea \u00eentregului manual, ci s\u0103 identfice corect nivelul fiec\u0103rui elev, s\u0103 identifice decalajele de \u00eenv\u0103\u021bare ale copiilor din clas\u0103 \u0219i cauzele acestora, apoi s\u0103 stabileasc\u0103 obiective realiste, asumate \u0219i sus\u021binute at\u00e2t de copil \u0219i de profesor, c\u00e2t \u0219i de p\u0103rinte.<\/li><li><strong>abilitatea de a dezvolta integrat elevul<\/strong>, cu aten\u021bie at\u00e2t la dimensiunea cognitiv\u0103, c\u00e2t \u0219i la cea socio-emo\u021bional\u0103 \u0219i comportamental\u0103 (auto-determinarea, abilitatea de a-\u0219i gestiona emo\u021biile, de a coopera).<\/li><li><strong>abilitatea de a forma parteneriate \u00een beneficiul elevului<\/strong> cu restul cancelariei, cu familia, cu autorit\u0103\u021bile relevante, cu donatori \u0219i finan\u021batori.<\/li><li><strong>abilitatea de a crea<\/strong> <strong>o cultur\u0103 a reu\u0219itei<\/strong> \u00een sala de clas\u0103, \u00een care elevul se va sim\u021bi \u00een siguran\u021b\u0103 \u0219i \u00eencurajat s\u0103 se autodep\u0103\u0219easc\u0103.<\/li><\/ul><p>Pe l\u00e2ng\u0103 sesiunile de training din Academia de Leadership \u0219i Pedagogie, un bootcamp de 6 s\u0103pt\u0103m\u00e2ni \u00een perioada iulie-august 2022, care te va preg\u0103ti pentru primele tale zile la catedr\u0103, Teach for Romania \u00ee\u021bi va oferi mentorat individual \u0219i de grup, grupuri de studiu\/ini\u021biativ\u0103, sprijin emo\u021bional \u0219i coaching pentru performan\u021b\u0103.<\/p><p>Programul Teach for Romania nu este unul de voluntariat. C\u0103ut\u0103m oameni care sunt dispu\u0219i s\u0103 munceasc\u0103 cu norm\u0103 \u00eentreag\u0103 \u00een \u00eenv\u0103\u021b\u0103m\u00e2ntul de stat pentru cel pu\u021bin doi ani. Teach for Romania suplimenteaz\u0103 veniturile profesorilor din program cu o burs\u0103 lunar\u0103 care variaz\u0103 \u00een func\u021bie de necesitatea de relocare, navet\u0103, gradul de defavorizare al \u0219colii \u00een care va preda.<\/p><p>\u00a0<\/p><p><strong>Impact pe termen lung sau ce se \u00eent\u00e2mpl\u0103 dup\u0103 cei 2 ani de program?<\/strong><\/p><p>Cei doi ani de program sunt doar \u00eenceputul. Dup\u0103 ce participan\u021bii \u00een\u021beleg \u00een profunzime realitatea educa\u021biei din Rom\u00e2nia, \u00ee\u0219i folosesc experien\u021ba pentru a schimba \u0219i mai mult sistemul educa\u021bional, din diverse roluri strategice:<\/p><ul><li>din interiorul \u0219colilor, ca profesori, directori, metodi\u0219ti sau inspectori \u0219colari;<\/li><li>prin ini\u021biative \u0219i proiecte ce sus\u021bin dezvoltarea comunitar\u0103 \u0219i social\u0103;<\/li><li>\u00een media, prin cre\u0219terea con\u0219tientiz\u0103rii \u00een ceea ce prive\u0219te statutul profesorilor \u0219i importan\u021ba educa\u021biei din Rom\u00e2nia;<\/li><li>prin formarea altor profesori;<\/li><li>prin influen\u021barea politicilor publice \u00een institu\u021bii, organiza\u021bii cu impact sistemic \u0219i partide.<\/li><\/ul><p>\u00cen 2021, comunitatea de alumni Teach for Romania a ajuns s\u0103 fie format\u0103 din 176 de absolven\u021bi ai programului, dintre care jum\u0103tate au ales s\u0103 r\u0103m\u00e2n\u0103 la catedr\u0103 \u00een \u0219coli publice din Rom\u00e2nia. Cu to\u021bii reprezint\u0103 schimbarea lent\u0103, dar sigur\u0103 \u0219i s\u0103n\u0103toas\u0103, de care educa\u021bia din Rom\u00e2nia are nevoie.<\/p><p><strong>Criterii de eligibilitate pentru \u00eenscriere<\/strong><\/p><p>Sunt eligibili cet\u0103\u021benii rom\u00e2ni, indiferent de v\u00e2rst\u0103 sau de experien\u021b\u0103 anterioar\u0103 de predare, absolven\u021bi ai unei forme de de \u00eenv\u0103\u021b\u0103m\u00e2nt superior sau studen\u021bi \u00een an terminal, care sunt dispu\u0219i ca timp de doi ani s\u0103 devin\u0103 educatori, \u00eenv\u0103\u021b\u0103tori sau profesori \u00eencadra\u021bi \u00een sistemul de \u00eenv\u0103\u021b\u0103m\u00e2nt de stat, \u00eentr-o \u0219coal\u0103 dintr-o comunitate vulnerabil\u0103, din urm\u0103toarele jude\u021be: Cluj, Olt, Prahova, Bucure\u0219ti, Ilfov, C\u0103l\u0103ra\u0219i, Gala\u021bi, Vrancea, Vaslui, Bac\u0103u, Ia\u0219i, Neam\u021b, Boto\u0219ani \u0219i Vaslui.<\/p><p><strong>\u00a0<\/strong>Mai multe detalii, aici: <a href=\"https:\/\/teachforromania.org\/\/inscrieri\">https:\/\/teachforromania.org\/\/inscrieri<\/a><\/p>\t\t\t\t\t\t\t\t<\/div>\n\t\t\t\t<\/div>\n\t\t\t\t\t<\/div>\n\t\t<\/div>\n\t\t\t\t\t<\/div>\n\t\t<\/section>\n\t\t\t\t<\/div>\n\t\t","protected":false},"excerpt":{"rendered":"<p>C\u0103ut\u0103m viitorii lideri \u00een educa\u021bie, oameni cu sau f\u0103r\u0103 experien\u021b\u0103 \u00een \u00eenv\u0103\u021b\u0103m\u00e2nt, care cred \u00een poten\u021bialul fiec\u0103rui copil \u0219i aleg s\u0103 predea cel pu\u021bin 2 ani \u00een \u0219colile vulnerabile din Rom\u00e2nia. Dator sau doctor? Acuzat sau avocat? Viitorul copiilor din mediile defavorizate depinde de deciziile pe care le lu\u0103m noi, ast\u0103zi, \u0219i de \u0219ansa elevilor [&hellip;]<\/p>\n","protected":false},"author":1,"featured_media":9661,"comment_status":"closed","ping_status":"closed","sticky":false,"template":"","format":"standard","meta":{"_acf_changed":false,"footnotes":""},"categories":[1431,21],"tags":[1321,1202,981,982],"class_list":["post-4890","post","type-post","status-publish","format-standard","has-post-thumbnail","hentry","category-comunicat-de-presa","category-implicare-in-educatie","tag-comunicat-de-presa","tag-recrutare-teach-for-romania","tag-start-recrutare","tag-teach-for-romania"],"acf":[],"_links":{"self":[{"href":"https:\/\/teachforromania.org\/en\/wp-json\/wp\/v2\/posts\/4890","targetHints":{"allow":["GET"]}}],"collection":[{"href":"https:\/\/teachforromania.org\/en\/wp-json\/wp\/v2\/posts"}],"about":[{"href":"https:\/\/teachforromania.org\/en\/wp-json\/wp\/v2\/types\/post"}],"author":[{"embeddable":true,"href":"https:\/\/teachforromania.org\/en\/wp-json\/wp\/v2\/users\/1"}],"replies":[{"embeddable":true,"href":"https:\/\/teachforromania.org\/en\/wp-json\/wp\/v2\/comments?post=4890"}],"version-history":[{"count":5,"href":"https:\/\/teachforromania.org\/en\/wp-json\/wp\/v2\/posts\/4890\/revisions"}],"predecessor-version":[{"id":11290,"href":"https:\/\/teachforromania.org\/en\/wp-json\/wp\/v2\/posts\/4890\/revisions\/11290"}],"wp:featuredmedia":[{"embeddable":true,"href":"https:\/\/teachforromania.org\/en\/wp-json\/wp\/v2\/media\/9661"}],"wp:attachment":[{"href":"https:\/\/teachforromania.org\/en\/wp-json\/wp\/v2\/media?parent=4890"}],"wp:term":[{"taxonomy":"category","embeddable":true,"href":"https:\/\/teachforromania.org\/en\/wp-json\/wp\/v2\/categories?post=4890"},{"taxonomy":"post_tag","embeddable":true,"href":"https:\/\/teachforromania.org\/en\/wp-json\/wp\/v2\/tags?post=4890"}],"curies":[{"name":"wp","href":"https:\/\/api.w.org\/{rel}","templated":true}]}}