{"id":4882,"date":"2021-09-18T14:23:54","date_gmt":"2021-09-18T14:23:54","guid":{"rendered":"https:\/\/dev3.atelieru.ro\/tfr\/\/?p=12994"},"modified":"2022-09-09T13:41:58","modified_gmt":"2022-09-09T13:41:58","slug":"prima-saptamana-de-scoala-cu-georgiana-riglea-si-adelina-pavelescu","status":"publish","type":"post","link":"https:\/\/teachforromania.org\/en\/prima-saptamana-de-scoala-cu-georgiana-riglea-si-adelina-pavelescu\/","title":{"rendered":"Prima s\u0103pt\u0103m\u00e2n\u0103 de \u0219coal\u0103\u00a0cu Georgiana Riglea \u0219i Adelina Pavelescu"},"content":{"rendered":"\t\t<div data-elementor-type=\"wp-post\" data-elementor-id=\"4882\" class=\"elementor elementor-4882\" data-elementor-post-type=\"post\">\n\t\t\t\t\t\t<section class=\"elementor-section elementor-top-section elementor-element elementor-element-300d9150 elementor-section-boxed elementor-section-height-default elementor-section-height-default\" data-id=\"300d9150\" data-element_type=\"section\">\n\t\t\t\t\t\t<div class=\"elementor-container elementor-column-gap-default\">\n\t\t\t\t\t<div class=\"elementor-column elementor-col-100 elementor-top-column elementor-element elementor-element-6153b0ab\" data-id=\"6153b0ab\" data-element_type=\"column\">\n\t\t\t<div class=\"elementor-widget-wrap elementor-element-populated\">\n\t\t\t\t\t\t<div class=\"elementor-element elementor-element-1b8c6074 elementor-widget elementor-widget-text-editor\" data-id=\"1b8c6074\" data-element_type=\"widget\" data-widget_type=\"text-editor.default\">\n\t\t\t\t<div class=\"elementor-widget-container\">\n\t\t\t\t\t\t\t\t\t<p>\u201eDac\u0103 nu vii la \u0219coal\u0103, vine \u0219coala la tine\u201d, i-a zis Georgiana, \u00eenv\u0103\u021b\u0103toare \u00een satul Mironeasa, jude\u021bul Ia\u0219i, unui elev care nu a venit primele zile la \u0219coal\u0103. Georgiana Riglea este \u00eenv\u0103\u021b\u0103toare \u00een genera\u021bia a opta Teach for Romania, pentru prima dat\u0103 la catedr\u0103, \u0219i ne poveste\u0219te c\u0103 s\u0103pt\u0103m\u00e2na aceasta a fost pentru ea un carusel de emo\u021bii. A hot\u0103r\u00e2t, al\u0103turi de elevii ei de clasa I, s\u0103 mearg\u0103 \u00een sat s\u0103 cunoasc\u0103 comunitatea. A\u0219a c\u0103, \u00eempreun\u0103 cu elevii, a fost la bibliotec\u0103 \u0219i \u0219i-au f\u0103cut to\u021bi permise de acces, a c\u00e2ntat pe uli\u021bele satului, a f\u0103cut cuno\u0219tin\u021b\u0103 cu oamenii comunit\u0103\u021bii, cu p\u0103rin\u021bi care au promis c\u0103 \u00ee\u0219i vor trimite copiii la \u0219coal\u0103 \u0219i cu un elev care a absentat de la \u0219coal\u0103 c\u00e2teva zile, f\u0103r\u0103 ca doamna s\u0103 \u0219tie de ce. I-a z\u00e2mbit \u0219i glumind, i-a spus \u201cDac\u0103 nu vii la \u0219coal\u0103, vine \u0219coala la tine!\u201d.<\/p><p>Georgiana consider\u0103 c\u0103 pentru a atrage copiii la \u0219coal\u0103 este important s\u0103 ai empatie, s\u0103 glume\u0219ti \u0219i s\u0103 \u00een\u021belegi \u201cde ce-ul\u201d unei situa\u021bii f\u0103r\u0103 sa \u00eel judeci. La sf\u00e2r\u0219itul orelor, elevii \u00eei aduc bile\u021bele cu declara\u021bii, desene colorate frumos cu inimioare \u0219i mesaje din care cu greu reu\u0219e\u0219ti s\u0103 descifrezi ce au vrut s\u0103 scrie. De\u0219i foarte organizat\u0103 \u0219i preg\u0103tit\u0103 cu planific\u0103rile \u0219i planul de lec\u021bie, a sim\u021bit \u00eenc\u0103 din prima s\u0103pt\u0103m\u00e2n\u0103 c\u0103 ceea ce avea ea preg\u0103tit conform programei \u0219colare nu se poate aplica la clas\u0103: elevi de 10 \u0219i 12 ani \u00een clasa I, elevi repeten\u021bi, elevi care nu recunosc cifrele \u0219i unele litere, care nu au rutine. Dincolo de \u0219coal\u0103, a observat c\u0103 nici unii p\u0103rin\u021bi nu \u0219tiu s\u0103 scrie, ceea ce a determinat-o \u0219i mai tare pe Georgiana s\u0103 se implice \u00een comunitate.<\/p><p><img fetchpriority=\"high\" decoding=\"async\" class=\"alignright wp-image-13008 \" src=\"https:\/\/teachforromania.org\/\/wp-content\/uploads\/ade-pave-2-169x300.jpg\" alt=\"\" width=\"175\" height=\"311\" \/><\/p><p>La fel, \u00een Bra\u0219ov, Adelina Pavelescu a devenit \u00eenv\u0103\u021b\u0103toare pentru elevii de la clasa a IV-a din satul Arini. \u0218i pentru ea, acesta este primul an \u00een \u00eenv\u0103\u021b\u0103m\u00e2nt. Marea provocare pe care a \u00eent\u00e2mpinat-o \u00een prima s\u0103pt\u0103m\u00e2n\u0103 de \u0219coal\u0103 a fost lipsa p\u0103rin\u021bilor din comunitate, care sunt pleca\u021bi \u00een str\u0103in\u0103tate, c\u00e2t \u0219i nivelul sc\u0103zut de cuno\u0219tin\u021be al elevilor. Ca s\u0103 nu mai existe conflicte \u00eentre elevi, \u201edoamna\u201d a venit cu ideea semn\u0103rii unui contract \u00een care elevii se angajeaz\u0103 s\u0103 respecte regulile \u0219i consecin\u021bele stabilite tot de ei. Adelina \u00ee\u0219i propune, \u00eempreun\u0103 cu mediatorul \u0219colar, s\u0103 fac\u0103 vizite \u0219i s\u0103 afle care sunt nevoile \u00een comunitate. P\u00e2n\u0103 atunci, \u00eencearc\u0103 s\u0103 cunoasc\u0103 fiecare elev \u00een parte \u0219i s\u0103 \u00eei atrag\u0103 pe c\u00e2t mai mul\u021bi \u00eenapoi, la \u0219coal\u0103.<\/p><p>Pe l\u00e2ng\u0103 a preda \u0219i a-i \u00eenv\u0103\u021ba s\u0103 scrie \u0219i s\u0103 citeasc\u0103, profesorii Teach for Romania construiesc caractere. \u00cei ajut\u0103 pe copii s\u0103 \u00ee\u0219i descopere poten\u021bialul \u0219i s\u0103-l dezvolte, cu mult\u0103 munc\u0103, aten\u021bie \u0219i nu \u00een ultimul r\u00e2nd, cu mult\u0103 \u00eencredere c\u0103 pot reu\u0219i.<\/p><h4 style=\"text-align: center;\"><a href=\"https:\/\/teachforromania.us9.list-manage.com\/subscribe?u=74b827aa100449573980457ff&amp;id=f2376993ca\">Aboneaz\u0103-te la newsletterul nostru pentru a afla ce mai facem \u00een Teach for Romania.<\/a><\/h4>\t\t\t\t\t\t\t\t<\/div>\n\t\t\t\t<\/div>\n\t\t\t\t\t<\/div>\n\t\t<\/div>\n\t\t\t\t\t<\/div>\n\t\t<\/section>\n\t\t\t\t<\/div>\n\t\t","protected":false},"excerpt":{"rendered":"<p>\u201eDac\u0103 nu vii la \u0219coal\u0103, vine \u0219coala la tine\u201d, i-a zis Georgiana, \u00eenv\u0103\u021b\u0103toare \u00een satul Mironeasa, jude\u021bul Ia\u0219i, unui elev care nu a venit primele zile la \u0219coal\u0103. Georgiana Riglea este \u00eenv\u0103\u021b\u0103toare \u00een genera\u021bia a opta Teach for Romania, pentru prima dat\u0103 la catedr\u0103, \u0219i ne poveste\u0219te c\u0103 s\u0103pt\u0103m\u00e2na aceasta a fost pentru ea un [&hellip;]<\/p>\n","protected":false},"author":2,"featured_media":9234,"comment_status":"closed","ping_status":"closed","sticky":false,"template":"","format":"standard","meta":{"_acf_changed":false,"footnotes":""},"categories":[18],"tags":[1357,973,1358,1195,1359,982],"class_list":["post-4882","post","type-post","status-publish","format-standard","has-post-thumbnail","hentry","category-profesori-si-alumni","tag-adelina-pavelescu","tag-construim-modele-pentru-viitor","tag-georgiana-riglea","tag-povesti-din-scoala","tag-prima-zi-de-scoala","tag-teach-for-romania"],"acf":[],"_links":{"self":[{"href":"https:\/\/teachforromania.org\/en\/wp-json\/wp\/v2\/posts\/4882","targetHints":{"allow":["GET"]}}],"collection":[{"href":"https:\/\/teachforromania.org\/en\/wp-json\/wp\/v2\/posts"}],"about":[{"href":"https:\/\/teachforromania.org\/en\/wp-json\/wp\/v2\/types\/post"}],"author":[{"embeddable":true,"href":"https:\/\/teachforromania.org\/en\/wp-json\/wp\/v2\/users\/2"}],"replies":[{"embeddable":true,"href":"https:\/\/teachforromania.org\/en\/wp-json\/wp\/v2\/comments?post=4882"}],"version-history":[{"count":3,"href":"https:\/\/teachforromania.org\/en\/wp-json\/wp\/v2\/posts\/4882\/revisions"}],"predecessor-version":[{"id":10730,"href":"https:\/\/teachforromania.org\/en\/wp-json\/wp\/v2\/posts\/4882\/revisions\/10730"}],"wp:featuredmedia":[{"embeddable":true,"href":"https:\/\/teachforromania.org\/en\/wp-json\/wp\/v2\/media\/9234"}],"wp:attachment":[{"href":"https:\/\/teachforromania.org\/en\/wp-json\/wp\/v2\/media?parent=4882"}],"wp:term":[{"taxonomy":"category","embeddable":true,"href":"https:\/\/teachforromania.org\/en\/wp-json\/wp\/v2\/categories?post=4882"},{"taxonomy":"post_tag","embeddable":true,"href":"https:\/\/teachforromania.org\/en\/wp-json\/wp\/v2\/tags?post=4882"}],"curies":[{"name":"wp","href":"https:\/\/api.w.org\/{rel}","templated":true}]}}