{"id":4875,"date":"2021-08-30T09:00:08","date_gmt":"2021-08-30T09:00:08","guid":{"rendered":"https:\/\/dev3.atelieru.ro\/tfr\/\/?p=12796"},"modified":"2022-09-09T13:44:19","modified_gmt":"2022-09-09T13:44:19","slug":"bianca-nichitean-invatatoarea-care-a-adus-alfabetul-in-viata-imediata-a-copiilor","status":"publish","type":"post","link":"https:\/\/teachforromania.org\/en\/bianca-nichitean-invatatoarea-care-a-adus-alfabetul-in-viata-imediata-a-copiilor\/","title":{"rendered":"Sunt aici ca s\u0103 Teach: dou\u0103 eleve, primele din familie care au \u00eenv\u0103\u021bat cu Bianca s\u0103 scrie \u0219i s\u0103 citeasc\u0103"},"content":{"rendered":"\t\t<div data-elementor-type=\"wp-post\" data-elementor-id=\"4875\" class=\"elementor elementor-4875\" data-elementor-post-type=\"post\">\n\t\t\t\t\t\t<section class=\"elementor-section elementor-top-section elementor-element elementor-element-5bca08ac elementor-section-boxed elementor-section-height-default elementor-section-height-default\" data-id=\"5bca08ac\" data-element_type=\"section\">\n\t\t\t\t\t\t<div class=\"elementor-container elementor-column-gap-default\">\n\t\t\t\t\t<div class=\"elementor-column elementor-col-100 elementor-top-column elementor-element elementor-element-589f640c\" data-id=\"589f640c\" data-element_type=\"column\">\n\t\t\t<div class=\"elementor-widget-wrap elementor-element-populated\">\n\t\t\t\t\t\t<div class=\"elementor-element elementor-element-2eed321b elementor-widget elementor-widget-text-editor\" data-id=\"2eed321b\" data-element_type=\"widget\" data-widget_type=\"text-editor.default\">\n\t\t\t\t<div class=\"elementor-widget-container\">\n\t\t\t\t\t\t\t\t\t<p>Bianca Nichitean este \u00eenv\u0103\u021b\u0103toare \u00eentr-o comunitate din jude\u021bul Bra\u0219ov. \u00cen septembrie 2020, a pornit anul \u0219colar cu un efectiv de 28 copii, \u00eens\u0103 pu\u021bini dintre ei veneau la \u0219coal\u0103 la acel moment.<\/p><p>Are initiativa, asa ca a luat legatura cu o bunic\u0103 de-a unui copil care a dus-o din poart\u0103 \u00een poart\u0103, in comunitate\u00a0 \u0219i a\u0219a a aflat c\u0103 doi copii trecu\u021bi \u00een catalog erau pleca\u021bi \u00een str\u0103in\u0103tate cu familiile lor, iar dou\u0103 feti\u021be nu fuseser\u0103 niciodat\u0103 la \u0219coal\u0103 \u0219i nici la gr\u0103dini\u021b\u0103.<\/p><p>Bianca a mers constant la ele acas\u0103, ba chiar a str\u00e2ns fonduri din r\u00e2ndul prietenilor \u0219i fo\u0219tilor colegi de serviciu pentru rechizite \u0219i haine, iar \u00een felul acesta Maria \u0219i Patricia* au \u00eenceput s\u0103 prind\u0103 \u00eencredere \u00een \u201edoamna\u201d.<\/p><p>At\u00e2t Maria, c\u00e2t \u0219i Patricia provin din familii numeroase cu 5, respectiv 7 fra\u021bi, cu p\u0103rin\u021bi ne\u0219tiutori de carte \u0219i fra\u021bi care le aruncau pe foc caietele.<\/p><p>Bianca a mers s\u0103pt\u0103m\u00e2nal la ele, \u00een fa\u021ba por\u021bii, \u0219i f\u0103ceau ore din ma\u0219in\u0103, pentru c\u0103 tabletele au fost sparte de fra\u021bii mai mici. A \u00eenceput \u00eencet-\u00eencet s\u0103 le \u00eenve\u021be literele, fiind \u00een clasa I.<\/p><p>\u00cenv\u0103\u021b\u0103toarea \u0219i-a propus \u00een primul semestru s\u0103-i \u00eenve\u021be pe copii literele, \u00eens\u0103 \u0219i-a dat seama c\u0103 abordarea nu era una tocmai potrivit\u0103 pentru ni\u0219te copii care nu au mers niciodat\u0103 la gr\u0103dini\u021b\u0103 sau la scoala.<\/p><p>Ambele fete \u021bineau cu greu creionul \u00een m\u00e2n\u0103, iar atunci, Bianca \u0219i-a dat seama c\u0103 e important s\u0103 le \u00eenve\u021be s\u0103 fac\u0103 bastona\u0219e, liniu\u021be.<\/p><p>\u00cen semestrul al doilea, le-a cump\u0103rat haine, \u00eenc\u0103l\u021b\u0103minte \u0219i preg\u0103tea zilnic c\u00e2teva pache\u021bele \u00een plus pentru ca to\u021bi copiii s\u0103 poat\u0103 veni la orele fizice.<\/p><p>De atunci, Maria \u0219i Patricia au venit constant la \u0219coal\u0103, iar c\u00e2nd se \u00eent\u00e2mpla ca una dintre ele s\u0103 nu poat\u0103 veni la ore, Bianca era anun\u021bat\u0103 de c\u0103tre p\u0103rin\u021bi care era motivul.<\/p><p>Invatand alfabetul, \u00eenv\u0103\u021b\u0103toarea si-a dat seama ca e nevoie de o poveste sau o experien\u021b\u0103 care s\u0103 aduc\u0103 alfabetul \u00een via\u021ba imediat\u0103, concret\u0103, a copiilor, asa ca \u201cintr-o zi le-am dus kiwi la ore \u0219i am \u00eencercat s\u0103 duc totul \u00een concret, s\u0103 fac \u00eenv\u0103\u021barea vizibil\u0103. A fost o mare realizare c\u00e2nd copiii au \u00eenceput s\u0103 respecte liniatura, s\u0103 lase un p\u0103tr\u0103\u021bel liber \u0219i s\u0103 scrie literele si numerele p\u00e2n\u0103 la 10 cresc\u0103tor \u0219i descresc\u0103tor\u201d.<\/p><p>Maria \u0219i Patricia sunt primii copii din familiile lor care au \u00eenv\u0103\u021bat s\u0103 scrie \u0219i s\u0103 citeasc\u0103.<\/p><p>\u00cenv\u0103\u021barea nu s-a terminat, \u00eens\u0103 primii pa\u0219i au fost crea\u021bi. F\u0103r\u0103 ace\u0219tia, se poate ca feti\u021bele s\u0103 fi abandonat complet \u0219coala sau s\u0103 vin\u0103 la \u0219coal\u0103, dar f\u0103r\u0103 s\u0103 primeasc\u0103 mai nimic din orele petrecute \u00een banc\u0103.<\/p><p>Din p\u0103cate, vedem des acest scenariu.<\/p><p>La \u00eenceputul anului \u0219colar trecut, profesorii Teach for Romania de clasele II-VIII aveau, \u00een medie, 4 elevi la clas\u0103 care nu \u0219tiau s\u0103 scrie \u0219i s\u0103 citeasc\u0103 \u0219i 6 elevi cu dificult\u0103\u021bi de \u00een\u021belegere a textului.<\/p><p>Drama analfabetismului din Romania \u00eencepe din primii ani de \u0219coal\u0103, cu mult \u00eenainte de a m\u0103sura prin teste standardizate, precum PISA, ce \u0219tiu copiii de 15 ani.<\/p><p>\u00cen mediile vulnerabile, profesorii Teach for Romania se \u00eent\u00e2lnesc des cu astfel de provoc\u0103ri: absen\u021ba copiilor de la ore, copii care nu au fost niciodat\u0103 la \u0219coal\u0103, lipsuri materiale care contribuie semnificativ la abandonul \u0219colar, copii ai c\u0103ror p\u0103rin\u021bi nu \u0219tiu s\u0103 scrie \u0219i s\u0103 citeasc\u0103 \u0219i nu numai.<\/p><p>Viitorul copiilor din astfel de medii poate fi schimbat cu ajutorul profesorilor care ies dincolo de sala de clas\u0103, vorbesc cu p\u0103rin\u021bii, construiesc o rela\u021bie bazat\u0103 pe \u00eencredere \u0219i creeaz\u0103 din \u0219coal\u0103 un loc sigur de \u00eenv\u0103\u021bare, adaptat nevoilor elevilor.<\/p><p><em>*Numele copiilor au fost schimbate.<\/em><\/p><h4 style=\"text-align: left;\"><a href=\"https:\/\/teachforromania.us9.list-manage.com\/subscribe?u=74b827aa100449573980457ff&amp;id=f2376993ca\">Aboneaz\u0103-te la newsletterul nostru pentru a afla ce mai facem \u00een Teach for Romania.<\/a><\/h4>\t\t\t\t\t\t\t\t<\/div>\n\t\t\t\t<\/div>\n\t\t\t\t\t<\/div>\n\t\t<\/div>\n\t\t\t\t\t<\/div>\n\t\t<\/section>\n\t\t\t\t<\/div>\n\t\t","protected":false},"excerpt":{"rendered":"<p>Bianca Nichitean este \u00eenv\u0103\u021b\u0103toare \u00eentr-o comunitate din jude\u021bul Bra\u0219ov. \u00cen septembrie 2020, a pornit anul \u0219colar cu un efectiv de 28 copii, \u00eens\u0103 pu\u021bini dintre ei veneau la \u0219coal\u0103 la acel moment. Are initiativa, asa ca a luat legatura cu o bunic\u0103 de-a unui copil care a dus-o din poart\u0103 \u00een poart\u0103, in comunitate\u00a0 \u0219i [&hellip;]<\/p>\n","protected":false},"author":2,"featured_media":9185,"comment_status":"closed","ping_status":"closed","sticky":false,"template":"","format":"standard","meta":{"_acf_changed":false,"footnotes":""},"categories":[18],"tags":[1352,1305,1195],"class_list":["post-4875","post","type-post","status-publish","format-standard","has-post-thumbnail","hentry","category-profesori-si-alumni","tag-bianca-nichitean","tag-literatie","tag-povesti-din-scoala"],"acf":[],"_links":{"self":[{"href":"https:\/\/teachforromania.org\/en\/wp-json\/wp\/v2\/posts\/4875","targetHints":{"allow":["GET"]}}],"collection":[{"href":"https:\/\/teachforromania.org\/en\/wp-json\/wp\/v2\/posts"}],"about":[{"href":"https:\/\/teachforromania.org\/en\/wp-json\/wp\/v2\/types\/post"}],"author":[{"embeddable":true,"href":"https:\/\/teachforromania.org\/en\/wp-json\/wp\/v2\/users\/2"}],"replies":[{"embeddable":true,"href":"https:\/\/teachforromania.org\/en\/wp-json\/wp\/v2\/comments?post=4875"}],"version-history":[{"count":3,"href":"https:\/\/teachforromania.org\/en\/wp-json\/wp\/v2\/posts\/4875\/revisions"}],"predecessor-version":[{"id":10736,"href":"https:\/\/teachforromania.org\/en\/wp-json\/wp\/v2\/posts\/4875\/revisions\/10736"}],"wp:featuredmedia":[{"embeddable":true,"href":"https:\/\/teachforromania.org\/en\/wp-json\/wp\/v2\/media\/9185"}],"wp:attachment":[{"href":"https:\/\/teachforromania.org\/en\/wp-json\/wp\/v2\/media?parent=4875"}],"wp:term":[{"taxonomy":"category","embeddable":true,"href":"https:\/\/teachforromania.org\/en\/wp-json\/wp\/v2\/categories?post=4875"},{"taxonomy":"post_tag","embeddable":true,"href":"https:\/\/teachforromania.org\/en\/wp-json\/wp\/v2\/tags?post=4875"}],"curies":[{"name":"wp","href":"https:\/\/api.w.org\/{rel}","templated":true}]}}