{"id":4848,"date":"2021-05-07T10:15:12","date_gmt":"2021-05-07T10:15:12","guid":{"rendered":"https:\/\/dev3.atelieru.ro\/tfr\/\/?p=12079"},"modified":"2022-09-09T14:02:40","modified_gmt":"2022-09-09T14:02:40","slug":"podcast-teach-la-fata-locului-episodul-4","status":"publish","type":"post","link":"https:\/\/teachforromania.org\/en\/podcast-teach-la-fata-locului-episodul-4\/","title":{"rendered":"[Podcast] Teach la fa\u021ba locului &#8211; episodul 4"},"content":{"rendered":"\t\t<div data-elementor-type=\"wp-post\" data-elementor-id=\"4848\" class=\"elementor elementor-4848\" data-elementor-post-type=\"post\">\n\t\t\t\t\t\t<section class=\"elementor-section elementor-top-section elementor-element elementor-element-2f793d8c elementor-section-boxed elementor-section-height-default elementor-section-height-default\" data-id=\"2f793d8c\" data-element_type=\"section\">\n\t\t\t\t\t\t<div class=\"elementor-container elementor-column-gap-default\">\n\t\t\t\t\t<div class=\"elementor-column elementor-col-100 elementor-top-column elementor-element elementor-element-7fbc7f35\" data-id=\"7fbc7f35\" data-element_type=\"column\">\n\t\t\t<div class=\"elementor-widget-wrap elementor-element-populated\">\n\t\t\t\t\t\t<div class=\"elementor-element elementor-element-7cba7ea3 elementor-widget elementor-widget-text-editor\" data-id=\"7cba7ea3\" data-element_type=\"widget\" data-widget_type=\"text-editor.default\">\n\t\t\t\t<div class=\"elementor-widget-container\">\n\t\t\t\t\t\t\t\t\t<iframe src=\"https:\/\/widget.spreaker.com\/player?episode_id=44677198&amp;theme=light&amp;playlist=false&amp;playlist-continuous=false&amp;chapters-image=true&amp;episode_image_position=right&amp;hide-likes=false&amp;hide-comments=false&amp;hide-sharing=false&amp;hide-logo=false&amp;hide-download=true\" width=\"100%\" height=\"200px\" frameborder=\"0\"><\/iframe><p><em>un podcast Teach for Romania, prezentat de <a href=\"https:\/\/www.unicredit.ro\/ro\/persoane-fizice.html#home\">Unicredit Bank<\/a><\/em><\/p><p>Podcast disponibil pe <a href=\"https:\/\/podcasts.apple.com\/us\/podcast\/teach-la-fa%C8%9Ba-locului\/id1552744505?uo=4\">Apple Podcast<\/a>, <a href=\"https:\/\/open.spotify.com\/show\/2jhE0dgZELdHTNxBNdDm76\">Spotify, <\/a><a href=\"https:\/\/www.google.com\/podcasts?feed=aHR0cHM6Ly93d3cuc3ByZWFrZXIuY29tL3Nob3cvNDc3OTQzOS9lcGlzb2Rlcy9mZWVk\">Google Podcasts <\/a>\u0219i <a href=\"https:\/\/www.deezer.com\/show\/2282752\">Deezer<\/a><\/p><p>***<\/p><p>Vorbim despre \u00eenv\u0103\u021barea socio-emo\u021bional\u0103, adic\u0103 modul \u00een care copii \u00eenva\u021b\u0103 mai bine atunci c\u00e2nd au o minte lini\u0219tit\u0103. Profesorii sus\u021binu\u021bi de Teach for Romania nu livreaz\u0103 la clasa doar cuno\u0219tin\u021be generale despre matematic\u0103, limbi str\u0103ine sau biologie, ci \u00eei preg\u0103tesc pe ce mici pentru via\u021b\u0103, \u00eenv\u0103\u021b\u00e2ndu-i lucruri precum empatie, determinare sau auto-reglare.<\/p><p><strong>Noi suntem magia!<\/strong><\/p><p>\u00cen episodul de ast\u0103zi mergem la \u015ecoala Gimnazial\u0103 \u201eGheorghe Manu\u201c din Bude\u015fti, jude\u0163ul C\u0103l\u0103ra\u015fi.\u00a0 Acolo, \u00een vacan\u021b\u0103, cu c\u00e2teva zile \u00eenaintea Pa\u0219telui, ne-am \u00eent\u00e2lnit la soare, \u00een curtea \u0219colii cu Jessica, Cami, Iasmine, Jacqueline \u0219i Nina, profesor de geografie sus\u021binut de Teach for Romania \u0219i dirigint\u0103 la clasa a VII-a. Am stat mai bine de o or\u0103 \u00een care am vorbit despre scopuri \u00een via\u021b\u0103, sus\u021binere \u0219i ce face \u0219coala ca s\u0103 te preg\u0103teasc\u0103 pentru via\u021b\u0103, \u00eentr-o comunitate mic\u0103, precum cea din Bude\u0219ti.<\/p><p>Dup\u0103 p\u0103rerea fetelor, \u0219coala ar trebui s\u0103 te preg\u0103teasc\u0103 pentru via\u021b\u0103. Au exemplul p\u0103rin\u021bilor de acas\u0103, care din diferite motive nu au putut continua \u0219coala. Vor s\u0103 fac\u0103 mai mult, s\u0103 reu\u0219easc\u0103 \u00een via\u021b\u0103, chiar \u0219i-au ales de pe acum meserii curajoase, precum avocat sau poli\u021bist.<\/p><p><img fetchpriority=\"high\" decoding=\"async\" class=\"aligncenter size-full wp-image-12081\" src=\"https:\/\/teachforromania.org\/\/wp-content\/uploads\/IMG_2219.jpg\" alt=\"\" width=\"2048\" height=\"1365\" \/><\/p><p><strong>Colaborare, nu competi\u021bie<\/strong><\/p><p>\u00cen clasa fetelor, nu e o competi\u021bie. Vezi rar exemple de colaborare, de ajutor al colegilor, iar reu\u0219ita Ninei, diriginta lor se vede aici, \u00een modul \u00een care a reu\u0219it s\u0103 mobilizeze clasa s\u0103 fie o echip\u0103. Printr-o activitate, Nina i-a mutat \u00een banc\u0103 al\u0103turi de colegii pe care \u00eei pot ajuta. A\u0219a a reu\u0219it s\u0103 \u00eei determine s\u0103 colaboreze \u0219i s\u0103 urce media general\u0103 a clasei. \u201eNu ne-am \u00een\u021beles to\u021bi de la \u00eenceput\u201d, m\u0103rturisesc fetele, dar acum sunt m\u00e2ndre c\u0103 sunt cu to\u021bii o echip\u0103. De exemplu, Jessie a fost pus\u0103 \u00een banc\u0103 cu Claudiu, un elev mai slab la matematic\u0103. Cu ajutorul ei, b\u0103iatul a \u00een\u021beles \u0219i acum media sa a crescut cu un punct.<\/p><p>Cu oameni ca Nina, \u0219coala se schimb\u0103 u\u0219or-u\u0219or. Spune c\u0103 e norocoas\u0103 c\u0103 are colegi implica\u021bi \u0219i deschi\u0219i. Se vede asta mai ales la ac\u021biunile de voluntariat pe care le organizeaz\u0103 an de an \u0219i la care particip\u0103 aproape toat\u0103 \u0219coala. Dac\u0103 faci o vizit\u0103 \u0219colii din Bude\u0219ti, o s\u0103 sim\u021bi acest sprijit de colaboarare \u0219i implicare. Clasele arat\u0103 minunat, pere\u021bii sunt plini de materiale din activit\u0103\u021bi extra-\u0219colare, iar \u00een curte plute\u0219te un aer de optimism. Am vrut s\u0103 afl\u0103m cum po\u021bi \u00eenv\u0103\u021ba copiii s\u0103 fie oameni buni \u0219i cum po\u021bi s\u0103 \u00eei mobilizezi atunci c\u00e2nd ai \u00een orar o singur\u0103 or\u0103 de geografie pe s\u0103pt\u0103m\u00e2n\u0103. Nina \u00ee\u0219i planific\u0103 cu aten\u021bie fiecare lec\u021bie, dup\u0103 un model \u00eenv\u0103\u021bat de la Teach for Romania. La fiecare lec\u021bie, introduce, de exemplu no\u021biuni de con\u0219tientizare social\u0103 \u0219i \u00eei \u00eendeamn\u0103 pe elevi s\u0103 cunoasc\u0103 culturile \u0219i tradi\u021biile altor popoare din Asia sau Africa. Dincolo de asta, planific\u0103 mereu activit\u0103\u021bi extra-sociale. Recent, a participat \u00eentr-un proiect al\u0103turi de o \u0219coal\u0103 din Liban.<\/p><p><strong>A abandonat 3 ani \u0219coala \u0219i acum e o elev\u0103 de nota 10<\/strong><\/p><p>Vizita la Bude\u0219ti ne-a \u00eenv\u0103\u021bat o lec\u021bie, prin povestea de via\u021b\u0103 a lui Jacqueline. Cu un discurs perfect, ne-a povestit c\u0103 vrea s\u0103 devin\u0103 \u00eenv\u0103\u021b\u0103toare \u0219i poate, s\u0103 se \u00eentoarc\u0103 s\u0103 predea \u00een \u0219coala sa. Nina a ajutat-o \u00een decizie, observ\u00e2ndu-i r\u0103bdarea \u0219i dorin\u021ba de cunoa\u0219tere.<\/p><p>Pare o poveste frumoas\u0103, dar nu a fost mereu a\u0219a. Avem \u00een fa\u021b\u0103 un exemplu perfect care ne arat\u0103 cum oamenii, \u0219coala \u0219i profesorii pot schimba cu adev\u0103rat vie\u021bi, iar decizia lui Jacqueline de a se face \u00eenv\u0103\u021b\u0103toare nu e deloc \u00eent\u00e2mpl\u0103toare. Asta pentru c\u0103 \u00een clasa a VI-a, fata a renun\u021bat pentru 3 ani la \u0219coal\u0103, f\u0103r\u0103 niciun motiv aparent. A fost un proces \u00een care \u0219i-a dat seama singur\u0103 de importan\u021ba educa\u021biei \u0219i atunci s-a re\u00eentors \u00een clas\u0103. \u00centoarcerea a fost una cu succes, iar dovad\u0103 stau mediile doar de 9 \u0219i 10 din catalog \u0219i men\u021biunea ob\u021binut\u0103 la olimpiada de englez\u0103.<\/p><p>Clasa a VII-a are \u00een fiecare an c\u00e2te o viziune, o fraz\u0103 cheie dup\u0103 care se ghideaz\u0103 \u00een decizii \u0219i activitate. Anul trecut a fost \u201eprin colaborare reu\u0219im\u201d, iar \u00een acest an au ales \u201enoi suntem magia\u201d. Fetele sunt de p\u0103rere c\u0103 nu au nevoie de vreo magie pentru a reu\u0219i. Puterea st\u0103 \u00een ei, \u00een echipa lor \u0219i \u00een dorin\u021ba de a deveni oameni buni.<\/p><h4 style=\"text-align: center;\"><a href=\"https:\/\/teachforromania.us9.list-manage.com\/subscribe?u=74b827aa100449573980457ff&amp;id=f2376993ca\">Aboneaz\u0103-te la newsletterul nostru pentru a afla ce mai facem \u00een Teach for Romania.<\/a><\/h4>\t\t\t\t\t\t\t\t<\/div>\n\t\t\t\t<\/div>\n\t\t\t\t\t<\/div>\n\t\t<\/div>\n\t\t\t\t\t<\/div>\n\t\t<\/section>\n\t\t\t\t<\/div>\n\t\t","protected":false},"excerpt":{"rendered":"<p>un podcast Teach for Romania, prezentat de Unicredit Bank Podcast disponibil pe Apple Podcast, Spotify, Google Podcasts \u0219i Deezer *** Vorbim despre \u00eenv\u0103\u021barea socio-emo\u021bional\u0103, adic\u0103 modul \u00een care copii \u00eenva\u021b\u0103 mai bine atunci c\u00e2nd au o minte lini\u0219tit\u0103. Profesorii sus\u021binu\u021bi de Teach for Romania nu livreaz\u0103 la clasa doar cuno\u0219tin\u021be generale despre matematic\u0103, limbi str\u0103ine [&hellip;]<\/p>\n","protected":false},"author":2,"featured_media":8985,"comment_status":"closed","ping_status":"closed","sticky":false,"template":"","format":"standard","meta":{"_acf_changed":false,"footnotes":""},"categories":[18],"tags":[1296,990,973,1303,1195,1320,1304],"class_list":["post-4848","post","type-post","status-publish","format-standard","has-post-thumbnail","hentry","category-profesori-si-alumni","tag-abilitati-socio-emotionale","tag-budesti","tag-construim-modele-pentru-viitor","tag-podcast-teach-for-romania","tag-povesti-din-scoala","tag-sel","tag-teach-la-fata-locului"],"acf":[],"_links":{"self":[{"href":"https:\/\/teachforromania.org\/en\/wp-json\/wp\/v2\/posts\/4848","targetHints":{"allow":["GET"]}}],"collection":[{"href":"https:\/\/teachforromania.org\/en\/wp-json\/wp\/v2\/posts"}],"about":[{"href":"https:\/\/teachforromania.org\/en\/wp-json\/wp\/v2\/types\/post"}],"author":[{"embeddable":true,"href":"https:\/\/teachforromania.org\/en\/wp-json\/wp\/v2\/users\/2"}],"replies":[{"embeddable":true,"href":"https:\/\/teachforromania.org\/en\/wp-json\/wp\/v2\/comments?post=4848"}],"version-history":[{"count":3,"href":"https:\/\/teachforromania.org\/en\/wp-json\/wp\/v2\/posts\/4848\/revisions"}],"predecessor-version":[{"id":10765,"href":"https:\/\/teachforromania.org\/en\/wp-json\/wp\/v2\/posts\/4848\/revisions\/10765"}],"wp:featuredmedia":[{"embeddable":true,"href":"https:\/\/teachforromania.org\/en\/wp-json\/wp\/v2\/media\/8985"}],"wp:attachment":[{"href":"https:\/\/teachforromania.org\/en\/wp-json\/wp\/v2\/media?parent=4848"}],"wp:term":[{"taxonomy":"category","embeddable":true,"href":"https:\/\/teachforromania.org\/en\/wp-json\/wp\/v2\/categories?post=4848"},{"taxonomy":"post_tag","embeddable":true,"href":"https:\/\/teachforromania.org\/en\/wp-json\/wp\/v2\/tags?post=4848"}],"curies":[{"name":"wp","href":"https:\/\/api.w.org\/{rel}","templated":true}]}}