{"id":4827,"date":"2021-03-21T15:14:08","date_gmt":"2021-03-21T15:14:08","guid":{"rendered":"https:\/\/dev3.atelieru.ro\/tfr\/\/?p=11376"},"modified":"2022-09-09T14:43:57","modified_gmt":"2022-09-09T14:43:57","slug":"construim-modele-pentru-viitor-alaturi-de-cosmin-codrea-alumn-teach-for-romania","status":"publish","type":"post","link":"https:\/\/teachforromania.org\/en\/construim-modele-pentru-viitor-alaturi-de-cosmin-codrea-alumn-teach-for-romania\/","title":{"rendered":"De profesie \u00eenv\u0103\u021b\u0103tor &#8211; Cosmin Codrea"},"content":{"rendered":"\t\t<div data-elementor-type=\"wp-post\" data-elementor-id=\"4827\" class=\"elementor elementor-4827\" data-elementor-post-type=\"post\">\n\t\t\t\t\t\t<section class=\"elementor-section elementor-top-section elementor-element elementor-element-27d5a2d1 elementor-section-boxed elementor-section-height-default elementor-section-height-default\" data-id=\"27d5a2d1\" data-element_type=\"section\">\n\t\t\t\t\t\t<div class=\"elementor-container elementor-column-gap-default\">\n\t\t\t\t\t<div class=\"elementor-column elementor-col-100 elementor-top-column elementor-element elementor-element-65438850\" data-id=\"65438850\" data-element_type=\"column\">\n\t\t\t<div class=\"elementor-widget-wrap elementor-element-populated\">\n\t\t\t\t\t\t<div class=\"elementor-element elementor-element-94779aa elementor-widget elementor-widget-text-editor\" data-id=\"94779aa\" data-element_type=\"widget\" data-widget_type=\"text-editor.default\">\n\t\t\t\t<div class=\"elementor-widget-container\">\n\t\t\t\t\t\t\t\t\t<p>Dup\u0103 finalizarea studiilor \u00een biologie, Cosmin a lucrat o scurt\u0103 perioad\u0103 ca profesor, iar apoi mai bine de cinci ani \u00een industria farmaceutic\u0103.<\/p><p>Abia \u00een practica pedagogic\u0103 de la finalul facult\u0103\u021bii \u0219i-a dat seama c\u0103 i-ar pl\u0103cea s\u0103 devin\u0103 profesor.<\/p><p>De altfel, primea constant \u00eencuraj\u0103ri c\u0103 se descurc\u0103 \u0219i c\u0103 ar fi o meserie care i s-ar potrivi.<\/p><p>Teach for Romania a ap\u0103rut \u00een via\u021ba lui \u00eentr-un moment \u00een care era hot\u0103r\u00e2t s\u0103 se \u00eentoarc\u0103 \u00een sistem \u0219i a contat foarte mult sprijinul comunit\u0103\u021bii \u00een problemele cu care se confruntase anterior \u0219i pentru care nu g\u0103sea solu\u021bii. Aici a \u00eenv\u0103\u021bat cum s\u0103 gestioneze situa\u021biile dificile de la clas\u0103, cum s\u0103 r\u0103m\u00e2n\u0103 determinat \u00een ciuda tuturor problemelor \u0219i, cel mai important, cum s\u0103 cear\u0103 ajutor.<\/p><p>Dup\u0103 finalizarea programului a decis s\u0103 r\u0103m\u00e2n\u0103 \u00een continuare la catedr\u0103 \u0219i este ceea ce \u00ee\u0219i dore\u0219te s\u0103 fac\u0103 pe termen lung.<\/p><blockquote><p><em>Cred c\u0103 este important ca elevii s\u0103 vad\u0103 c\u0103 profesiile nu sunt specifice unei anumite categorii de oameni \u0219i c\u0103 \u00ee\u0219i pot alege orice profesie \u00ee\u0219i doresc, iar un exemplu concret \u00eei ajut\u0103 \u00een sensul \u0103sta \u0219i c\u00e2nt\u0103re\u0219te foarte mult. Cred c\u0103 \u00een mediile defavorizate subliniaz\u0103 \u0219i ideea c\u0103 educa\u021bia este o responsabilitate comun\u0103 a ambilor p\u0103rin\u021bi, spre deosebire de practicile tradi\u021bionale \u00eenc\u0103 prezente, \u00een care copiii sunt crescu\u021bi \u0219i educa\u021bi mai mult de mame \u0219i profesoare.<\/em><\/p><p><strong>\u00a0<\/strong><em>Vreau s\u0103 predau \u00een continuare \u0219i s\u0103 fiu un model pentru c\u00e2t mai mul\u021bi elevi, iar pe viitor mi-a\u0219 dori s\u0103 dezvolt proiecte prin care elevii interesa\u021bi de aria STEM s\u0103 aib\u0103 ocazia s\u0103 viziteze centre de cercetare \u0219i s\u0103 participe la activit\u0103\u021bi practice \u00een care s\u0103 \u00ee\u0219i foloseasc\u0103 no\u021biunile teoretice. Preg\u0103tirea \u0219tiin\u021bific\u0103 a elevilor e cu at\u00e2t mai important\u0103 cu c\u00e2t provoc\u0103rile noi cu care societatea se confrunt\u0103 \u00ee\u0219i au rezolv\u0103rile fix \u00een acest domeniu.<\/em><\/p><\/blockquote><p>Cu experien\u021ba celor 2 ani de program \u0219i cu un nou bagaj de abilit\u0103\u021bi \u0219i competen\u021be, absolven\u021bii programului nostru sunt preg\u0103ti\u021bi s\u0103-\u0219i foloseasc\u0103 experien\u021ba pentru a influen\u021ba \u0219i mai mult sistemul educa\u021bional din diverse roluri strategice: \u00een media, prin cre\u0219terea con\u0219tientiz\u0103rii \u00een ceea ce prive\u0219te importan\u021ba educa\u021biei din Rom\u00e2nia, prin influen\u021barea politicilor publice, ca inovatori sociali \u0219i comunitari, prin formarea altor profesori sau chiar din interiorul \u0219colilor, ca profesori, directori, metodi\u0219ti sau inspectori \u0219colari.<\/p><p><img fetchpriority=\"high\" decoding=\"async\" src=\"https:\/\/teachforromania.org\/\/wp-content\/uploads\/banner-1024x320.png\" sizes=\"(max-width: 1024px) 100vw, 1024px\" srcset=\"https:\/\/teachforromania.org\/\/wp-content\/uploads\/banner-1024x320.png 1024w, https:\/\/teachforromania.org\/\/wp-content\/uploads\/banner-300x94.png 300w, https:\/\/teachforromania.org\/\/wp-content\/uploads\/banner-768x240.png 768w, https:\/\/teachforromania.org\/\/wp-content\/uploads\/banner-1536x480.png 1536w, https:\/\/teachforromania.org\/\/wp-content\/uploads\/banner-2048x640.png 2048w, https:\/\/teachforromania.org\/\/wp-content\/uploads\/banner-600x188.png 600w, https:\/\/teachforromania.org\/\/wp-content\/uploads\/banner-150x47.png 150w\" alt=\"\" width=\"1024\" height=\"320\" \/><\/p><h3 style=\"background-color: #ffffff; text-align: center;\"><a style=\"color: #447490; outline: 0px;\" href=\"https:\/\/teachforromania.org\/\/devino-profesor\/de-ce\/\">Afl\u0103 mai multe detalii \u0219i hai al\u0103turi de noi!<\/a><\/h3>\t\t\t\t\t\t\t\t<\/div>\n\t\t\t\t<\/div>\n\t\t\t\t\t<\/div>\n\t\t<\/div>\n\t\t\t\t\t<\/div>\n\t\t<\/section>\n\t\t\t\t<\/div>\n\t\t","protected":false},"excerpt":{"rendered":"<p>Dup\u0103 finalizarea studiilor \u00een biologie, Cosmin a lucrat o scurt\u0103 perioad\u0103 ca profesor, iar apoi mai bine de cinci ani \u00een industria farmaceutic\u0103. Abia \u00een practica pedagogic\u0103 de la finalul facult\u0103\u021bii \u0219i-a dat seama c\u0103 i-ar pl\u0103cea s\u0103 devin\u0103 profesor. De altfel, primea constant \u00eencuraj\u0103ri c\u0103 se descurc\u0103 \u0219i c\u0103 ar fi o meserie care [&hellip;]<\/p>\n","protected":false},"author":7,"featured_media":8909,"comment_status":"closed","ping_status":"closed","sticky":false,"template":"","format":"standard","meta":{"_acf_changed":false,"footnotes":""},"categories":[18],"tags":[],"class_list":["post-4827","post","type-post","status-publish","format-standard","has-post-thumbnail","hentry","category-profesori-si-alumni"],"acf":[],"_links":{"self":[{"href":"https:\/\/teachforromania.org\/en\/wp-json\/wp\/v2\/posts\/4827","targetHints":{"allow":["GET"]}}],"collection":[{"href":"https:\/\/teachforromania.org\/en\/wp-json\/wp\/v2\/posts"}],"about":[{"href":"https:\/\/teachforromania.org\/en\/wp-json\/wp\/v2\/types\/post"}],"author":[{"embeddable":true,"href":"https:\/\/teachforromania.org\/en\/wp-json\/wp\/v2\/users\/7"}],"replies":[{"embeddable":true,"href":"https:\/\/teachforromania.org\/en\/wp-json\/wp\/v2\/comments?post=4827"}],"version-history":[{"count":6,"href":"https:\/\/teachforromania.org\/en\/wp-json\/wp\/v2\/posts\/4827\/revisions"}],"predecessor-version":[{"id":10827,"href":"https:\/\/teachforromania.org\/en\/wp-json\/wp\/v2\/posts\/4827\/revisions\/10827"}],"wp:featuredmedia":[{"embeddable":true,"href":"https:\/\/teachforromania.org\/en\/wp-json\/wp\/v2\/media\/8909"}],"wp:attachment":[{"href":"https:\/\/teachforromania.org\/en\/wp-json\/wp\/v2\/media?parent=4827"}],"wp:term":[{"taxonomy":"category","embeddable":true,"href":"https:\/\/teachforromania.org\/en\/wp-json\/wp\/v2\/categories?post=4827"},{"taxonomy":"post_tag","embeddable":true,"href":"https:\/\/teachforromania.org\/en\/wp-json\/wp\/v2\/tags?post=4827"}],"curies":[{"name":"wp","href":"https:\/\/api.w.org\/{rel}","templated":true}]}}