{"id":4826,"date":"2021-03-21T14:00:54","date_gmt":"2021-03-21T14:00:54","guid":{"rendered":"https:\/\/dev3.atelieru.ro\/tfr\/\/?p=13373"},"modified":"2022-09-09T14:36:32","modified_gmt":"2022-09-09T14:36:32","slug":"cum-a-aratat-prima-generatie-de-profesori-teach-for-romania","status":"publish","type":"post","link":"https:\/\/teachforromania.org\/en\/cum-a-aratat-prima-generatie-de-profesori-teach-for-romania\/","title":{"rendered":"Cum a ar\u0103tat prima genera\u021bie de profesori Teach for Romania?"},"content":{"rendered":"\t\t<div data-elementor-type=\"wp-post\" data-elementor-id=\"4826\" class=\"elementor elementor-4826\" data-elementor-post-type=\"post\">\n\t\t\t\t\t\t<section class=\"elementor-section elementor-top-section elementor-element elementor-element-17f77d7b elementor-section-boxed elementor-section-height-default elementor-section-height-default\" data-id=\"17f77d7b\" data-element_type=\"section\">\n\t\t\t\t\t\t<div class=\"elementor-container elementor-column-gap-default\">\n\t\t\t\t\t<div class=\"elementor-column elementor-col-100 elementor-top-column elementor-element elementor-element-40beed17\" data-id=\"40beed17\" data-element_type=\"column\">\n\t\t\t<div class=\"elementor-widget-wrap elementor-element-populated\">\n\t\t\t\t\t\t<div class=\"elementor-element elementor-element-1e229166 elementor-widget elementor-widget-text-editor\" data-id=\"1e229166\" data-element_type=\"widget\" data-widget_type=\"text-editor.default\">\n\t\t\t\t<div class=\"elementor-widget-container\">\n\t\t\t\t\t\t\t\t\t<p>Acum 7 ani am pornit cu \u00eentrebarea ambi\u021bioas\u0103: <strong>\u201e<\/strong><em><strong>Cum ar ar\u0103ta \u0219coala pentru elevii din mediile dezavantajate cu profesori preg\u0103ti\u021bi \u0219i motiva\u021bi pentru aceast\u0103 provocare, care cred \u00een poten\u021bialul fiec\u0103rui elev, care \u0219tiu \u0219i pot s\u0103 fac\u0103 \u0219coala interesant\u0103 \u0219i relevant\u0103 pentru elevii lor?&#8221;<\/strong>.<\/em><\/p><p>\u00cen primul an a fost a\u0219a: \u201cProfesorii TfR le predau unor copii care \u00ee\u0219i fac temele la lum\u00e2nare \u0219i care vin la \u0219coal\u0103 prin noroi, tocmai din cap\u0103tul satului.<\/p><p>Copii care nu vin dac\u0103 plou\u0103 sau ninge, pentru c\u0103 nu au cu ce se \u00eenc\u0103l\u0163a. Copii pe care p\u0103rin\u0163ii \u00eei trimit la munc\u0103 sau copii care din proprie ini\u0163iativ\u0103 lipsesc o s\u0103pt\u0103m\u00e2n\u0103 ca s\u0103 sape o f\u00e2nt\u00e2n\u0103 unui vecin \u0219i s\u0103 cumpere m\u00e2ncare acas\u0103. Copii care \u0219i-au \u00eenv\u0103\u0163at p\u0103rin\u0163ii s\u0103 scrie \u0219i s\u0103 citeasc\u0103. Copii care la sf\u00e2r\u0219itul clasei a II-a \u0219tiu doar literele mari de tipar \u2013 \u0219i acelea \u00eenv\u0103\u0163ate de pe vitrinele magazinelor din Viena, unde cer\u0219eau cu p\u0103rin\u0163ii.\u201d<\/p><p>Despre cei 18 profesori din genera\u021bia 1 ai Teach for Romania pute\u021bi citi \u00eentr-un articol documentat de prietenii no\u0219tri de la <a href=\"https:\/\/www.dor.ro\/18-profesori-pentru-romania\/\">DoR<\/a> .<\/p>\t\t\t\t\t\t\t\t<\/div>\n\t\t\t\t<\/div>\n\t\t\t\t\t<\/div>\n\t\t<\/div>\n\t\t\t\t\t<\/div>\n\t\t<\/section>\n\t\t\t\t<\/div>\n\t\t","protected":false},"excerpt":{"rendered":"<p>Acum 7 ani am pornit cu \u00eentrebarea ambi\u021bioas\u0103: \u201eCum ar ar\u0103ta \u0219coala pentru elevii din mediile dezavantajate cu profesori preg\u0103ti\u021bi \u0219i motiva\u021bi pentru aceast\u0103 provocare, care cred \u00een poten\u021bialul fiec\u0103rui elev, care \u0219tiu \u0219i pot s\u0103 fac\u0103 \u0219coala interesant\u0103 \u0219i relevant\u0103 pentru elevii lor?&#8221;. \u00cen primul an a fost a\u0219a: \u201cProfesorii TfR le predau unor [&hellip;]<\/p>\n","protected":false},"author":2,"featured_media":9264,"comment_status":"closed","ping_status":"closed","sticky":false,"template":"","format":"standard","meta":{"_acf_changed":false,"footnotes":""},"categories":[18],"tags":[],"class_list":["post-4826","post","type-post","status-publish","format-standard","has-post-thumbnail","hentry","category-profesori-si-alumni"],"acf":[],"_links":{"self":[{"href":"https:\/\/teachforromania.org\/en\/wp-json\/wp\/v2\/posts\/4826","targetHints":{"allow":["GET"]}}],"collection":[{"href":"https:\/\/teachforromania.org\/en\/wp-json\/wp\/v2\/posts"}],"about":[{"href":"https:\/\/teachforromania.org\/en\/wp-json\/wp\/v2\/types\/post"}],"author":[{"embeddable":true,"href":"https:\/\/teachforromania.org\/en\/wp-json\/wp\/v2\/users\/2"}],"replies":[{"embeddable":true,"href":"https:\/\/teachforromania.org\/en\/wp-json\/wp\/v2\/comments?post=4826"}],"version-history":[{"count":3,"href":"https:\/\/teachforromania.org\/en\/wp-json\/wp\/v2\/posts\/4826\/revisions"}],"predecessor-version":[{"id":10809,"href":"https:\/\/teachforromania.org\/en\/wp-json\/wp\/v2\/posts\/4826\/revisions\/10809"}],"wp:featuredmedia":[{"embeddable":true,"href":"https:\/\/teachforromania.org\/en\/wp-json\/wp\/v2\/media\/9264"}],"wp:attachment":[{"href":"https:\/\/teachforromania.org\/en\/wp-json\/wp\/v2\/media?parent=4826"}],"wp:term":[{"taxonomy":"category","embeddable":true,"href":"https:\/\/teachforromania.org\/en\/wp-json\/wp\/v2\/categories?post=4826"},{"taxonomy":"post_tag","embeddable":true,"href":"https:\/\/teachforromania.org\/en\/wp-json\/wp\/v2\/tags?post=4826"}],"curies":[{"name":"wp","href":"https:\/\/api.w.org\/{rel}","templated":true}]}}