{"id":4818,"date":"2021-03-08T11:27:28","date_gmt":"2021-03-08T11:27:28","guid":{"rendered":"https:\/\/dev3.atelieru.ro\/tfr\/\/?p=10968"},"modified":"2022-09-22T11:24:24","modified_gmt":"2022-09-22T11:24:24","slug":"teach-for-romania-declara-8-martie-ziua-fetelor-care-nu-se-lasa","status":"publish","type":"post","link":"https:\/\/teachforromania.org\/en\/teach-for-romania-declara-8-martie-ziua-fetelor-care-nu-se-lasa\/","title":{"rendered":"[Comunicat pres\u0103] Teach for Romania declar\u0103 8 Martie &#8211; Ziua fetelor care nu se las\u0103"},"content":{"rendered":"\t\t<div data-elementor-type=\"wp-post\" data-elementor-id=\"4818\" class=\"elementor elementor-4818\" data-elementor-post-type=\"post\">\n\t\t\t\t\t\t<section class=\"elementor-section elementor-top-section elementor-element elementor-element-278d5247 elementor-section-boxed elementor-section-height-default elementor-section-height-default\" data-id=\"278d5247\" data-element_type=\"section\">\n\t\t\t\t\t\t<div class=\"elementor-container elementor-column-gap-default\">\n\t\t\t\t\t<div class=\"elementor-column elementor-col-100 elementor-top-column elementor-element elementor-element-1da20c81\" data-id=\"1da20c81\" data-element_type=\"column\">\n\t\t\t<div class=\"elementor-widget-wrap elementor-element-populated\">\n\t\t\t\t\t\t<div class=\"elementor-element elementor-element-179d3e6b elementor-widget elementor-widget-text-editor\" data-id=\"179d3e6b\" data-element_type=\"widget\" data-widget_type=\"text-editor.default\">\n\t\t\t\t<div class=\"elementor-widget-container\">\n\t\t\t\t\t\t\t\t\t<p><strong>Teach for Romania declar\u0103 ziua de 8 Martie ca Ziua fetelor care nu se las\u0103<\/strong>!<\/p><p>Ca \u00een fiecare an, Ziua Interna\u021bional\u0103 a Femeii aduce \u00een discu\u021bie problema egalit\u0103\u021bii de \u0219anse, iar \u00eentr-un an umbrit \u00een continuare de pandemie, Teach for Romania trage un semnal de alarm\u0103 asupra abandonului \u0219colar \u0219i a num\u0103rului alarmant de cazuri de na\u0219teri \u00een r\u00e2ndul adolescentelor. Prin profesorii sus\u021binu\u021bi, Teach for Romania \u00eencurajeaz\u0103 \u00een fiecare zi fetele din comunit\u0103\u021bile dezavantajate s\u0103 nu renun\u021be la \u0219coal\u0103 \u0219i s\u0103 \u00ee\u0219i continue educa\u021bia pentru a-\u0219i \u00eendeplini visurile.<\/p><p>Abandonul \u0219colar \u00een Rom\u00e2nia reprezint\u0103 o problem\u0103 complex\u0103, cu multe fa\u021bete. Conform Eurostat, \u00een 2018, rata p\u0103r\u0103sirii timpurie a \u0219colii a fost de 16,4%, una printre cele mai mari din Uniunea European\u0103, 2 din 10 copii din mediul rural abandon\u00e2nd \u0219coala. Motivele p\u0103r\u0103sirii \u0219colii \u021bin de contextul socio-economic al familiei, bullying, lipsa infrastructurii \u0219i a transportului, dar \u0219i de lipsa motiva\u021biei personale sau tulbur\u0103ri de comportament. Mai mult, un recent studiu UNICEF pune Rom\u00e2nia pe locul al doilea \u00een topul statelor din Uniunea European\u0103 cu cele mai multe mame adolescente. Una din 10 na\u0219teri de la noi din \u021bar\u0103 este a unei mame adolescente, fapt ce aduce de cele mai multe ori \u0219i renun\u021barea la \u0219coal\u0103. Acela\u0219i studiu arat\u0103 \u0219i faptul c\u0103 una din \u0219ase fete au avut deja un copil \u00eenainte de 15 ani, iar p\u00e2n\u0103 la 18 ani va da na\u0219tere celui de-al doilea copil.<\/p><p>Efectele abandonului \u0219colar se simt pe termen lung, iar efectele negative sunt profunde mai ales \u00een mediile dezavantajate. \u0218tim c\u0103 educa\u021bia aduce \u0219ansa la o via\u021b\u0103 mai bun\u0103, tr\u0103it\u0103 \u00een bun\u0103stare material\u0103. De 7 ani, Teach for Romania preg\u0103te\u0219te \u0219i sprijin\u0103 oameni motiva\u021bi care s\u0103 transforme educa\u021bia din Rom\u00e2nia. Ace\u0219tia \u00ee\u0219i concentreaz\u0103 aten\u021bia asupra prevenirii abandonului \u0219colar, a alfabetiz\u0103rii de baz\u0103 \u0219i func\u021bional\u0103 (ca to\u021bi copiii s\u0103 \u0219tie \u0219i s\u0103 \u00een\u021beleag\u0103 s\u0103 scrie \u0219i s\u0103 citeasc\u0103), \u0219i asupra cultiv\u0103rii colabor\u0103rii, a spiritului critic, a empatiei \u0219i altor abilit\u0103\u021bi care s\u0103 le serveasc\u0103 copiilor pentru toat\u0103 via\u021ba. Profesorii sus\u021binu\u021bi de Teach for Romania creeaz\u0103 un mediu sigur de \u00eenv\u0103\u021bare, \u00eei sus\u021bin pe elevii lor s\u0103 dep\u0103\u0219easc\u0103 obstacole \u0219i s\u0103 aib\u0103 \u00eencredere propriile visuri. De altfel, \u00een episodul lansat ast\u0103zi din <a href=\"http:\/\/bit.ly\/3v377vo\">podcastul<\/a> \u201eTeach la fa\u021ba locului\u201d prezent\u0103m exemplele fetelor care, sus\u021binute de profesorii Teach, au reu\u0219it s\u0103 nu renun\u021be la \u0219coal\u0103, \u00een ciuda greut\u0103\u021bilor.<\/p><iframe src=\"https:\/\/widget.spreaker.com\/player?episode_id=43777276&amp;theme=light&amp;playlist=false&amp;playlist-continuous=false&amp;chapters-image=true&amp;episode_image_position=right&amp;hide-likes=false&amp;hide-comments=false&amp;hide-sharing=false&amp;hide-logo=false&amp;hide-download=true\" width=\"100%\" height=\"200px\" frameborder=\"0\"><\/iframe><p>\u00cen plus, vedetele feminine din Pro TV s-au al\u0103turat Zilei fetelor care nu se las\u0103 \u0219i \u00eencurajeaz\u0103 fetele s\u0103 r\u0103m\u00e2n\u0103 \u00een \u0219coal\u0103, oferindu-le exemplul personal. Corina Caragea, Geanina Ilie\u0219 \u0219i Victoria R\u0103ileanu au transmis mesaje video care ast\u0103zi vor fi v\u0103zute de to\u021bi elevii din clase cu profesori sus\u021binu\u021bi de Teach for Romania. Mesajele sunt disponibile \u0219i pe canalele Teach for Romania.<\/p><p><iframe src=\"https:\/\/www.youtube.com\/embed\/S9OFpMR5KNA\" width=\"900\" height=\"615\" frameborder=\"0\" allowfullscreen=\"allowfullscreen\"><\/iframe><\/p><p>Teach for Romania este o organiza\u021bie non-guvernamental\u0103, care de 7 ani recruteaz\u0103 \u0219i preg\u0103te\u0219te oameni valoro\u0219i s\u0103 devin\u0103 profesori \u0219i \u00eenv\u0103\u021b\u0103tori \u00een \u0219colile publice din Rom\u00e2nia, pornind de la cele mai dificile comunit\u0103\u021bi. La Teach for Romania, noi credem c\u0103 fiecare copil din Rom\u00e2nia are dreptul \u0219i poate s\u0103 aib\u0103 parte de o educa\u021bie de calitate. Fiecare copil are dreptul s\u0103 \u00ee\u0219i descopere poten\u021bialul \u0219i s\u0103 \u00ee\u0219i \u00eendeplineasc\u0103 visul.<\/p><p>\u00cen anul \u0219colar 2020-2021, 94 de cadre didactice, participan\u021bi \u00een programul nostru, predau \u00een 83 de \u0219coli, din 20 de jude\u021be. De asemenea, ne bucur\u0103m c\u0103, din comunitatea noastr\u0103 de 136 de alumni, absolven\u021bi ai programului, jum\u0103tate au ales s\u0103 r\u0103m\u00e2n\u0103 la catedr\u0103 \u00een \u0219coli publice din Rom\u00e2nia. \u00cempreun\u0103 ajungem ast\u0103zi la aproximativ 14000 de copii.\u00a0<\/p>\t\t\t\t\t\t\t\t<\/div>\n\t\t\t\t<\/div>\n\t\t\t\t\t<\/div>\n\t\t<\/div>\n\t\t\t\t\t<\/div>\n\t\t<\/section>\n\t\t\t\t<\/div>\n\t\t","protected":false},"excerpt":{"rendered":"<p>Teach for Romania declar\u0103 ziua de 8 Martie ca Ziua fetelor care nu se las\u0103! Ca \u00een fiecare an, Ziua Interna\u021bional\u0103 a Femeii aduce \u00een discu\u021bie problema egalit\u0103\u021bii de \u0219anse, iar \u00eentr-un an umbrit \u00een continuare de pandemie, Teach for Romania trage un semnal de alarm\u0103 asupra abandonului \u0219colar \u0219i a num\u0103rului alarmant de cazuri [&hellip;]<\/p>\n","protected":false},"author":2,"featured_media":8893,"comment_status":"closed","ping_status":"closed","sticky":false,"template":"","format":"standard","meta":{"_acf_changed":false,"footnotes":""},"categories":[1431,21],"tags":[11,1321,973,1303,1195,1309,1304,1310],"class_list":["post-4818","post","type-post","status-publish","format-standard","has-post-thumbnail","hentry","category-comunicat-de-presa","category-implicare-in-educatie","tag-abandon-scolar","tag-comunicat-de-presa","tag-construim-modele-pentru-viitor","tag-podcast-teach-for-romania","tag-povesti-din-scoala","tag-protv","tag-teach-la-fata-locului","tag-ziua-fetelor-care-nu-se-lasa"],"acf":[],"_links":{"self":[{"href":"https:\/\/teachforromania.org\/en\/wp-json\/wp\/v2\/posts\/4818","targetHints":{"allow":["GET"]}}],"collection":[{"href":"https:\/\/teachforromania.org\/en\/wp-json\/wp\/v2\/posts"}],"about":[{"href":"https:\/\/teachforromania.org\/en\/wp-json\/wp\/v2\/types\/post"}],"author":[{"embeddable":true,"href":"https:\/\/teachforromania.org\/en\/wp-json\/wp\/v2\/users\/2"}],"replies":[{"embeddable":true,"href":"https:\/\/teachforromania.org\/en\/wp-json\/wp\/v2\/comments?post=4818"}],"version-history":[{"count":3,"href":"https:\/\/teachforromania.org\/en\/wp-json\/wp\/v2\/posts\/4818\/revisions"}],"predecessor-version":[{"id":10815,"href":"https:\/\/teachforromania.org\/en\/wp-json\/wp\/v2\/posts\/4818\/revisions\/10815"}],"wp:featuredmedia":[{"embeddable":true,"href":"https:\/\/teachforromania.org\/en\/wp-json\/wp\/v2\/media\/8893"}],"wp:attachment":[{"href":"https:\/\/teachforromania.org\/en\/wp-json\/wp\/v2\/media?parent=4818"}],"wp:term":[{"taxonomy":"category","embeddable":true,"href":"https:\/\/teachforromania.org\/en\/wp-json\/wp\/v2\/categories?post=4818"},{"taxonomy":"post_tag","embeddable":true,"href":"https:\/\/teachforromania.org\/en\/wp-json\/wp\/v2\/tags?post=4818"}],"curies":[{"name":"wp","href":"https:\/\/api.w.org\/{rel}","templated":true}]}}