{"id":4812,"date":"2021-03-01T09:39:00","date_gmt":"2021-03-01T09:39:00","guid":{"rendered":"https:\/\/dev3.atelieru.ro\/tfr\/\/?p=10916"},"modified":"2022-09-09T14:41:17","modified_gmt":"2022-09-09T14:41:17","slug":"nicolas-si-mario-doi-copii-care-au-abandonat-scoala","status":"publish","type":"post","link":"https:\/\/teachforromania.org\/en\/nicolas-si-mario-doi-copii-care-au-abandonat-scoala\/","title":{"rendered":"Nicolas \u0219i Mario, pove\u0219tile a doi copii care au abandonat \u0219coala"},"content":{"rendered":"\t\t<div data-elementor-type=\"wp-post\" data-elementor-id=\"4812\" class=\"elementor elementor-4812\" data-elementor-post-type=\"post\">\n\t\t\t\t\t\t<section class=\"elementor-section elementor-top-section elementor-element elementor-element-3bac9e50 elementor-section-boxed elementor-section-height-default elementor-section-height-default\" data-id=\"3bac9e50\" data-element_type=\"section\">\n\t\t\t\t\t\t<div class=\"elementor-container elementor-column-gap-default\">\n\t\t\t\t\t<div class=\"elementor-column elementor-col-100 elementor-top-column elementor-element elementor-element-734718a0\" data-id=\"734718a0\" data-element_type=\"column\">\n\t\t\t<div class=\"elementor-widget-wrap elementor-element-populated\">\n\t\t\t\t\t\t<div class=\"elementor-element elementor-element-6ec8afb6 elementor-widget elementor-widget-text-editor\" data-id=\"6ec8afb6\" data-element_type=\"widget\" data-widget_type=\"text-editor.default\">\n\t\t\t\t<div class=\"elementor-widget-container\">\n\t\t\t\t\t\t\t\t\t<p><strong>Nicolas<\/strong><\/p><p>\u201e\u00cen prima zi din acest an \u0219colar, \u00een poarta \u0219colii \u0219i-au f\u0103cut apari\u021bia p\u0103rin\u021bii lui Nicolas, ceea ce nu se mai \u00eent\u00e2mplase p\u00e2n\u0103 atunci. Mama venea rar la \u0219coal\u0103 pentru c\u0103 lucra, \u00eens\u0103 vorbeam s\u0103pt\u0103m\u00e2nal la telefon. Tat\u0103l era cel care \u00eel aducea \u00een fiecare zi, participa la \u0219edin\u021be \u0219i semna tot ce mai era de semnat. \u201eNoi plec\u0103m\u201d, mi-au spus am\u00e2ndoi aproape deodat\u0103. Tat\u0103l deja fusese plecat o dat\u0103 \u00een Germania \u0219i aranjase lucrurile astfel \u00eenc\u00e2t s\u0103 plece to\u021bi acolo.<\/p><p>Nicolas era unul dintre cei mai buni elevi din clas\u0103: \u0219tia s\u0103 scrie, s\u0103 numere \u0219i s\u0103 socoteasc\u0103. Mai avea de lucrat la citit, dar era pe drumul cel bun. \u00ce\u0219i f\u0103cea mereu temele \u0219i \u00ee\u0219i petrecea pauzele cu colegii s\u0103i, juc\u00e2ndu-se prin curte. Uneori avea nevoie de mai mult timp pentru a termina o activitate, dar \u0219tiam c\u0103 acela era ritmului lui \u0219i \u00eei d\u0103deam spa\u021biul necesar. Lucra foarte \u00eengrijit \u0219i era atent la detalii.<\/p><p>Anul acesta a venit dou\u0103 s\u0103pt\u0103m\u00e2ni la \u0219coal\u0103, a\u0219a cum mi-a promis mama, iar apoi, \u00eentr-o vineri, veri\u0219oara lui (care e tot \u00een clas\u0103 la mine) a deschis u\u0219a \u0219i a spus: \u201eA plecat Nicolas. Azi diminea\u021b\u0103.\u201d Am \u00eenghi\u021bit \u00een sec \u0219i i-am scris mamei un mesaj pe Whatsapp \u00een care i-am spus c\u00e2t de mult mi-a pl\u0103cut s\u0103-l am pe Nicolas ca elev \u0219i le-am urat drum bun. \u0218tiu c\u0103 au luat decizia de a se muta \u0219i cu g\u00e2ndul la binele copiilor.\u201d<\/p><p><strong>Mario<\/strong><\/p><p>\u201eDe fiecare dat\u0103 c\u00e2nd era c\u00e2te un conflict la noi \u00een clas\u0103, Mario era acolo \u0219i \u00eencepea: \u201eDoamna me, sta\u021b s\u00ee v\u0103 z\u00eec cum o fost.\u201d Era m\u0103run\u021bel, cu o fa\u021b\u0103 perfect rotund\u0103 \u0219i r\u00e2dea cu o poft\u0103 de molipsea toat\u0103 clasa. \u00centr-o zi le-am dat acas\u0103 o fi\u0219\u0103 pe care o lucrasem pentru a o ar\u0103ta p\u0103rin\u021bilor. A doua zi, el nu o mai avea \u0219i l-am \u00eentrebat ce s-a \u00eent\u00e2mplat cu ea. \u201eO aprins mama focu&#8217;\u201d, mi-a spus scurt, de parc\u0103 ar fi fost cel mai firesc lucru.<\/p><p>O vreme mi-a tot povestit cum va veni tat\u0103l lui din Germania \u0219i vor pleca cu to\u021bii acolo, dar nu am luat \u00een serios ceea ce spunea. Doar c\u0103 dintr-o dat\u0103 nu a mai venit. Am aflat de la colegi c\u0103 plecase \u00een str\u0103in\u0103tate. Mama nu mi-a spus niciodat\u0103 nimic \u0219i nici s\u0103 \u00eel retrag\u0103 de la \u0219coal\u0103. A r\u0103mas \u00een catalog p\u00e2n\u0103 la finalul anului, c\u00e2nd i-am \u00eencheiat situa\u021bia ca fiind \u201ene\u0219colarizat\u201d din cauza absen\u021belor. C\u00e2nd ceilal\u021bi colegi ai lui \u00eencepeau clasa I, el era re\u00eenscris \u00een clasa preg\u0103titoare, unde a mai stat un an, doi sau trei p\u00e2n\u0103 putea fi scos din sistem.\u201d<\/p><p>\u00cen Romania, 2 din 10 copii din mediul rural abandoneaz\u0103 \u0219coala. Nicolas \u0219i Mario sunt numai doi dintre ei. Abandonul \u0219colar este o problem\u0103 extrem de complicat\u0103, \u021bine de foarte mul\u021bi factori, mai ales atunci c\u00e2nd s\u0103r\u0103cia face parte din ecua\u021bie.<\/p><p>Profesorii nu pot face tot pentru a-i \u021bine la \u0219coal\u0103, dar atitudinea \u0219i ajutorul lor pot fi critice. Pentru ace\u0219ti copii \u0219coala este singura op\u021biune de a ie\u0219i dintr-un cerc vicios. Dac\u0103 se simt sau nu bine la \u0219coal\u0103, dac\u0103 simt c\u0103 profesorii lor nu \u00eei judec\u0103 pentru situa\u021bii \u0219i decizii care de cele mai multe ori nu le apar\u021bin, dac\u0103 simt c\u0103 li se ofer\u0103 \u00eencredere, exist\u0103 \u0219anse. Nicolas \u0219i Mario \u00ee\u0219i vor aminti cu pl\u0103cere de \u0219coal\u0103, iar asta \u00een sine \u00eenseamn\u0103 mult.<\/p><p>Pove\u0219tile celor doi copii au fost scrise de Florentina Tituleac, alumn\u0103 Teach for Romania, \u0219i publicate \u00een <a href=\"https:\/\/scoala9.ro\/o-invatatoare-dintr-o-comuna-defavorizata-spune-povestile-a-cinci-copii\/786\/\">\u0218coala9<\/a>.<\/p><p><em>*pentru a proteja identitatea copiilor, numele lor au fost schimbate.<\/em><\/p><h4 style=\"text-align: center;\"><a href=\"https:\/\/teachforromania.us9.list-manage.com\/subscribe?u=74b827aa100449573980457ff&amp;id=f2376993ca\">Aboneaz\u0103-te la newsletterul nostru pentru a afla ce mai facem \u00een Teach for Romania.<\/a><\/h4>\t\t\t\t\t\t\t\t<\/div>\n\t\t\t\t<\/div>\n\t\t\t\t\t<\/div>\n\t\t<\/div>\n\t\t\t\t\t<\/div>\n\t\t<\/section>\n\t\t\t\t<\/div>\n\t\t","protected":false},"excerpt":{"rendered":"<p>Nicolas \u201e\u00cen prima zi din acest an \u0219colar, \u00een poarta \u0219colii \u0219i-au f\u0103cut apari\u021bia p\u0103rin\u021bii lui Nicolas, ceea ce nu se mai \u00eent\u00e2mplase p\u00e2n\u0103 atunci. Mama venea rar la \u0219coal\u0103 pentru c\u0103 lucra, \u00eens\u0103 vorbeam s\u0103pt\u0103m\u00e2nal la telefon. Tat\u0103l era cel care \u00eel aducea \u00een fiecare zi, participa la \u0219edin\u021be \u0219i semna tot ce mai [&hellip;]<\/p>\n","protected":false},"author":2,"featured_media":8881,"comment_status":"closed","ping_status":"closed","sticky":false,"template":"","format":"standard","meta":{"_acf_changed":false,"footnotes":""},"categories":[19],"tags":[11,1306,1307,982],"class_list":["post-4812","post","type-post","status-publish","format-standard","has-post-thumbnail","hentry","category-potentialul-elevilor","tag-abandon-scolar","tag-florentina-tituleac","tag-scoala9","tag-teach-for-romania"],"acf":[],"_links":{"self":[{"href":"https:\/\/teachforromania.org\/en\/wp-json\/wp\/v2\/posts\/4812","targetHints":{"allow":["GET"]}}],"collection":[{"href":"https:\/\/teachforromania.org\/en\/wp-json\/wp\/v2\/posts"}],"about":[{"href":"https:\/\/teachforromania.org\/en\/wp-json\/wp\/v2\/types\/post"}],"author":[{"embeddable":true,"href":"https:\/\/teachforromania.org\/en\/wp-json\/wp\/v2\/users\/2"}],"replies":[{"embeddable":true,"href":"https:\/\/teachforromania.org\/en\/wp-json\/wp\/v2\/comments?post=4812"}],"version-history":[{"count":6,"href":"https:\/\/teachforromania.org\/en\/wp-json\/wp\/v2\/posts\/4812\/revisions"}],"predecessor-version":[{"id":10824,"href":"https:\/\/teachforromania.org\/en\/wp-json\/wp\/v2\/posts\/4812\/revisions\/10824"}],"wp:featuredmedia":[{"embeddable":true,"href":"https:\/\/teachforromania.org\/en\/wp-json\/wp\/v2\/media\/8881"}],"wp:attachment":[{"href":"https:\/\/teachforromania.org\/en\/wp-json\/wp\/v2\/media?parent=4812"}],"wp:term":[{"taxonomy":"category","embeddable":true,"href":"https:\/\/teachforromania.org\/en\/wp-json\/wp\/v2\/categories?post=4812"},{"taxonomy":"post_tag","embeddable":true,"href":"https:\/\/teachforromania.org\/en\/wp-json\/wp\/v2\/tags?post=4812"}],"curies":[{"name":"wp","href":"https:\/\/api.w.org\/{rel}","templated":true}]}}