{"id":4791,"date":"2020-12-11T08:56:06","date_gmt":"2020-12-11T08:56:06","guid":{"rendered":"https:\/\/dev3.atelieru.ro\/tfr\/\/?p=10644"},"modified":"2022-09-09T15:05:38","modified_gmt":"2022-09-09T15:05:38","slug":"construim-modele-pentru-viitor-alaturi-de-diana-ilie-alumna-teach-for-romania","status":"publish","type":"post","link":"https:\/\/teachforromania.org\/en\/construim-modele-pentru-viitor-alaturi-de-diana-ilie-alumna-teach-for-romania\/","title":{"rendered":"Mi-am demonstrat c\u0103 pot face orice \u00eemi propun &#8211; Diana Ilie"},"content":{"rendered":"\t\t<div data-elementor-type=\"wp-post\" data-elementor-id=\"4791\" class=\"elementor elementor-4791\" data-elementor-post-type=\"post\">\n\t\t\t\t\t\t<section class=\"elementor-section elementor-top-section elementor-element elementor-element-2c88b2c9 elementor-section-boxed elementor-section-height-default elementor-section-height-default\" data-id=\"2c88b2c9\" data-element_type=\"section\">\n\t\t\t\t\t\t<div class=\"elementor-container elementor-column-gap-default\">\n\t\t\t\t\t<div class=\"elementor-column elementor-col-100 elementor-top-column elementor-element elementor-element-7c81fdec\" data-id=\"7c81fdec\" data-element_type=\"column\">\n\t\t\t<div class=\"elementor-widget-wrap elementor-element-populated\">\n\t\t\t\t\t\t<div class=\"elementor-element elementor-element-b8c3e15 elementor-widget elementor-widget-text-editor\" data-id=\"b8c3e15\" data-element_type=\"widget\" data-widget_type=\"text-editor.default\">\n\t\t\t\t<div class=\"elementor-widget-container\">\n\t\t\t\t\t\t\t\t\t<p>Diana a fost \u201edoamna \u00eenv\u0103\u021b\u0103toare&#8221; pentru zeci de de ochi curio\u0219i din comuna Sohatu, jude\u021bul C\u0103l\u0103ra\u0219i. Nu a crezut vreodat\u0103 c\u0103 va ajunge \u00een \u00eenv\u0103\u021b\u0103m\u00e2nt, ba dimpotriv\u0103, era convins\u0103 c\u0103 nu este deloc potrivit\u0103 pentru aceast\u0103 meserie.<\/p><p>S-a n\u0103scut \u00een Timi\u0219oara \u0219i tot acolo \u0219i-a petrecut copil\u0103ria \u0219i adolescen\u021ba. \u00cen clasa I \u0219tia deja s\u0103 scrie, s\u0103 citeasc\u0103 \u0219i chiar s\u0103 fac\u0103 adun\u0103ri \u0219i \u00eenmul\u021biri. Curiozitatea este una dintre valorile cu care a crescut \u0219i care \u00eenc\u0103 este parte important\u0103 din via\u021ba ei.<\/p><blockquote><p style=\"text-align: center;\"><em>Mie nu mi-a trecut nici acum vremea de ce-urilor, sunt la fel de curioas\u0103 ca atunci. Iar asta m\u0103 ajut\u0103 \u0219i acum, la clas\u0103.<\/em><\/p><\/blockquote><p>A suferit teribil c\u0103 n-a avut bunici la sat \u0219i c\u0103 nu-\u0219i putea petrece \u0219i ea vacan\u021bele precum colegii ei. Copil de ora\u0219, a\u0219a cum se descrie, Diana a luat contact cu realitatea zonelor rurale abia c\u00e2nd a \u00eenceput s\u0103 lucreze \u00een v\u00e2nz\u0103ri.<\/p><blockquote><p style=\"text-align: center;\"><em>Am v\u00e2ndut mult la sat. Am avut clien\u021bi ciobani, c\u0103rora le converteam produsul \u00een oi. Doar a\u0219a le puteam explica beneficiile unor pensii private. Am realizat atunci c\u0103 de la educa\u021bie porne\u0219te totul.<\/em><\/p><\/blockquote><p>De Teach a auzit \u00eent\u00e2mpl\u0103tor, de la o prieten\u0103 care i-a spus c\u0103 vrea s\u0103 aplice. Tot ea a \u00eendemnat-o s\u0103 citeasc\u0103 mai multe despre program, convins\u0103 fiind c\u0103 e ceva ce i s-ar potrivi.<\/p><p>La momentul respectiv lucra deja de 20 de ani \u00een v\u00e2nz\u0103ri, un domeniu care i-a adus multe satisfac\u021bii \u0219i \u00een care a crescut enorm, al\u0103turi de echipele ei. A ajuns p\u00e2n\u0103 la maximul pe care \u00eel putea atinge, ca director regional \u0219i i s-a propus chiar rolul de director na\u021bional, \u00eens\u0103 agita\u021bia Bucure\u0219tiului nu o atr\u0103gea nicicum.<\/p><p>Universul \u00eei arunca \u00eens\u0103, din c\u00e2nd \u00een c\u00e2nd, fel \u0219i fel de oportunit\u0103\u021bi.<\/p><blockquote><p style=\"text-align: center;\"><em>Pentru mine, educa\u021bia a fost mereu important\u0103. Eu chiar \u00eemi iubesc \u021bara \u0219i, idealist\u0103 fiind, consider c\u0103 se pot face lucruri frumoase \u0219i aici. Dac\u0103 contribuim fiecare cu c\u00e2te pu\u021bin, din ceea ce \u0219tim sau suntem, cu iubire \u0219i empatie, la un moment dat, lucrurile astea se vor vedea. Mi-am dat seama c\u0103 schimb\u0103rile s\u0103n\u0103toase pornesc doar din educa\u021bie \u0219i c\u0103 e nevoie de timp pentru a putea vedea ni\u0219te rezultate. Pasul spre educa\u021bie a fost unul hot\u0103r\u00e2t \u0219i asumat. N-a durat mult &#8211; mi-am l\u0103sat job-ul \u0219i m-am mutat la Bucure\u0219ti.<\/em><\/p><\/blockquote><p>Pe Diana, lucrul cu copiii a cucerit-o iremediabil \u0219i nu se mai vede f\u0103c\u00e2nd altceva, \u00eei place prea tare \u00een \u00eenv\u0103\u021b\u0103m\u00e2nt.<\/p><blockquote><p style=\"text-align: center;\"><em>Provocat\u0103 mental \u0219i emo\u021bional cum sunt zi de zi la clas\u0103 nu am fost la vreun alt job. Copiii \u00ee\u021bi apas\u0103 toate butoanele. Iar daca \u00ee\u021bi pas\u0103, faci ceva \u00een sensul \u0103sta. \u00cen plus, faptul c\u0103 le modelezi min\u021bile, caracterele, c\u0103 \u00eei ghidezi s\u0103 reu\u0219easc\u0103 \u00een via\u021b\u0103 \u0219i c\u0103 \u00ee\u0219i asum\u0103 \u0219i justific\u0103 decizii sau ac\u021biuni, e mai satisf\u0103c\u0103tor dec\u00e2t orice.<\/em><\/p><\/blockquote><p>Pe termen lung, Diana \u00ee\u0219i propune s\u0103 lucreze direct cu copiii, dar \u0219i s\u0103 organizeze cursuri pentru p\u0103rin\u021bi \u0219i alte cadre didactice, pe modele de comunicare eficient\u0103 cu copiii. De altfel, se vede undeva, \u00eentr-un sat din inima Ardealului, poate chiar ca director de \u0219coal\u0103, continu\u00e2nd s\u0103 fie participant la schimbarea sistemului educa\u021bional din Rom\u00e2nia.<\/p><p><img fetchpriority=\"high\" decoding=\"async\" src=\"https:\/\/teachforromania.org\/\/wp-content\/uploads\/Vizual-general_Website-Banner-17-Martie-1-1024x320.jpg\" alt=\"\" width=\"1024\" height=\"320\" \/><\/p><h4 style=\"text-align: center;\"><a href=\"https:\/\/teachforromania.org\/\/devino-profesor\/de-ce\/\">Afl\u0103 mai multe detalii \u0219i hai al\u0103turi de noi!\u00a0<\/a><\/h4>\t\t\t\t\t\t\t\t<\/div>\n\t\t\t\t<\/div>\n\t\t\t\t\t<\/div>\n\t\t<\/div>\n\t\t\t\t\t<\/div>\n\t\t<\/section>\n\t\t\t\t<\/div>\n\t\t","protected":false},"excerpt":{"rendered":"<p>Diana a fost \u201edoamna \u00eenv\u0103\u021b\u0103toare&#8221; pentru zeci de de ochi curio\u0219i din comuna Sohatu, jude\u021bul C\u0103l\u0103ra\u0219i. Nu a crezut vreodat\u0103 c\u0103 va ajunge \u00een \u00eenv\u0103\u021b\u0103m\u00e2nt, ba dimpotriv\u0103, era convins\u0103 c\u0103 nu este deloc potrivit\u0103 pentru aceast\u0103 meserie. S-a n\u0103scut \u00een Timi\u0219oara \u0219i tot acolo \u0219i-a petrecut copil\u0103ria \u0219i adolescen\u021ba. \u00cen clasa I \u0219tia deja s\u0103 [&hellip;]<\/p>\n","protected":false},"author":7,"featured_media":8821,"comment_status":"closed","ping_status":"closed","sticky":false,"template":"","format":"standard","meta":{"_acf_changed":false,"footnotes":""},"categories":[18],"tags":[],"class_list":["post-4791","post","type-post","status-publish","format-standard","has-post-thumbnail","hentry","category-profesori-si-alumni"],"acf":[],"_links":{"self":[{"href":"https:\/\/teachforromania.org\/en\/wp-json\/wp\/v2\/posts\/4791","targetHints":{"allow":["GET"]}}],"collection":[{"href":"https:\/\/teachforromania.org\/en\/wp-json\/wp\/v2\/posts"}],"about":[{"href":"https:\/\/teachforromania.org\/en\/wp-json\/wp\/v2\/types\/post"}],"author":[{"embeddable":true,"href":"https:\/\/teachforromania.org\/en\/wp-json\/wp\/v2\/users\/7"}],"replies":[{"embeddable":true,"href":"https:\/\/teachforromania.org\/en\/wp-json\/wp\/v2\/comments?post=4791"}],"version-history":[{"count":3,"href":"https:\/\/teachforromania.org\/en\/wp-json\/wp\/v2\/posts\/4791\/revisions"}],"predecessor-version":[{"id":10871,"href":"https:\/\/teachforromania.org\/en\/wp-json\/wp\/v2\/posts\/4791\/revisions\/10871"}],"wp:featuredmedia":[{"embeddable":true,"href":"https:\/\/teachforromania.org\/en\/wp-json\/wp\/v2\/media\/8821"}],"wp:attachment":[{"href":"https:\/\/teachforromania.org\/en\/wp-json\/wp\/v2\/media?parent=4791"}],"wp:term":[{"taxonomy":"category","embeddable":true,"href":"https:\/\/teachforromania.org\/en\/wp-json\/wp\/v2\/categories?post=4791"},{"taxonomy":"post_tag","embeddable":true,"href":"https:\/\/teachforromania.org\/en\/wp-json\/wp\/v2\/tags?post=4791"}],"curies":[{"name":"wp","href":"https:\/\/api.w.org\/{rel}","templated":true}]}}