{"id":4783,"date":"2020-11-17T17:50:47","date_gmt":"2020-11-17T17:50:47","guid":{"rendered":"https:\/\/dev3.atelieru.ro\/tfr\/\/?p=10606"},"modified":"2022-09-09T15:13:48","modified_gmt":"2022-09-09T15:13:48","slug":"construim-modele-pentru-viitor-alaturi-de-mihaela-murgoci-alumna-teach-for-romania","status":"publish","type":"post","link":"https:\/\/teachforromania.org\/en\/construim-modele-pentru-viitor-alaturi-de-mihaela-murgoci-alumna-teach-for-romania\/","title":{"rendered":"Cu implicare \u00een proiecte comunitare &#8211; Mihaela Murgoci"},"content":{"rendered":"\t\t<div data-elementor-type=\"wp-post\" data-elementor-id=\"4783\" class=\"elementor elementor-4783\" data-elementor-post-type=\"post\">\n\t\t\t\t\t\t<section class=\"elementor-section elementor-top-section elementor-element elementor-element-380a8a24 elementor-section-boxed elementor-section-height-default elementor-section-height-default\" data-id=\"380a8a24\" data-element_type=\"section\">\n\t\t\t\t\t\t<div class=\"elementor-container elementor-column-gap-default\">\n\t\t\t\t\t<div class=\"elementor-column elementor-col-100 elementor-top-column elementor-element elementor-element-79e38981\" data-id=\"79e38981\" data-element_type=\"column\">\n\t\t\t<div class=\"elementor-widget-wrap elementor-element-populated\">\n\t\t\t\t\t\t<div class=\"elementor-element elementor-element-4d5ae083 elementor-widget elementor-widget-text-editor\" data-id=\"4d5ae083\" data-element_type=\"widget\" data-widget_type=\"text-editor.default\">\n\t\t\t\t<div class=\"elementor-widget-container\">\n\t\t\t\t\t\t\t\t\t<p>Mihaela are o experien\u021b\u0103 de peste 10 ani \u00een formarea profesional\u0103 a adul\u021bilor, iar schimbarea c\u0103tre lucrul cu adolescen\u021bii, iar, mai apoi, cu elevii de gimnaziu a venit odat\u0103 cu \u00een\u021belegerea c\u0103, pentru a avea anumite competen\u021be ca adult, e nevoie de o investi\u021bie mai mare \u00een formarea lor ini\u021bial\u0103, din \u0219coal\u0103.<\/p><p>P\u00e2n\u0103 s\u0103 ajung\u0103 \u00een programul nostru, Mihaela a implementat diverse proiecte culturale, iar unul dintre ele, desf\u0103\u0219urat \u00een Ferentari, i-a marcat chiar traseul profesional.<\/p><blockquote><p style=\"text-align: center;\"><em>Unul dintre b\u0103ie\u021bii din atelierul pe care l-am organizat atunci mi-a zis c\u0103 i-ar pl\u0103cea s\u0103 fiu profesoara lui de istorie. Acela cred c\u0103 a fost momentul \u00een care am zis c\u0103 asta trebuie s\u0103 fac. A\u0219a am aplicat eu la Teach. Era oricum ceva ce \u00eemi doream s\u0103 fac demult, o dorin\u021b\u0103 ascuns\u0103.<\/em><\/p><\/blockquote><p><strong>De ce a ales s\u0103 se implice \u00een astfel de proiecte? <\/strong><\/p><p>Mihaela crede c\u0103 educa\u021bia de acas\u0103 \u0219i-a spus cuv\u00e2ntul, c\u0103 a ajuta f\u0103r\u0103 s\u0103 ceri ceva \u00een schimb a fost o valoare cu care a crescut \u00eenc\u0103 de mic\u0103. \u00cen plus, proiectele din comunitate au ajutat-o s\u0103 se apropie \u0219i mai mult de copii \u0219i s\u0103 \u00ee\u0219i doreasc\u0103 din ce \u00een ce mai tare s\u0103 sprijine zonele defavorizate, s\u0103 fie printre ei. A f\u0103cut asta inclusiv din rolul de consilier local, motiva\u021bia ei principal\u0103 fiind s\u0103 \u00ee\u0219i salveze comunitatea \u00een care a crescut, s\u0103 poat\u0103 face ceva pentru ora\u0219ul ei.<\/p><blockquote><p style=\"text-align: center;\"><em>Chiar m\u0103 g\u00e2ndeam c\u0103 am putea s\u0103 construim ni\u0219te comunit\u0103\u021bi \u00een care oamenii s\u0103 se ajute, s\u0103 readucem la via\u021b\u0103 solidaritatea \u00eentre oameni, care parc\u0103 s-a pierdut, cu timpul. Mi-am dat seama c\u0103 e prea mult pentru puterile mele atunci, a\u0219a c\u0103 am zis s\u0103 merg c\u0103tre zonele rurale, unde, paradoxal, este \u0219i mai provocator s\u0103 construie\u0219ti comunit\u0103\u021bi.<\/em><\/p><\/blockquote><p>Totu\u0219i, \u00een ciuda tuturor obstacolelor, Mihaela a r\u0103mas cu aceea\u0219i determinare de a schimba lucrurile care nu func\u021bioneaz\u0103, de a c\u0103uta adev\u0103ratele probleme \u0219i de a veni cu solu\u021bii potrivite, at\u00e2t din rolul de profesor, c\u00e2t \u0219i mai departe de acesta, visul ei pe termen lung fiind s\u0103 fac\u0103 dezvoltare comunitar\u0103 \u0219i s\u0103 se implice chiar \u00een crearea de politici publice legate de educa\u021bie.<\/p><p><img fetchpriority=\"high\" decoding=\"async\" src=\"https:\/\/teachforromania.org\/\/wp-content\/uploads\/Vizual-general_Website-Banner-3-1024x320.png\" alt=\"\" width=\"1024\" height=\"320\" \/><\/p><h4 style=\"text-align: center;\"><a href=\"https:\/\/teachforromania.org\/\/devino-profesor\/de-ce\/\">Afl\u0103 mai multe detalii \u0219i hai al\u0103turi de noi!\u00a0<\/a><\/h4>\t\t\t\t\t\t\t\t<\/div>\n\t\t\t\t<\/div>\n\t\t\t\t\t<\/div>\n\t\t<\/div>\n\t\t\t\t\t<\/div>\n\t\t<\/section>\n\t\t\t\t<\/div>\n\t\t","protected":false},"excerpt":{"rendered":"<p>Mihaela are o experien\u021b\u0103 de peste 10 ani \u00een formarea profesional\u0103 a adul\u021bilor, iar schimbarea c\u0103tre lucrul cu adolescen\u021bii, iar, mai apoi, cu elevii de gimnaziu a venit odat\u0103 cu \u00een\u021belegerea c\u0103, pentru a avea anumite competen\u021be ca adult, e nevoie de o investi\u021bie mai mare \u00een formarea lor ini\u021bial\u0103, din \u0219coal\u0103. P\u00e2n\u0103 s\u0103 ajung\u0103 [&hellip;]<\/p>\n","protected":false},"author":7,"featured_media":8813,"comment_status":"closed","ping_status":"closed","sticky":false,"template":"","format":"standard","meta":{"_acf_changed":false,"footnotes":""},"categories":[18],"tags":[],"class_list":["post-4783","post","type-post","status-publish","format-standard","has-post-thumbnail","hentry","category-profesori-si-alumni"],"acf":[],"_links":{"self":[{"href":"https:\/\/teachforromania.org\/en\/wp-json\/wp\/v2\/posts\/4783","targetHints":{"allow":["GET"]}}],"collection":[{"href":"https:\/\/teachforromania.org\/en\/wp-json\/wp\/v2\/posts"}],"about":[{"href":"https:\/\/teachforromania.org\/en\/wp-json\/wp\/v2\/types\/post"}],"author":[{"embeddable":true,"href":"https:\/\/teachforromania.org\/en\/wp-json\/wp\/v2\/users\/7"}],"replies":[{"embeddable":true,"href":"https:\/\/teachforromania.org\/en\/wp-json\/wp\/v2\/comments?post=4783"}],"version-history":[{"count":3,"href":"https:\/\/teachforromania.org\/en\/wp-json\/wp\/v2\/posts\/4783\/revisions"}],"predecessor-version":[{"id":10887,"href":"https:\/\/teachforromania.org\/en\/wp-json\/wp\/v2\/posts\/4783\/revisions\/10887"}],"wp:featuredmedia":[{"embeddable":true,"href":"https:\/\/teachforromania.org\/en\/wp-json\/wp\/v2\/media\/8813"}],"wp:attachment":[{"href":"https:\/\/teachforromania.org\/en\/wp-json\/wp\/v2\/media?parent=4783"}],"wp:term":[{"taxonomy":"category","embeddable":true,"href":"https:\/\/teachforromania.org\/en\/wp-json\/wp\/v2\/categories?post=4783"},{"taxonomy":"post_tag","embeddable":true,"href":"https:\/\/teachforromania.org\/en\/wp-json\/wp\/v2\/tags?post=4783"}],"curies":[{"name":"wp","href":"https:\/\/api.w.org\/{rel}","templated":true}]}}