{"id":4776,"date":"2020-10-02T08:48:01","date_gmt":"2020-10-02T08:48:01","guid":{"rendered":"https:\/\/dev3.atelieru.ro\/tfr\/\/?p=10231"},"modified":"2022-09-09T15:15:32","modified_gmt":"2022-09-09T15:15:32","slug":"acolo-unde-nu-se-poate-se-poate-locul-i-la-gala-societatii-civile","status":"publish","type":"post","link":"https:\/\/teachforromania.org\/en\/acolo-unde-nu-se-poate-se-poate-locul-i-la-gala-societatii-civile\/","title":{"rendered":"Acolo unde nu se poate, se poate!"},"content":{"rendered":"\t\t<div data-elementor-type=\"wp-post\" data-elementor-id=\"4776\" class=\"elementor elementor-4776\" data-elementor-post-type=\"post\">\n\t\t\t\t\t\t<section class=\"elementor-section elementor-top-section elementor-element elementor-element-1b1f6ee3 elementor-section-boxed elementor-section-height-default elementor-section-height-default\" data-id=\"1b1f6ee3\" data-element_type=\"section\">\n\t\t\t\t\t\t<div class=\"elementor-container elementor-column-gap-default\">\n\t\t\t\t\t<div class=\"elementor-column elementor-col-100 elementor-top-column elementor-element elementor-element-16fbd16\" data-id=\"16fbd16\" data-element_type=\"column\">\n\t\t\t<div class=\"elementor-widget-wrap elementor-element-populated\">\n\t\t\t\t\t\t<div class=\"elementor-element elementor-element-3860e6a5 elementor-widget elementor-widget-text-editor\" data-id=\"3860e6a5\" data-element_type=\"widget\" data-widget_type=\"text-editor.default\">\n\t\t\t\t<div class=\"elementor-widget-container\">\n\t\t\t\t\t\t\t\t\t<p><em>Autor: Ana Maria Gr\u0103dinariu, Instructional Designer&amp;Trainer Teach for Romania<\/em><\/p><p>Mihaela, \u201eautoarea\u201d<strong> <a href=\"https:\/\/www.facebook.com\/JurnalDeFizica\/\">Jurnal de fizic\u0103<\/a><\/strong>, este omul care nu renun\u021b\u0103. Niciodat\u0103. Omul care \u00ee\u0219i suflec\u0103 m\u00e2inile (\u0219i la propriu, \u0219i la figurat) de fiecare dat\u0103 c\u00e2nd e nevoie ca tinerii cu care lucreaz\u0103 s\u0103 aib\u0103 o \u0219ans\u0103 atunci c\u00e2nd nimeni nu crede \u00een ei. \u0218i nu le pune \u0219ansa \u00een bra\u021be ci construie\u0219te \u00eempreun\u0103 cu ei, \u00eei ascult\u0103, le creeaz\u0103 contexte \u00een care ei s\u0103 \u00ee\u0219i descopere voca\u021bia, visul \u0219i drumul. Iar ea e acolo s\u0103 \u00eei sprijine \u0219i s\u0103 le reaminteasc\u0103 faptul c\u0103 POT atunci c\u00e2nd al\u021bii spun c\u0103 \u201enu se poate\u201d.<\/p><p>Pe Mihaela Buc\u0219a am cunoscut-o c\u00e2nd am ajuns la Teach for Romania. \u00cen toamna anului trecut am fost \u00een vizit\u0103 la orele ei de fizic\u0103 din \u0219coala din Crizbav \u0219i apoi m-a dus s\u0103 cunosc comunitatea. Mi-a spus pove\u0219tile fiec\u0103rei familii \u0219i fiec\u0103rui copil. S-a oprit s\u0103 vorbeasc\u0103 cu p\u0103rin\u021bii, i-a \u00eentrebat pe copiii care nu veniser\u0103 \u00een ziua aceea la \u0219coal\u0103 ce s-a \u00eent\u00e2mplat \u0219i le-a zis c\u0103 \u00eei a\u0219teapt\u0103 a doua zi la \u0219coal\u0103. P\u0103rin\u021bii cu care ne-am \u00eent\u00e2lnit to\u021bi o \u0219tiau \u0219i se vedea de la o po\u0219t\u0103 rela\u021bia de \u00eencredere. O rela\u021bie construit\u0103 cu s\u00e2rguinciozitate, cu r\u0103bdare, \u00een timp. \u00cemi amintesc \u0219i acum o discu\u021bie cu mama unei feti\u021be care fusese absent\u0103 \u00een ziua aceea. O discu\u021bie \u00een care Mihaela \u00eei explica mamei, din nou, de ce e important s\u0103 \u00ee\u0219i lase copiii la \u0219coal\u0103, chiar dac\u0103 are nevoie de ei \u0219i pentru treburile din gospod\u0103rie. Un \u201ede ce\u201d spus cu argumente, cald, pe limbaj simplu, f\u0103r\u0103 superioritate, agresivitate \u0219i \u201ec\u0103 a\u0219a trebuie\u201d.<\/p><p>Crizbav o comunitate preponderent de etnie rom\u0103, cu delincven\u021b\u0103 juvenil\u0103 \u0219i criminalitate ridicat\u0103, o comunitate \u00een care \u0219coala nu e o prioritate, s\u0103r\u0103cia e \u201eover the roof\u201d \u0219i accesul la resurse (de tot felul) este minim spre deloc. O comunitate \u00een care multora le e fric\u0103 s\u0103 mearg\u0103, dar nu \u0219i Mihaelei.<\/p><p>Mihaela este omul care \u00ee\u0219i asum\u0103 de la cap la coad\u0103 misiunea \u0219i rolul de dasc\u0103l \u0219i de lider \u00een educa\u021bie, vede dincolo de orele de clas\u0103, se zbate pentru ca drepturile elevilor s\u0103 fie respectate, ca ace\u0219tia s\u0103 aib\u0103 acces la experien\u021be diferite din care s\u0103 \u00eenve\u021be \u0219i s\u0103 se descopere, se zbate ca ace\u0219tia s\u0103 termine 8 clase \u0219i s\u0103 mearg\u0103 la liceu. Se zbate \u0219i o face f\u0103r\u0103 s\u0103 o simt\u0103 a\u0219a, ca pe o greutate. Se zbate \u0219i \u00eei iese.<\/p><p>\u00cen mai-iunie, clasa la care a fost dirigint\u0103 a fost singura clas\u0103 f\u0103r\u0103 abandon \u0219colar, cu 100% promovabilitate. Cum? Pentru c\u0103 a existat cineva care a crezut, care a mers s\u0103pt\u0103m\u00e2nal (\u0219i uneori mai des) \u00een comunitate s\u0103 vorbeasc\u0103 cu p\u0103rin\u021bii elevilor. Cineva care a citit legi, regulamente \u0219i decizii \u0219i s-a zb\u0103tut ca ele s\u0103 fie respectate iar oportunit\u0103\u021bile (pu\u021bine cum sunt ele) pe care le pune statut la dispozi\u021bia elevilor s\u0103 ajung\u0103 la ei. Cineva care a stat de vorb\u0103 cu elevii, i-a \u00een\u021beles, le-a vorbit pe limba lor \u0219i nu i-a tratat ca pe ni\u0219te \u201erata\u021bi incompeten\u021bi\u201d care nu au nicio \u0219ans\u0103 \u0219i care, \u201emai devreme sau mai t\u00e2rziu vor ajunge \u0219i ei la pu\u0219c\u0103rie\u201d. Cum? Cineva i-a inspirit \u0219i le-a dat \u00eencredere elevilor c\u0103 pot ajunge la liceu \u0219i, odat\u0103 ajun\u0219i acolo, le-a ar\u0103tat ce important e rolul lor \u00een construirea comunit\u0103\u021bii din care provin \u0219i c\u00e2t de important e rolul lor \u00een a-i sprijini \u0219i motiva \u0219i pe ceilal\u021bi elevi de clasa a 8-a s\u0103 li se al\u0103ture. Astfel, sub ghidajul acestui cineva, Crizbav are o trup\u0103 de elevi de liceu care sunt ambasadorii educa\u021biei pentru colegii lor din gimnaziu, \u00eei \u00eencurajeaz\u0103, \u00eei ajut\u0103 la examenele de admitere la liceu, merg \u00een comunitate \u0219i le dau informa\u021bii, \u00eei aduc la \u0219coal\u0103 \u0219i le arat\u0103 de ce e important e s\u0103 nu abandonezi. Cineva-ul \u0103sta care transform\u0103 \u201enu se poate\u201d \u00een \u201ese poate\u201d este Mihaela, o inspira\u021bie pentru mine \u0219i pentru noi to\u021bi<\/p><p><em>La Gala Societ\u0103\u021bii Civile, <a href=\"https:\/\/www.galasocietatiicivile.ro\/participants_project_2020.php?id=141&amp;section_id=9\">proiectul \u201eAcolo unde nu se poate\u201d<\/a> coordonat de Mihaela Buc\u0219a, alumn\u0103 Teach for Romania, a primit locul I la categoria Incluziune Social\u0103. Felicit\u0103ri multe, Mihaela Buc\u0219a! Felicit\u0103ri elevilor t\u0103i, p\u0103rin\u021bilor care au \u00een\u021beles c\u0103 educa\u021bia continu\u0103 \u0219i dup\u0103 clasa a 8-a \u0219i persoanelor care \u021bi-au fost al\u0103turi! Mul\u021bumim c\u0103 ne sunte\u021bi inspira\u021bie \u0219i c\u0103 ne ar\u0103ta\u021bi c\u0103 acolo da, se poate!<\/em><\/p><p><em>Aboneaz\u0103-te la newsletterul nostru <a href=\"https:\/\/teachforromania.us9.list-manage.com\/subscribe?u=74b827aa100449573980457ff&amp;id=f2376993ca\"><strong>aici<\/strong><\/a><strong>\u00a0<\/strong>pentru a afla ce mai facem \u00een Teach for Romania.<\/em><\/p><p><em>*<a href=\"https:\/\/www.galasocietatiicivile.ro\/\">Gala Societ\u0103\u021bii Civile<\/a> este cel mai amplu proiect, ini\u021biat \u00een <\/em><em>anul<\/em><em> 2002, care promoveaz\u0103 \u0219i premiaz\u0103 activitatea sectorului asociativ din Rom\u00e2nia.<\/em><strong><br \/><\/strong><\/p><p>\u00a0<\/p>\t\t\t\t\t\t\t\t<\/div>\n\t\t\t\t<\/div>\n\t\t\t\t\t<\/div>\n\t\t<\/div>\n\t\t\t\t\t<\/div>\n\t\t<\/section>\n\t\t\t\t<\/div>\n\t\t","protected":false},"excerpt":{"rendered":"<p>Autor: Ana Maria Gr\u0103dinariu, Instructional Designer&amp;Trainer Teach for Romania Mihaela, \u201eautoarea\u201d Jurnal de fizic\u0103, este omul care nu renun\u021b\u0103. Niciodat\u0103. Omul care \u00ee\u0219i suflec\u0103 m\u00e2inile (\u0219i la propriu, \u0219i la figurat) de fiecare dat\u0103 c\u00e2nd e nevoie ca tinerii cu care lucreaz\u0103 s\u0103 aib\u0103 o \u0219ans\u0103 atunci c\u00e2nd nimeni nu crede \u00een ei. \u0218i nu [&hellip;]<\/p>\n","protected":false},"author":2,"featured_media":8741,"comment_status":"closed","ping_status":"closed","sticky":false,"template":"","format":"standard","meta":{"_acf_changed":false,"footnotes":""},"categories":[18],"tags":[1287,1185,1288,1289,1290,982],"class_list":["post-4776","post","type-post","status-publish","format-standard","has-post-thumbnail","hentry","category-profesori-si-alumni","tag-acolo-se-poate","tag-alumni-teach-for-romania","tag-gala-societatii-civile","tag-incluziune-sociala","tag-mihaela-bucsa","tag-teach-for-romania"],"acf":[],"_links":{"self":[{"href":"https:\/\/teachforromania.org\/en\/wp-json\/wp\/v2\/posts\/4776","targetHints":{"allow":["GET"]}}],"collection":[{"href":"https:\/\/teachforromania.org\/en\/wp-json\/wp\/v2\/posts"}],"about":[{"href":"https:\/\/teachforromania.org\/en\/wp-json\/wp\/v2\/types\/post"}],"author":[{"embeddable":true,"href":"https:\/\/teachforromania.org\/en\/wp-json\/wp\/v2\/users\/2"}],"replies":[{"embeddable":true,"href":"https:\/\/teachforromania.org\/en\/wp-json\/wp\/v2\/comments?post=4776"}],"version-history":[{"count":6,"href":"https:\/\/teachforromania.org\/en\/wp-json\/wp\/v2\/posts\/4776\/revisions"}],"predecessor-version":[{"id":10893,"href":"https:\/\/teachforromania.org\/en\/wp-json\/wp\/v2\/posts\/4776\/revisions\/10893"}],"wp:featuredmedia":[{"embeddable":true,"href":"https:\/\/teachforromania.org\/en\/wp-json\/wp\/v2\/media\/8741"}],"wp:attachment":[{"href":"https:\/\/teachforromania.org\/en\/wp-json\/wp\/v2\/media?parent=4776"}],"wp:term":[{"taxonomy":"category","embeddable":true,"href":"https:\/\/teachforromania.org\/en\/wp-json\/wp\/v2\/categories?post=4776"},{"taxonomy":"post_tag","embeddable":true,"href":"https:\/\/teachforromania.org\/en\/wp-json\/wp\/v2\/tags?post=4776"}],"curies":[{"name":"wp","href":"https:\/\/api.w.org\/{rel}","templated":true}]}}