{"id":4756,"date":"2020-06-04T18:18:07","date_gmt":"2020-06-04T18:18:07","guid":{"rendered":"https:\/\/dev3.atelieru.ro\/tfr\/\/?p=9451"},"modified":"2022-09-09T18:16:53","modified_gmt":"2022-09-09T18:16:53","slug":"gina-nechifor-iubesc-ceea-ce-fac-fericirea-de-a-forma-un-om-un-semn-viu-in-lume-nu-are-limite","status":"publish","type":"post","link":"https:\/\/teachforromania.org\/en\/gina-nechifor-iubesc-ceea-ce-fac-fericirea-de-a-forma-un-om-un-semn-viu-in-lume-nu-are-limite\/","title":{"rendered":"Gina Nechifor: &#8220;S\u0103-\u021bi propui de la \u00eenceput s\u0103 fii c\u00e2t mai bun \u0219i s\u0103 r\u0103m\u00e2i dedicat acestui scop!\u201d"},"content":{"rendered":"\t\t<div data-elementor-type=\"wp-post\" data-elementor-id=\"4756\" class=\"elementor elementor-4756\" data-elementor-post-type=\"post\">\n\t\t\t\t\t\t<section class=\"elementor-section elementor-top-section elementor-element elementor-element-2c4238d5 elementor-section-boxed elementor-section-height-default elementor-section-height-default\" data-id=\"2c4238d5\" data-element_type=\"section\">\n\t\t\t\t\t\t<div class=\"elementor-container elementor-column-gap-default\">\n\t\t\t\t\t<div class=\"elementor-column elementor-col-100 elementor-top-column elementor-element elementor-element-3f0eef57\" data-id=\"3f0eef57\" data-element_type=\"column\">\n\t\t\t<div class=\"elementor-widget-wrap elementor-element-populated\">\n\t\t\t\t\t\t<div class=\"elementor-element elementor-element-3285d139 elementor-widget elementor-widget-text-editor\" data-id=\"3285d139\" data-element_type=\"widget\" data-widget_type=\"text-editor.default\">\n\t\t\t\t<div class=\"elementor-widget-container\">\n\t\t\t\t\t\t\t\t\t<p>Plin\u0103 de emo\u021bie. De \u00eencredere \u00eentr-un viitor mai bun. Mai echitabil. Un viitor al tuturor. Acestea sunt doar c\u00e2teva g\u00e2nduri care definesc povestea Ginei. Ea este unul dintre profesorii sus\u021binu\u021bi de Teach for Romania \u0219i este sprijinit\u0103 \u00een cadrul parteneriatului strategic cu UiPath Foundation.<\/p><p>S\u0103 gr\u0103din\u0103re\u0219ti destine este pentru Gina, unul dintre cele mai nobile lucruri pe care noi, oamenii mari, putem \u0219i trebuie s\u0103 le facem pentru a croi un drum mai bun \u00een via\u021b\u0103 pentru copiii din mediile vulnerabile din Rom\u00e2nia. Aceasta este promisiunea unui viitor mai bun \u2013 munca sus\u021binut\u0103, la unison, f\u0103cut\u0103 cu determinare \u0219i d\u0103ruin\u021b\u0103 \u0219i mai ales cu speran\u021b\u0103. Pentru a putea forma oameni \u00eens\u0103, mai \u00eent\u00e2i trebuie s\u0103 ne form\u0103m pe noi \u0219i, mai mult dec\u00e2t at\u00e2t, s\u0103 fim asuma\u021bi. \u00cencrederea \u00een propria persoan\u0103, convingerea c\u0103 adev\u0103rata \u00eentrecere \u00een via\u021b\u0103 este cu noi \u00een\u0219ine \u0219i c\u0103 putem progresa \u00een fiecare zi \u2013 le-a g\u0103sit aici, \u00een Teach for Romania, sau \u00een vorbele sale, \u00een familia Teach.<\/p><p>Se revede \u0219i acum,\u00a0zi dup\u0103 zi, cu pas gr\u0103bit spre \u0219coal\u0103,\u00a0pentru a-\u0219i \u00eendeplini misiunea \u2013 aceea de a forma, prin educa\u021bie, un viitor\u00a0altfel\u00a0pentru copiii pe care nu trebui s\u0103-i uit\u0103m, ci \u00een care, dimpotriv\u0103, ar trebui s\u0103 investim toat\u0103 aten\u021bia, grija, dedicarea noastr\u0103. Progresul aici, \u00een lumea lor, este un progres pentru noi to\u021bi ca societate. \u0218i f\u0103r\u0103 s\u0103 ne d\u0103m seama uneori, cu ajutorul lor devenim mai buni, mai deschi\u0219i \u0219i mai recunosc\u0103tori pentru tot ceea ce avem \u0219i suntem.<\/p><p style=\"text-align: center;\"><em>\u00cen mijlocul copiilor m\u0103 reinventez, slujesc unui scop nobil cu mai mult\u0103 pricepere, cl\u0103desc \u0219tiin\u021ba \u00eenalt\u0103 de a fi util\u0103.<\/em><\/p><p style=\"text-align: center;\"><em>\u201eAm crescut \u00eentr-o familie \u00een care echilibrul era muzica de fond dup\u0103 care fiecare \u00ee\u0219i dep\u0103na firul vie\u021bii. Ferit\u0103 de excese \u0219i cu o echilibristic\u0103 poate nativ\u0103, poate cultivat\u0103, am ales s\u0103 fiu profesor. Am debutat la 18 ani, dup\u0103 absolvirea Liceului Pedagogic, (acela care mi-a \u201eturnat\u201d structura de rezisten\u021b\u0103), \u00eentr-o \u0219coal\u0103 din ora\u0219ul natal, unde am tr\u0103it o frumoas\u0103 poveste cu s\u00e2nziene \u0219i fe\u021bi frumo\u0219i, care-mi ajungeau p\u00e2n\u0103 la br\u00e2u \u0219i care m\u0103 \u021bineau de rochie, plimb\u00e2ndu-i ca un trenule\u021b prin toat\u0103 \u0219coala. Le pl\u0103cea foarte mult s\u0103-mi m\u00e2ng\u00e2ie p\u0103rul pe care-l \u00eempleteau \u0219i r\u0103suceau pe dege\u021belele lor firave \u00een fiecare pauz\u0103. De \u00eembr\u0103\u021bi\u0219\u0103ri \u0219i declara\u021bii ce s\u0103 mai vorbesc?!<\/em><\/p><p style=\"text-align: center;\"><em>Anii au trecut, duium-duium. M\u0103 rev\u0103d zi dup\u0103 zi, cu pas gr\u0103bit spre \u0219coal\u0103, pentru a-mi \u00eendeplini misiunea: aceea de a r\u0103sp\u00e2ndi \u00eemp\u0103r\u0103\u021bia \u00eenv\u0103\u021b\u0103turii, \u00eemp\u0103r\u0103\u021bia iubirii. \u00centr-o devenire vie, \u00eentr-un urcu\u0219 neobosit, \u00een care fiecare pas e n\u0103scut dintr-un entuziasm ca o adev\u0103rat\u0103 religie. Cu sufletul \u00een palm\u0103. La vedere. Cu convingerea nestr\u0103mutat\u0103 c\u0103 r\u0103spund pentru ce iese din m\u00e2na mea, pentru profesia \u00een care mi-am angajat experien\u021ba, aptitudinile, onoarea. Ca un jur\u0103m\u00e2nt. Ca un leg\u0103m\u00e2nt c\u0103-mi voi face mereu treaba, f\u0103r\u0103 compromisuri, \u00een tandem cu \u201ecalific\u0103rile\u201d mele: demnitatea, d\u0103ruirea interioar\u0103, munca neobosit\u0103, creatoare, restauratoare, mobilizatoare. Pentru o meserie cu tent\u0103 demiurgic\u0103. Br\u0103\u021bara mea de aur. Pentru misiunea de a face educa\u021bie copiilor. S\u0103 gr\u0103din\u0103re\u0219ti destine. S\u0103 le infuzezi via\u021ba cu siguran\u021b\u0103 \u0219i afec\u021biune, \u00een\u021belepciune \u0219i \u00eenv\u0103\u021b\u0103tur\u0103 \u00eenc\u0103 de c\u00e2nd mototolesc cuvintele \u0219i p\u00e2n\u0103 se pierd \u00een dep\u0103rt\u0103ri. S\u0103 te reinventezi permanent de dragul lor. S\u0103 te doar\u0103 c\u0103 ghiozdanele li-s prea grele \u0219i \u0219coala \u00eei apas\u0103 \u0219i ea!<\/em><\/p><p style=\"text-align: center;\"><em>\u00centr-un astfel de moment de am\u0103r\u0103ciune, \u00een care se cerea schimbare, \u00eemprosp\u0103tare, a intrat \u00een via\u021ba mea Teach for Romania, pogor\u00e2nd peste mine virtu\u021bi care mi-au c\u00e2\u0219tigat \u00eencrederea \u0219i respectul pentru acest program de formare accelerat\u0103, dar de o profunzime de net\u0103g\u0103duit. Ingeniozitate, mobilitate, reinventare. Esen\u021b\u0103. Actul sublim de euharistie al unui \u00eenv\u0103\u021b\u0103m\u00e2nt empatic, sim\u021bitor \u0219i ata\u0219at, expresia d\u0103ruirii care str\u0103punge norul gros al neajunsurilor \u0219i r\u0103t\u0103cirilor din \u00eenv\u0103\u021b\u0103m\u00e2ntul rom\u00e2nesc. Rodirea natural\u0103 a unor principii \u0219i strategii care-\u021bi schimb\u0103 metabolismul mental \u0219i recuzita, care te transform\u0103 \u00een cea mai bun\u0103 variant\u0103 a ta. \u00cembr\u0103\u021bi\u0219area nev\u0103zut\u0103 dintre suflete.<\/em><\/p><p style=\"text-align: center;\"><em>Teach for Romania lucreaz\u0103 homeopatic \u00een mine, ca drojdia \u00een aluat, model\u00e2ndu-mi lutul \u00een cel mai frumos mod cu putin\u021b\u0103, iar eu m\u0103 las sculptat\u0103, \u00eei \u00eeng\u0103dui s\u0103-\u0219i lase \u00een mine urma sa pentru c\u0103 a\u0219a am devenit mai bun\u0103, mai empatic\u0103, mai jovial\u0103, pentru c\u0103 \u00eemi modeleaz\u0103 o g\u00e2ndire corect\u0103, care genereaz\u0103 ac\u021biuni corecte. Pentru c\u0103 scoate dinl\u0103untrul meu ceea ce nici eu nu \u0219tiam c\u0103 exist\u0103. Pentru c\u0103 m\u0103 inspir\u0103 s\u0103 fiu un om mai bun, mai creativ, m\u0103 apropie de poten\u021bialul meu maxim, m\u0103 face s\u0103-mi extind frontierele personale \u0219i s\u0103 cresc \u00een m\u0103iestrie. M\u0103 \u00eensufle\u021be\u0219te, m\u0103 hr\u0103ne\u0219te, \u00eemi \u00eenal\u021b\u0103 sufletul \u0219i-l face s\u0103 danseze.<\/em><\/p><p style=\"text-align: center;\"><em><strong>\u00cencerc constant s\u0103 m\u0103 autodep\u0103\u0219esc. Cred c\u0103 a\u0219a copiii vor adopta aceea\u0219i perspectiv\u0103 asupra vie\u021bii.<\/strong><\/em><\/p><p style=\"text-align: center;\"><em>Dup\u0103 absolvirea Academiei de Leadership \u0219i Pedagogie, le-am transmis elevilor mei c\u0103 vor avea din toamn\u0103 alt \u00eenv\u0103\u021b\u0103tor. M-am \u00eentors la catedr\u0103 altfel. Acum elevii mei spun: \u201eSe vede c\u0103 doamna a fost la Teach.\u201d A\u0219a este. Lec\u021biile mele sunt mai atractive, dinamica e alta, rutinele condimenteaz\u0103, viziunea c\u0103l\u0103uze\u0219te, integreaz\u0103. \u0218i mai e ceva. Familia Teach. Doamne, toti unul \u0219i unul. Ni\u0219te oameni de care nu te mai saturi. Cu o forma\u021bie solid\u0103 \u0219i cu abilit\u0103\u021bi excep\u021bionale de comunicare \u0219i de cre\u0219tere. Ni\u0219te oameni care \u00eenmul\u021besc pu\u021binul, care fac magie din lucruri simple, care construiesc prin ata\u0219ament \u0219i educa\u021bie afectiv\u0103 \u00eenv\u0103\u021barea din fiecare zi.<\/em><\/p><p style=\"text-align: center;\"><em>\u00cen mijlocul lor m\u0103 reinventez, slujesc unui scop nobil cu mai mult\u0103 pricepere, cl\u0103desc \u0219tiin\u021ba \u00eenalt\u0103 de a fi util\u0103. \u00cenv\u0103\u021b mereu. \u00cencerc constant s\u0103 m\u0103 autodep\u0103\u0219esc. Cred c\u0103 a\u0219a copiii vor adopta aceea\u0219i perspectiv\u0103 asupra vie\u021bii.<\/em><\/p><p style=\"text-align: center;\"><em>Sunt un proiect \u00een desf\u0103\u0219urare. F\u0103r\u0103 bre\u0219\u0103, sincope, regrete, triste\u021bi. Un om nou la vremuri noi. Vremuri \u00een care e mare nevoie s\u0103 fii autentic, prezent, preg\u0103tit, f\u0103r\u0103 rabaturi \u00eentre moral \u0219i imoral, pentru c\u0103 \u00eei \u00eenve\u021bi pe ceilal\u021bi ceea ce e\u0219ti, nu ceea ce pari a fi.<\/em><\/p><p style=\"text-align: center;\"><em>S\u0103 te afli acolo cu adev\u0103rat, \u00een mijlocul misiunii tale, cu toate sim\u021burile, cu tot devotamentul. S\u0103 faci un loc mai bun, s\u0103 \u00ee\u021bi asumi problemele \u0219i s\u0103 le rezolvi. S\u0103 nu te prefaci c\u0103 totul e bine. S\u0103-\u021bi pese. S\u0103 pui \u0219i tu o c\u0103r\u0103mid\u0103, m\u0103car una. Dar, ca s\u0103 reziste timpului, s\u0103 adaugi \u0219i suflet. S\u0103 zide\u0219ti suflet \u00eentre ziduri. \u0218i astfel, ceea ce va continua va dura o ve\u0219nicie.<\/em><\/p><p style=\"text-align: center;\"><em>S\u0103-\u021bi propui de la \u00eenceput s\u0103 fii c\u00e2t mai bun \u0219i s\u0103 r\u0103m\u00e2i dedicat acestui scop!\u201d<\/em><\/p><p style=\"text-align: justify;\">Gina face parte din genera\u021bia a 6-a de profesori \u0219i \u00eenv\u0103\u021b\u0103tori ai programului\u00a0<a href=\"https:\/\/www.facebook.com\/teachforromania\/?__tn__=K-R&amp;eid=ARAd04md0iru55UEaJA9VrKiAx9paozAC-NWHtGWKVVnSnib6NTzTK_636_woQDUhcUNtKg8zEu813pW&amp;fref=mentions&amp;__xts__%5B0%5D=68.ARBEQZgtaGh0nN7YEyXQPIiXmwoSKTSnFJ6FeU2evhmpNdsEasRbITrGrshNiDwLJOjcnar2TXdeITyyqrlAyYwVHqF1oZxjviNbgglWpjw0TgcS084wQo888hjF_HIZxMrA8gs4F0hSD4Wsu6Hva0FS3w8uASIDcMacwoAkGu32OinN22opAeLEroAseOp4GvNpsU0ENarXRwr8kPk5kJyNQOGf6EVGwjtITZsBXScEyWJODKxQnojgEDSYcbT6ByE78xT3TU30HikqKaWiDa5vW8-TSKFTVNWqIS6LhXOKBXGvj4uNvtRF61b81usWWM53Y5D29pgTcbeXe1XlphwY-g\">Teach for Romania<\/a>\u00a0\u0219i este sprijinit\u0103 \u00een cadrul parteneriatului nostru strategic cu\u00a0<a href=\"https:\/\/www.facebook.com\/UiPathFoundation\/?__tn__=K-R&amp;eid=ARC8g0TUHunIGxlZgdbi7zYpadOJyky_RhImJxSsRRdtgtjRJzXse71eUNLH7vbINIoM55P8iTnLjmMt&amp;fref=mentions&amp;__xts__%5B0%5D=68.ARBEQZgtaGh0nN7YEyXQPIiXmwoSKTSnFJ6FeU2evhmpNdsEasRbITrGrshNiDwLJOjcnar2TXdeITyyqrlAyYwVHqF1oZxjviNbgglWpjw0TgcS084wQo888hjF_HIZxMrA8gs4F0hSD4Wsu6Hva0FS3w8uASIDcMacwoAkGu32OinN22opAeLEroAseOp4GvNpsU0ENarXRwr8kPk5kJyNQOGf6EVGwjtITZsBXScEyWJODKxQnojgEDSYcbT6ByE78xT3TU30HikqKaWiDa5vW8-TSKFTVNWqIS6LhXOKBXGvj4uNvtRF61b81usWWM53Y5D29pgTcbeXe1XlphwY-g\">UiPath Foundation<\/a>.<\/p><p style=\"text-align: justify;\">Aboneaz\u0103-te\u00a0la newsletterul nostru\u00a0<strong><a href=\"https:\/\/teachforromania.us9.list-manage.com\/subscribe?u=74b827aa100449573980457ff&amp;id=f2376993ca\">aici<\/a>\u00a0<\/strong>pentru a afla ce mai fac profesorii din Teach.<\/p>\t\t\t\t\t\t\t\t<\/div>\n\t\t\t\t<\/div>\n\t\t\t\t\t<\/div>\n\t\t<\/div>\n\t\t\t\t\t<\/div>\n\t\t<\/section>\n\t\t\t\t<\/div>\n\t\t","protected":false},"excerpt":{"rendered":"<p>Plin\u0103 de emo\u021bie. De \u00eencredere \u00eentr-un viitor mai bun. Mai echitabil. Un viitor al tuturor. Acestea sunt doar c\u00e2teva g\u00e2nduri care definesc povestea Ginei. Ea este unul dintre profesorii sus\u021binu\u021bi de Teach for Romania \u0219i este sprijinit\u0103 \u00een cadrul parteneriatului strategic cu UiPath Foundation. S\u0103 gr\u0103din\u0103re\u0219ti destine este pentru Gina, unul dintre cele mai nobile [&hellip;]<\/p>\n","protected":false},"author":2,"featured_media":8515,"comment_status":"closed","ping_status":"closed","sticky":false,"template":"","format":"standard","meta":{"_acf_changed":false,"footnotes":""},"categories":[18],"tags":[973,1170,1155,982,1196,1255],"class_list":["post-4756","post","type-post","status-publish","format-standard","has-post-thumbnail","hentry","category-profesori-si-alumni","tag-construim-modele-pentru-viitor","tag-generatia-6-de-profesori","tag-gina-nechifor","tag-teach-for-romania","tag-uipath-foundation","tag-ziua-invatatorului"],"acf":[],"_links":{"self":[{"href":"https:\/\/teachforromania.org\/en\/wp-json\/wp\/v2\/posts\/4756","targetHints":{"allow":["GET"]}}],"collection":[{"href":"https:\/\/teachforromania.org\/en\/wp-json\/wp\/v2\/posts"}],"about":[{"href":"https:\/\/teachforromania.org\/en\/wp-json\/wp\/v2\/types\/post"}],"author":[{"embeddable":true,"href":"https:\/\/teachforromania.org\/en\/wp-json\/wp\/v2\/users\/2"}],"replies":[{"embeddable":true,"href":"https:\/\/teachforromania.org\/en\/wp-json\/wp\/v2\/comments?post=4756"}],"version-history":[{"count":3,"href":"https:\/\/teachforromania.org\/en\/wp-json\/wp\/v2\/posts\/4756\/revisions"}],"predecessor-version":[{"id":10910,"href":"https:\/\/teachforromania.org\/en\/wp-json\/wp\/v2\/posts\/4756\/revisions\/10910"}],"wp:featuredmedia":[{"embeddable":true,"href":"https:\/\/teachforromania.org\/en\/wp-json\/wp\/v2\/media\/8515"}],"wp:attachment":[{"href":"https:\/\/teachforromania.org\/en\/wp-json\/wp\/v2\/media?parent=4756"}],"wp:term":[{"taxonomy":"category","embeddable":true,"href":"https:\/\/teachforromania.org\/en\/wp-json\/wp\/v2\/categories?post=4756"},{"taxonomy":"post_tag","embeddable":true,"href":"https:\/\/teachforromania.org\/en\/wp-json\/wp\/v2\/tags?post=4756"}],"curies":[{"name":"wp","href":"https:\/\/api.w.org\/{rel}","templated":true}]}}