{"id":4723,"date":"2020-03-26T16:18:25","date_gmt":"2020-03-26T16:18:25","guid":{"rendered":"https:\/\/dev3.atelieru.ro\/tfr\/\/?p=10544"},"modified":"2022-09-09T18:48:19","modified_gmt":"2022-09-09T18:48:19","slug":"construim-modele-pentru-viitor-alaturi-de-claudiu-grigore-alumnus-teach-for-romania","status":"publish","type":"post","link":"https:\/\/teachforromania.org\/en\/construim-modele-pentru-viitor-alaturi-de-claudiu-grigore-alumnus-teach-for-romania\/","title":{"rendered":"Inechitatea prin ochi de adult &#8211; Claudiu Grigore"},"content":{"rendered":"\t\t<div data-elementor-type=\"wp-post\" data-elementor-id=\"4723\" class=\"elementor elementor-4723\" data-elementor-post-type=\"post\">\n\t\t\t\t\t\t<section class=\"elementor-section elementor-top-section elementor-element elementor-element-5ac50289 elementor-section-boxed elementor-section-height-default elementor-section-height-default\" data-id=\"5ac50289\" data-element_type=\"section\">\n\t\t\t\t\t\t<div class=\"elementor-container elementor-column-gap-default\">\n\t\t\t\t\t<div class=\"elementor-column elementor-col-100 elementor-top-column elementor-element elementor-element-1fca8eb7\" data-id=\"1fca8eb7\" data-element_type=\"column\">\n\t\t\t<div class=\"elementor-widget-wrap elementor-element-populated\">\n\t\t\t\t\t\t<div class=\"elementor-element elementor-element-45ccc8ac elementor-widget elementor-widget-text-editor\" data-id=\"45ccc8ac\" data-element_type=\"widget\" data-widget_type=\"text-editor.default\">\n\t\t\t\t<div class=\"elementor-widget-container\">\n\t\t\t\t\t\t\t\t\t<p style=\"text-align: center;\"><em>C\u00e2nd am auzit prima dat\u0103 despre Teach am zis wow, oamenii \u0103\u0219tia fac ceva pentru copii ca mine. Am \u0219tiut atunci c\u0103 trebuie s\u0103 m\u0103 implic, c\u0103 voi \u00een\u021belege fiecare copil, pentru c\u0103 am tr\u0103it, la r\u00e2ndul meu, multe pe care le tr\u0103iesc \u0219i ei. M-am sim\u021bit dator s\u0103 dau ceva \u00eenapoi.<\/em><\/p><p>Claudiu s-a n\u0103scut \u0219i a crescut \u00een Ferentari, \u00eentr-o familie modest\u0103. Era copilul introvert, care tr\u0103ia mult \u00een lumea lui, motiv pentru care devenea deseori \u021binta r\u0103ut\u0103\u021bilor gratuite ale colegilor de \u0219coal\u0103. Refugiul lui a fost teatrul, locul \u00een care a \u00eenceput s\u0103 se descopere, s\u0103 capete o voce \u0219i s\u0103 aib\u0103 \u00eencredere \u00een el, cu ajutorul unei profesoare c\u0103reia \u00eei este tare recunosc\u0103tor.<\/p><p style=\"text-align: center;\"><em>Datorit\u0103 ei am \u00eenceput s\u0103 m\u0103 schimb. Mi-a oferit \u00eencredere, aten\u021bia de care aveam nevoie \u0219i, cel mai important, nu a renun\u021bat la mine. Iar odat\u0103 cu \u00eencrederea, au venit \u0219i ambi\u021bia \u0219i determinarea de a face mai mult.<\/em><\/p><p>\u00cencepuse s\u0103 citeasc\u0103 mult, biblioteca fiind locul preferat \u00een care \u00ee\u0219i petrecea pauzele. Era prins \u00eentr-o nou\u0103 lume acum, cea a cunoa\u0219terii, care \u00eel fascina. Mai t\u00e2rziu, \u00een liceu, \u0219i-a descoperit pasiunea pentru politic\u0103, iar participarea \u00eentr-un proiect destinat tinerilor, care-\u021bi d\u0103dea posibilitatea s\u0103 tr\u0103ie\u0219ti c\u00e2teva zile \u00een papuci de parlamentar, i-a confirmat c\u0103 acesta este drumul pe care vrea s\u0103 mearg\u0103 mai departe. A\u0219a a ajuns la SNSPA \u0219i, pentru c\u0103 voia s\u0103 se implice c\u00e2t mai mult, a aplicat \u0219i \u00een VIP, o organiza\u021bie studen\u021beasc\u0103 unde a g\u0103sit oameni cu pasiuni comune.<\/p><p>Despre experien\u021ba \u00een programul nostru spune c\u0103 a fost cea care l-a schimbat cel mai mult, care l-a f\u0103cut mai con\u0219tient de el, unde a \u00eenv\u0103\u021bat s\u0103 \u00ee\u0219i \u00eembr\u0103\u021bi\u0219eze fiecare latur\u0103 \u0219i s\u0103 se accepte a\u0219a cum e. \u0218i cu aceste lec\u021bii pleac\u0103 mai departe la drum, \u00eentr-o c\u0103l\u0103torie tot \u00een lumea educa\u021biei \u0219i cu g\u00e2nduri mari pe plan politic, \u00eentr-un viitor nu foarte \u00eendep\u0103rtat.<\/p><p><img fetchpriority=\"high\" decoding=\"async\" src=\"https:\/\/teachforromania.org\/\/wp-content\/uploads\/Vizual-general_Website-Banner-17-Martie-1024x320.jpg\" alt=\"\" width=\"1024\" height=\"320\" \/><\/p><h4 style=\"text-align: center;\"><a href=\"https:\/\/teachforromania.org\/\/devino-profesor\/de-ce\/\">Afl\u0103 mai multe detalii \u0219i hai al\u0103turi de noi!\u00a0<\/a><\/h4>\t\t\t\t\t\t\t\t<\/div>\n\t\t\t\t<\/div>\n\t\t\t\t\t<\/div>\n\t\t<\/div>\n\t\t\t\t\t<\/div>\n\t\t<\/section>\n\t\t\t\t<\/div>\n\t\t","protected":false},"excerpt":{"rendered":"<p>C\u00e2nd am auzit prima dat\u0103 despre Teach am zis wow, oamenii \u0103\u0219tia fac ceva pentru copii ca mine. Am \u0219tiut atunci c\u0103 trebuie s\u0103 m\u0103 implic, c\u0103 voi \u00een\u021belege fiecare copil, pentru c\u0103 am tr\u0103it, la r\u00e2ndul meu, multe pe care le tr\u0103iesc \u0219i ei. M-am sim\u021bit dator s\u0103 dau ceva \u00eenapoi. Claudiu s-a n\u0103scut [&hellip;]<\/p>\n","protected":false},"author":7,"featured_media":8800,"comment_status":"closed","ping_status":"closed","sticky":false,"template":"","format":"standard","meta":{"_acf_changed":false,"footnotes":""},"categories":[18],"tags":[],"class_list":["post-4723","post","type-post","status-publish","format-standard","has-post-thumbnail","hentry","category-profesori-si-alumni"],"acf":[],"_links":{"self":[{"href":"https:\/\/teachforromania.org\/en\/wp-json\/wp\/v2\/posts\/4723","targetHints":{"allow":["GET"]}}],"collection":[{"href":"https:\/\/teachforromania.org\/en\/wp-json\/wp\/v2\/posts"}],"about":[{"href":"https:\/\/teachforromania.org\/en\/wp-json\/wp\/v2\/types\/post"}],"author":[{"embeddable":true,"href":"https:\/\/teachforromania.org\/en\/wp-json\/wp\/v2\/users\/7"}],"replies":[{"embeddable":true,"href":"https:\/\/teachforromania.org\/en\/wp-json\/wp\/v2\/comments?post=4723"}],"version-history":[{"count":3,"href":"https:\/\/teachforromania.org\/en\/wp-json\/wp\/v2\/posts\/4723\/revisions"}],"predecessor-version":[{"id":10932,"href":"https:\/\/teachforromania.org\/en\/wp-json\/wp\/v2\/posts\/4723\/revisions\/10932"}],"wp:featuredmedia":[{"embeddable":true,"href":"https:\/\/teachforromania.org\/en\/wp-json\/wp\/v2\/media\/8800"}],"wp:attachment":[{"href":"https:\/\/teachforromania.org\/en\/wp-json\/wp\/v2\/media?parent=4723"}],"wp:term":[{"taxonomy":"category","embeddable":true,"href":"https:\/\/teachforromania.org\/en\/wp-json\/wp\/v2\/categories?post=4723"},{"taxonomy":"post_tag","embeddable":true,"href":"https:\/\/teachforromania.org\/en\/wp-json\/wp\/v2\/tags?post=4723"}],"curies":[{"name":"wp","href":"https:\/\/api.w.org\/{rel}","templated":true}]}}