{"id":4695,"date":"2020-02-15T08:43:41","date_gmt":"2020-02-15T08:43:41","guid":{"rendered":"https:\/\/dev3.atelieru.ro\/tfr\/\/?p=13512"},"modified":"2022-09-10T08:16:12","modified_gmt":"2022-09-10T08:16:12","slug":"ungra-comunitatea-pentru-care-bianca-a-oferit-doi-ani-din-viata-ei","status":"publish","type":"post","link":"https:\/\/teachforromania.org\/en\/ungra-comunitatea-pentru-care-bianca-a-oferit-doi-ani-din-viata-ei\/","title":{"rendered":"Ungra \u2013 comunitatea pentru care Bianca a oferit doi ani din via\u021ba ei"},"content":{"rendered":"\t\t<div data-elementor-type=\"wp-post\" data-elementor-id=\"4695\" class=\"elementor elementor-4695\" data-elementor-post-type=\"post\">\n\t\t\t\t\t\t<section class=\"elementor-section elementor-top-section elementor-element elementor-element-22a07a81 elementor-section-boxed elementor-section-height-default elementor-section-height-default\" data-id=\"22a07a81\" data-element_type=\"section\">\n\t\t\t\t\t\t<div class=\"elementor-container elementor-column-gap-default\">\n\t\t\t\t\t<div class=\"elementor-column elementor-col-100 elementor-top-column elementor-element elementor-element-5d119471\" data-id=\"5d119471\" data-element_type=\"column\">\n\t\t\t<div class=\"elementor-widget-wrap elementor-element-populated\">\n\t\t\t\t\t\t<div class=\"elementor-element elementor-element-321ac1c6 elementor-widget elementor-widget-text-editor\" data-id=\"321ac1c6\" data-element_type=\"widget\" data-widget_type=\"text-editor.default\">\n\t\t\t\t<div class=\"elementor-widget-container\">\n\t\t\t\t\t\t\t\t\t<p>Bianca este de profesie psiholog, \u00eens\u0103 de-a lungul timpului a contribuit ca voluntar \u00een mai multe asocia\u021bii, funda\u021bii \u0219i institu\u021bii, lucr\u00e2nd cu studen\u021bi, elevi \u0219i copii din mediul dezavantajat. \u00cen 2017, pasiunea pentru educa\u021bie a determinat-o s\u0103 se \u00eenscrie \u00een programul Teach for Romania.<\/p><p style=\"text-align: center;\"><em>\u201cAm decis c\u0103 la 25 pot oferi doi ani din via\u021ba mea pe de-a-ntregul. M-am mutat cu sufletul \u0219i cu toate catrafusele la Ungra \u0219i-am despr\u0103fuit \u0219i bibilit poten\u021bialul copiilor, at\u00e2t c\u00e2t m-am priceput eu.<\/em><\/p><p style=\"text-align: center;\"><em>Anii Teach for Romania au fost anii cel mai bine investi\u021bi din via\u021ba mea. Nu am mers \u00een misiunea Teach pentru mine, dar cred c\u0103 \u00een final am plecat cu cel pu\u021bin la fel de multe bog\u0103\u021bii imateriale ca cele pe care le-am l\u0103sat acolo. Printre bog\u0103\u021biile pe care le port \u00een desag\u0103 sunt rezilien\u021ba, capacitatea de a stabili obiective strategice \u0219i a le urm\u0103ri pe termen lung, capacitatea de a interac\u021biona cu diferite tipuri de oameni, deprinderea de a-mi monitoriza rezultatele \u0219i multe cuno\u0219tin\u021be despre educa\u021bie, despre sistem \u0219i despre cum se petrece \u00eenv\u0103\u021barea \u0219i dezvoltarea uman\u0103\u201d.<\/em><\/p><p>\u00cen prezent este angajat al Secretariatului General al Guvernului, unde se ocup\u0103 de proiecte educa\u021bionale, culturale \u0219i sociale \u00een jude\u021bul Harghita, iar \u00een timpul liber lucreaz\u0103 la un proiect de cercetare \u00een domeniul educa\u021biei. \u0218tie c\u0103 misiunea ei \u00een educa\u021bie continu\u0103 \u0219i dup\u0103 cei 2 ani de program \u0219i se bucur\u0103 s\u0103 fac\u0103 parte dintr-o comunitate puternic\u0103 de alumni.<\/p><p>\u00centrebat\u0103 \u00een cadrul unui interviu de ce a ales s\u0103 aplice pentru programul Teach for Romania, Bianca a spus: \u201cC\u00e2nd m-am \u00eenscris \u00een Teach for Romania, m-am \u00eenscris mai degrab\u0103 din dorin\u021ba de a contribui, s\u0103 fac un pas \u00een fa\u021b\u0103 \u0219i cred c\u0103 \u00eentotdeauna am avut o aplecare spre educa\u021bie\u201d.<\/p><p>Interviul cu Bianca P\u0103curar poate fi urm\u0103rit <a href=\"http:\/\/ardealtv.ro\/pe-meleaguri-natale-modeland-destinele-copiilor-bianca-pacurar-alumni-teach-for-romania\/?fbclid=IwAR2GpIa6kXn7WR5RiSguM_37IF4P_W9qItTG1sHI6Mfa6GGsqM0xaMXrPSo\">aici<\/a> .<\/p>\t\t\t\t\t\t\t\t<\/div>\n\t\t\t\t<\/div>\n\t\t\t\t\t<\/div>\n\t\t<\/div>\n\t\t\t\t\t<\/div>\n\t\t<\/section>\n\t\t\t\t<\/div>\n\t\t","protected":false},"excerpt":{"rendered":"<p>Bianca este de profesie psiholog, \u00eens\u0103 de-a lungul timpului a contribuit ca voluntar \u00een mai multe asocia\u021bii, funda\u021bii \u0219i institu\u021bii, lucr\u00e2nd cu studen\u021bi, elevi \u0219i copii din mediul dezavantajat. \u00cen 2017, pasiunea pentru educa\u021bie a determinat-o s\u0103 se \u00eenscrie \u00een programul Teach for Romania. \u201cAm decis c\u0103 la 25 pot oferi doi ani din via\u021ba [&hellip;]<\/p>\n","protected":false},"author":2,"featured_media":9284,"comment_status":"closed","ping_status":"closed","sticky":false,"template":"","format":"standard","meta":{"_acf_changed":false,"footnotes":""},"categories":[18],"tags":[],"class_list":["post-4695","post","type-post","status-publish","format-standard","has-post-thumbnail","hentry","category-profesori-si-alumni"],"acf":[],"_links":{"self":[{"href":"https:\/\/teachforromania.org\/en\/wp-json\/wp\/v2\/posts\/4695","targetHints":{"allow":["GET"]}}],"collection":[{"href":"https:\/\/teachforromania.org\/en\/wp-json\/wp\/v2\/posts"}],"about":[{"href":"https:\/\/teachforromania.org\/en\/wp-json\/wp\/v2\/types\/post"}],"author":[{"embeddable":true,"href":"https:\/\/teachforromania.org\/en\/wp-json\/wp\/v2\/users\/2"}],"replies":[{"embeddable":true,"href":"https:\/\/teachforromania.org\/en\/wp-json\/wp\/v2\/comments?post=4695"}],"version-history":[{"count":3,"href":"https:\/\/teachforromania.org\/en\/wp-json\/wp\/v2\/posts\/4695\/revisions"}],"predecessor-version":[{"id":10960,"href":"https:\/\/teachforromania.org\/en\/wp-json\/wp\/v2\/posts\/4695\/revisions\/10960"}],"wp:featuredmedia":[{"embeddable":true,"href":"https:\/\/teachforromania.org\/en\/wp-json\/wp\/v2\/media\/9284"}],"wp:attachment":[{"href":"https:\/\/teachforromania.org\/en\/wp-json\/wp\/v2\/media?parent=4695"}],"wp:term":[{"taxonomy":"category","embeddable":true,"href":"https:\/\/teachforromania.org\/en\/wp-json\/wp\/v2\/categories?post=4695"},{"taxonomy":"post_tag","embeddable":true,"href":"https:\/\/teachforromania.org\/en\/wp-json\/wp\/v2\/tags?post=4695"}],"curies":[{"name":"wp","href":"https:\/\/api.w.org\/{rel}","templated":true}]}}