{"id":4692,"date":"2020-02-10T11:04:25","date_gmt":"2020-02-10T11:04:25","guid":{"rendered":"https:\/\/dev3.atelieru.ro\/tfr\/\/?p=13574"},"modified":"2022-09-10T08:17:52","modified_gmt":"2022-09-10T08:17:52","slug":"pagina-din-jurnal-de-invatator","status":"publish","type":"post","link":"https:\/\/teachforromania.org\/en\/pagina-din-jurnal-de-invatator\/","title":{"rendered":"Pagin\u0103 din jurnal de \u00eenv\u0103\u021b\u0103tor"},"content":{"rendered":"\t\t<div data-elementor-type=\"wp-post\" data-elementor-id=\"4692\" class=\"elementor elementor-4692\" data-elementor-post-type=\"post\">\n\t\t\t\t\t\t<section class=\"elementor-section elementor-top-section elementor-element elementor-element-955244f elementor-section-boxed elementor-section-height-default elementor-section-height-default\" data-id=\"955244f\" data-element_type=\"section\">\n\t\t\t\t\t\t<div class=\"elementor-container elementor-column-gap-default\">\n\t\t\t\t\t<div class=\"elementor-column elementor-col-100 elementor-top-column elementor-element elementor-element-2753eb67\" data-id=\"2753eb67\" data-element_type=\"column\">\n\t\t\t<div class=\"elementor-widget-wrap elementor-element-populated\">\n\t\t\t\t\t\t<div class=\"elementor-element elementor-element-54877a40 elementor-widget elementor-widget-text-editor\" data-id=\"54877a40\" data-element_type=\"widget\" data-widget_type=\"text-editor.default\">\n\t\t\t\t<div class=\"elementor-widget-container\">\n\t\t\t\t\t\t\t\t\t<p style=\"text-align: justify; background: white; vertical-align: baseline; margin: 0in 0in 15.0pt 0in;\">Mihaela Purcaru este \u00eenv\u0103\u021b\u0103toare. \u0218tie ce \u00eenseamn\u0103 vulnerabilitatea. Pentru ea, toate experien\u021bele personale de via\u021b\u0103, deloc u\u0219oare, au determinat-o s\u0103 continue, s\u0103 persevereze \u00een a-\u0219i c\u0103uta un sens. \u0218i-a dorit s\u0103 transfere aceste calit\u0103\u021bi \u0219i \u00een educa\u021bie, al\u0103turi de copii, ca un model de urmat. \u0218i a\u0219a a \u0219i fost.<\/p><p style=\"background: white; vertical-align: baseline; margin: 0in 0in 15pt; text-align: center;\"><em>\u201eSunt Mihaela \u0219i c\u00e2ndva, nu p\u00e2n\u0103 demult, r\u0103spundeam la descrierile despre mine cu prezent\u0103ri bibliografice din CV. Poate pentru c\u0103 tr\u0103iam \u00een cutuma corporatist\u0103. Sau poate pentru c\u0103 \u00eenc\u0103 nu eram sigur\u0103 \u00een raport cu mine \u00eens\u0103mi cine sunt. Chiar \u00eemi aduc aminte, cu amuzament, despre o prezentare a mea f\u0103cut\u0103 la o conferin\u021b\u0103. C\u00e2t de bine \u0219i pompos suna. Un soi de stim\u0103 de sine se consolida superficial odat\u0103 cu enumer\u0103rile prezentatorului. \u0218i totu\u0219i, niciun moment nu am auzit cuv\u00e2ntul \u00eenv\u0103\u021b\u0103tor. Chiar unul necalificat, \u00een primii ani\u2026<\/em><\/p><p style=\"background: white; vertical-align: baseline; margin: 0in 0in 15pt; text-align: center;\"><em>Mi-a luat 3 ani s\u0103 \u00eemi asum c\u0103 eu sunt dimine\u021bile \u00eenv\u0103\u021b\u0103tor. C\u0103 mai apoi sunt \u0219i profesor la gimnaziu \u0219i liceu, \u0219i mai pe sear\u0103, de dou\u0103 ori pe s\u0103pt\u0103m\u00e2n\u0103 seminarist. Parc\u0103 astea le spuneam cu un pic mai mult\u0103 lejeritate. Am \u0219i acum un gol \u00een stomac \u0219tiind c\u00e2t de departe sunt de performan\u021ba celor care \u00eemi sunt modele \u0219i mi-au fost (c\u00e2ndva) profesori.<\/em><\/p><p style=\"background: white; vertical-align: baseline; margin: 0in 0in 15pt; text-align: center;\"><em>Asadar aleg s\u0103 lucrez \u00een sistem. De 3 ani pe Calea Grivi\u021bei. E acas\u0103. Sau e pasiune coroborat\u0103 cu oboseal\u0103, gre\u0219eli, durere, frustrare, miracole, credin\u021b\u0103 \u0219i, mai ales, iubire. Sub aceste st\u0103ri am ales s\u0103 tr\u0103iesc \u0219i s\u0103 scriu la povestea unor suflete \u00een b\u0103taia frigului, a ignorantei \u0219i a neputin\u021bei. Am c\u0103utat copii prin case p\u0103r\u0103site, p\u0103zit\u0103 de c\u00e2ini, ajutat\u0103 de elevi curajo\u0219i, iar apoi ei au f\u0103cut la fel. \u0218i-au adus partenerii de joac\u0103, de cer\u0219it, prietenii din parc si pe to\u021bi pe care viata i-a pus la grea \u00eencercare.<\/em><\/p><p style=\"background: white; vertical-align: baseline; margin: 0in 0in 15pt; text-align: center;\"><em>Anii \u0103\u0219tia 3 au fost \u0219i despre materiile din orar. Dar mult mai mult despre \u0219ansa copiilor de a intra \u0219i de a r\u0103m\u00e2ne \u00een sistemul de educa\u021bie. O educa\u021bie cu empatie, ascultare \u0219i leadership transforma\u021bional. Copiii care abia ie\u0219eau de sub b\u0103nci, acum ies \u00een lume, la ateliere al\u0103turi de al\u021bi copii. Cei cu familii \u0219i vie\u021bi decente. \u0218i, din fericire, fac echip\u0103 bun\u0103.<\/em><\/p><p style=\"background: white; vertical-align: baseline; margin: 0in 0in 15pt; text-align: center;\"><em>Sute de oameni au venit \u00een povestea mea. Prietenii mei s-au cernut. Al\u021bii noi au fost ghida\u021bi. Resursele au fost \u0219i ele consecin\u021b\u0103 a lucrurilor f\u0103cute cu dragoste \u0219i implicare. A\u0219tern la acest moment doar o adiere de suflet, f\u0103r\u0103 cifre, dar \u0219i f\u0103r\u0103 drame. Pentru c\u0103 realizez c\u0103 nu am niciun obiectiv de fundraising cu acest text.<\/em><\/p><p style=\"background: white; vertical-align: baseline; margin: 0in 0in 15pt; text-align: center;\"><em>M\u0103 prezint cu emo\u021bia la ce tr\u0103iesc zi de zi, de la 11 elevi al\u0103turi de care am \u00eenceput la catedr\u0103, la cei mai bine de 60 care azi sunt la \u0219coala noastr\u0103. Pentru c\u0103 cel mai bun marketing \u00eel face fapta cu suflet despre care eu nu mai am putere s\u0103 vorbesc, smerit\u0103 fiind \u00een fa\u021ba minunilor pe care le tr\u0103iesc \u0219i a vie\u021bilor care se schimb\u0103. Iar prima e a mea. Prin ei, elevii mei. De diminea\u021b\u0103, pr\u00e2nz \u0219i seara. C\u0103ci nu mai exist\u0103 pentru mine delimitarea \u00eentre vie\u021bi: personal\u0103 versus profesional\u0103. Ci e vorba despre VIAT\u0102. At\u00e2t. Sunt vie \u0219i simt via\u021ba cu sensul, \u00eencerc\u0103rile, limitele \u0219i minunile care se \u021bes de c\u0103tre Creatorul ei.<\/em><\/p><p style=\"background: white; vertical-align: baseline; margin: 0in 0in 15pt; text-align: center;\"><em>Iar ca mine, suntem mul\u021bi. Eu una m\u0103 opresc la colegii mei. De ani de zile la firul ierbii. Aproape ca nici nu \u00ee\u0219i mai dau seama c\u00e2t bine fac pentru c\u0103 sunt.<\/em><\/p><p style=\"background: white; vertical-align: baseline; margin: 0in 0in 15pt; text-align: center;\"><em>\u00cemi pare rau dac\u0103 te a\u0219teptai la ceva concret \u00eens\u0103 \u00een acest moment nu ma pot cobori in concret. Ia-m\u0103 a\u0219a, la general. Un suflet care tr\u0103ie\u0219te \u0219i construie\u0219te prin el la comunitate\u201d.<\/em><\/p><p style=\"text-align: justify; background: white; vertical-align: baseline; margin: 0in 0in 15.0pt 0in;\">\u00a0Povestea Mihaelei poate fi urm\u0103rit\u0103 <a href=\"https:\/\/www.trinitas.tv\/teach-for-romania-educatie-pentru-copiii-din-comunitatile-sarace\/?fbclid=IwAR2HiLK6GsCGJGRuocx42oo6IVc0wNqHGaQVYzF-2Nw7VqsqlL2c_9NVaZE\">aici<\/a> .<\/p>\t\t\t\t\t\t\t\t<\/div>\n\t\t\t\t<\/div>\n\t\t\t\t\t<\/div>\n\t\t<\/div>\n\t\t\t\t\t<\/div>\n\t\t<\/section>\n\t\t\t\t<\/div>\n\t\t","protected":false},"excerpt":{"rendered":"<p>Mihaela Purcaru este \u00eenv\u0103\u021b\u0103toare. \u0218tie ce \u00eenseamn\u0103 vulnerabilitatea. Pentru ea, toate experien\u021bele personale de via\u021b\u0103, deloc u\u0219oare, au determinat-o s\u0103 continue, s\u0103 persevereze \u00een a-\u0219i c\u0103uta un sens. \u0218i-a dorit s\u0103 transfere aceste calit\u0103\u021bi \u0219i \u00een educa\u021bie, al\u0103turi de copii, ca un model de urmat. \u0218i a\u0219a a \u0219i fost. \u201eSunt Mihaela \u0219i c\u00e2ndva, nu [&hellip;]<\/p>\n","protected":false},"author":2,"featured_media":9294,"comment_status":"closed","ping_status":"closed","sticky":false,"template":"","format":"standard","meta":{"_acf_changed":false,"footnotes":""},"categories":[18],"tags":[],"class_list":["post-4692","post","type-post","status-publish","format-standard","has-post-thumbnail","hentry","category-profesori-si-alumni"],"acf":[],"_links":{"self":[{"href":"https:\/\/teachforromania.org\/en\/wp-json\/wp\/v2\/posts\/4692","targetHints":{"allow":["GET"]}}],"collection":[{"href":"https:\/\/teachforromania.org\/en\/wp-json\/wp\/v2\/posts"}],"about":[{"href":"https:\/\/teachforromania.org\/en\/wp-json\/wp\/v2\/types\/post"}],"author":[{"embeddable":true,"href":"https:\/\/teachforromania.org\/en\/wp-json\/wp\/v2\/users\/2"}],"replies":[{"embeddable":true,"href":"https:\/\/teachforromania.org\/en\/wp-json\/wp\/v2\/comments?post=4692"}],"version-history":[{"count":3,"href":"https:\/\/teachforromania.org\/en\/wp-json\/wp\/v2\/posts\/4692\/revisions"}],"predecessor-version":[{"id":10966,"href":"https:\/\/teachforromania.org\/en\/wp-json\/wp\/v2\/posts\/4692\/revisions\/10966"}],"wp:featuredmedia":[{"embeddable":true,"href":"https:\/\/teachforromania.org\/en\/wp-json\/wp\/v2\/media\/9294"}],"wp:attachment":[{"href":"https:\/\/teachforromania.org\/en\/wp-json\/wp\/v2\/media?parent=4692"}],"wp:term":[{"taxonomy":"category","embeddable":true,"href":"https:\/\/teachforromania.org\/en\/wp-json\/wp\/v2\/categories?post=4692"},{"taxonomy":"post_tag","embeddable":true,"href":"https:\/\/teachforromania.org\/en\/wp-json\/wp\/v2\/tags?post=4692"}],"curies":[{"name":"wp","href":"https:\/\/api.w.org\/{rel}","templated":true}]}}