{"id":4684,"date":"2020-01-14T13:10:55","date_gmt":"2020-01-14T13:10:55","guid":{"rendered":"https:\/\/dev3.atelieru.ro\/tfr\/\/?p=8551"},"modified":"2022-09-12T06:47:19","modified_gmt":"2022-09-12T06:47:19","slug":"curajul-pe-care-au-inceput-sa-il-construiasca-ii-uimeste-si-pe-ei-uneori","status":"publish","type":"post","link":"https:\/\/teachforromania.org\/en\/curajul-pe-care-au-inceput-sa-il-construiasca-ii-uimeste-si-pe-ei-uneori\/","title":{"rendered":"Cum arat\u0103 empatia copiilor povestit\u0103 de profesorii Teach for Romania"},"content":{"rendered":"\t\t<div data-elementor-type=\"wp-post\" data-elementor-id=\"4684\" class=\"elementor elementor-4684\" data-elementor-post-type=\"post\">\n\t\t\t\t\t\t<section class=\"elementor-section elementor-top-section elementor-element elementor-element-67c8d964 elementor-section-boxed elementor-section-height-default elementor-section-height-default\" data-id=\"67c8d964\" data-element_type=\"section\">\n\t\t\t\t\t\t<div class=\"elementor-container elementor-column-gap-default\">\n\t\t\t\t\t<div class=\"elementor-column elementor-col-100 elementor-top-column elementor-element elementor-element-57b1a4e4\" data-id=\"57b1a4e4\" data-element_type=\"column\">\n\t\t\t<div class=\"elementor-widget-wrap elementor-element-populated\">\n\t\t\t\t\t\t<div class=\"elementor-element elementor-element-2b886ef4 elementor-widget elementor-widget-text-editor\" data-id=\"2b886ef4\" data-element_type=\"widget\" data-widget_type=\"text-editor.default\">\n\t\t\t\t<div class=\"elementor-widget-container\">\n\t\t\t\t\t\t\t\t\t<p>Am auzit \u00een nenum\u0103rate r\u00e2nduri cuv\u00e2ntul \u201cempatie\u201d. La un moment dat, se discuta despre introducerea unei discipline pe tema \u201ceduca\u021bia empatic\u0103\u201d.<\/p><p>C\u00e2t\u0103 nevoie este de aceast\u0103 \u201ceduca\u021bie empatic\u0103\u201d \u00een aria curriculara la \u0219coal\u0103, ne spun trei profesori Teach for Romania:<\/p><p style=\"text-align: justify;\"><strong>Cosmin Codrea, profesor G5:<\/strong><\/p><p>Este incredibil cum acolo unde am cele mai pu\u021bine resurse r\u0103mase, elevii sunt cei care m\u0103 sprijin\u0103 cel mai mult \u0219i \u00eemi dau for\u021b\u0103 prin z\u00e2mbetele \u0219i energia lor.<\/p><p>\u00cemi place s\u0103 cred c\u0103 mi-am adus \u0219i eu contribu\u021bia la spiritul de echip\u0103 c\u00e2nd ne salut\u0103m la \u00eenceputul orei cu \u201eTo\u021bi pentru unul \u0219i unul pentru to\u021bi!\u201d \u0219i sunt privit ca parte din echip\u0103.<\/p><p>Pentru el sunt semnificative \u0219i momentele \u00een care elevii \u00ee\u0219i exprim\u0103 entuziasmul \u0219i curiozitatea de a \u00eenv\u0103\u021ba despre mediul \u00eenconjur\u0103tor, anatomie, teoriile evolu\u021bioniste \u0219i crea\u021bioniste, \u00een felul acesta \u00eemplinindu-\u0219i visul de a contribui \u201ela curajul viitorilor cet\u0103\u021beni prin \u00eencrederea \u0219i respectul din s\u0103lile de clas\u0103.<\/p><h2 style=\"text-align: justify;\"><img fetchpriority=\"high\" decoding=\"async\" src=\"https:\/\/teachforromania.org\/\/wp-content\/uploads\/Cosmin-Codrea-1024x591.jpg\" alt=\"Cosmin Codrea\" width=\"1024\" height=\"591\" \/><\/h2><p style=\"text-align: justify;\"><strong>Patricia Danciu, \u00eenv\u0103\u021b\u0103toare G5:<\/strong><\/p><p style=\"text-align: justify; background: white; vertical-align: baseline; margin: 0in 0in 15.0pt 0in;\">Pove\u0219tile despre empatie, curaj, \u00eencredere au un rol semnificativ \u00een construirea lec\u021biilor la clas\u0103 \u0219i a rela\u021biilor dintre copii, iar rezultatele se v\u0103d \u00een timp, nicidecum imediat, este de p\u0103rere\u00a0Patricia.<\/p><p style=\"text-align: justify; background: white; vertical-align: baseline; margin: 0in 0in 15.0pt 0in;\">\u201eLa noi \u00een clas\u0103 exist\u0103 curajul de exprimare liber\u0103 \u0219i ideea c\u0103 este omene\u0219te s\u0103 gre\u0219im, ceea ce construie\u0219te treptat \u00eencrederea \u00een propria lor persoan\u0103 \u0219i dorin\u021ba de a participa mai mult \u0219i mai deschis \u00een timpul orelor cu r\u0103spunsuri. Acest lucru faciliteaz\u0103 producerea \u00eenv\u0103\u021b\u0103rii active.<br \/>Curajul pe care au \u00eenceput s\u0103 \u00eel construiasc\u0103 \u00eei uime\u0219te \u0219i pe ei uneori. O feti\u021b\u0103 a venit la mine \u0219i mi-a spus dup\u0103 ce a ie\u0219it la tabl\u0103:<\/p><p style=\"text-align: justify; background: white; vertical-align: baseline; margin: 0in 0in 15.0pt 0in;\">\u2013 Doamna, m-am g\u00e2ndit c\u0103 o s\u0103 ies \u0219i c\u0103 sigur o s\u0103 m\u0103 \u00eencurc, dar a\u021bi v\u0103zut c\u0103 am reu\u0219it?<br \/>\u0218i bucuria de pe fa\u021ba ei a \u00eencheiat una din pove\u0219tile noastre de succes de la clas\u0103.<\/p><p style=\"text-align: justify; background: white; vertical-align: baseline; margin: 0in 0in 15.0pt 0in;\">O alt\u0103 poveste frumoas\u0103 este despre posibilitatea lor de a empatiza, care se formeaz\u0103 destul de greu la aceast\u0103 v\u00e2rst\u0103. Am reu\u0219it s\u0103 surprind acest lucru \u00een modul de a reac\u021biona al unuia din elevi, facut\u0103 la adresa unei fete din clas\u0103. Fata, tocmai spusese un lucru ur\u00e2t despre o coleg\u0103, \u00eentr-un mod direct, f\u0103r\u0103 s\u0103 realizeze c\u0103 ar putea s\u0103 o deranjeze:<\/p><p style=\"text-align: justify; background: white; vertical-align: baseline; margin: 0in 0in 15.0pt 0in;\">\u2013 V: Tu cum crezi c\u0103 s-a sim\u021bit acum C., dup\u0103 ce tu ai spus acest lucru despre ea \u00een fa\u021ba tuturor colegilor?<\/p><p style=\"text-align: justify; background: white; vertical-align: baseline; margin: 0in 0in 15.0pt 0in;\">S-a f\u0103cut lini\u0219te\u2026<\/p><p style=\"text-align: justify; background: white; vertical-align: baseline; margin: 0in 0in 15.0pt 0in;\">Faptul c\u0103 a venit de la ei \u0219i nu de la mine, \u00eenseamn\u0103 c\u0103 pove\u0219tile despre empatie nu au fost \u00een zadar.\u201d<\/p><p style=\"text-align: justify;\">\u00a0<img decoding=\"async\" src=\"https:\/\/teachforromania.org\/\/wp-content\/uploads\/Danciu-Patricia_1-1024x595.jpg\" alt=\"Danciu Patricia_1\" width=\"1024\" height=\"595\" \/><\/p><p style=\"text-align: justify;\"><strong>Olgu\u021ba Moise, profesoar\u0103 G5:<\/strong><\/p><p style=\"text-align: justify; background: white; vertical-align: baseline; margin: 0in 0in 15.0pt 0in;\">Olgu\u021ba a reu\u0219it s\u0103 construiasc\u0103 o rela\u021bie frumoas\u0103 cu elevii ei, una bazat\u0103 pe \u00eencredere, iubire \u0219i respect reciproc. \u00cen clas\u0103, colaborarea dintre copii reprezint\u0103 cheia succesului.<\/p><p style=\"text-align: justify; background: white; vertical-align: baseline; margin: 0in 0in 15.0pt 0in;\">\u201eMi-am dorit s\u0103 fiu profesor de c\u00e2nd eram copil. A fost visul meu dintotdeauna. Nu m\u0103 v\u0103d f\u0103c\u00e2nd altceva. C\u00e2nd sunt \u00een clas\u0103 cu ai mei copii, m\u0103 simt fericit\u0103. Simt c\u0103 aici este locul meu.<\/p><p style=\"text-align: justify; background: white; vertical-align: baseline; margin: 0in 0in 15.0pt 0in;\">Mi-am dat seama c\u0103 autenticitatea mea m-a adus aproape de ei. \u0218i, astfel, am putut crea lucruri frumoase \u00eempreun\u0103. Sunt al\u0103turi de ei \u0219i ei al\u0103turi de mine.<\/p><p style=\"text-align: justify; background: white; vertical-align: baseline; margin: 0in 0in 15.0pt 0in;\">Suntem \u00eempreun\u0103 p\u00e2n\u0103 cap\u0103t.\u201d<\/p><p style=\"text-align: justify;\"><img decoding=\"async\" src=\"https:\/\/teachforromania.org\/\/wp-content\/uploads\/Olguta-Moise-1024x576.jpg\" alt=\"Olguta Moise\" width=\"1024\" height=\"576\" \/><\/p><p style=\"text-align: justify;\">Cosmin, Patricia \u0219i Olguta fac parte din Genera\u021bia a 5-a de profesori \u0219i \u00eenv\u0103\u021b\u0103tori ai programului\u00a0<a href=\"https:\/\/www.facebook.com\/teachforromania\/?__tn__=K-R&amp;eid=ARBcOKn_GeKqb7call905WDlsBqE16I2SJVKymLqMnGJ8yHifnl1E3hyqJghI7qF1yf1TdXSVT2B_nQX&amp;fref=mentions&amp;__xts__%5B0%5D=68.ARCMkdNyGneBXUx8_jTCkK6mIYYaeMPBvNWfVogGcqVPVTxWh8TVtLW5jDodicdQ745kSEmV-4l-S5mqHFk4Plx1v9loO0OzoblLavpQkja1zZXmLeYGqNhOQSc1FNwJMSwkr8Q3CSBlz2VgDqjgWlzawPfEuKK6Kw_YtJ0ust1HZhGHFCEDFdTHjiX6ZQ94UNeV8rUjq_JXpSJ0TkJ_HcX0MnmKcnt5MoUUWaQ5VQFUFxjom_IdRE9yYV4vh3vjdBNOhdIKsiSJr92nQqWEP9Le4G4PhBiWuYvZ6vVoVwhtI8n1OeGBa2oPJZmtukYASjWIRXGHaaWsFVHpBFYWjYpkxg\" data-hovercard=\"\/ajax\/hovercard\/page.php?id=203550139655283&amp;extragetparams=%7B%22__tn__%22%3A%22%2CdK-R-R%22%2C%22eid%22%3A%22ARBcOKn_GeKqb7call905WDlsBqE16I2SJVKymLqMnGJ8yHifnl1E3hyqJghI7qF1yf1TdXSVT2B_nQX%22%2C%22fref%22%3A%22mentions%22%7D\" data-hovercard-prefer-more-content-show=\"1\">Teach for Romania<\/a>, iar anul acesta sunt sprijini\u021bi \u00een cadrul co-finan\u021b\u0103rii\u00a0<a href=\"https:\/\/www.unitedway.ro\/\" data-hovercard=\"\/ajax\/hovercard\/page.php?id=168936679003&amp;extragetparams=%7B%22__tn__%22%3A%22%2CdK-R-R%22%2C%22eid%22%3A%22ARB2RWiJqQo8g9dmLZFsSs2oDYFGIDFzT15IBBsfAqAsMa92lprn4wSyMOloW8qZdw6oRBC_YO1Wi8q7%22%2C%22fref%22%3A%22mentions%22%7D\" data-hovercard-prefer-more-content-show=\"1\">United Way Romania<\/a>.\u00a0<\/p>\t\t\t\t\t\t\t\t<\/div>\n\t\t\t\t<\/div>\n\t\t\t\t\t<\/div>\n\t\t<\/div>\n\t\t\t\t\t<\/div>\n\t\t<\/section>\n\t\t\t\t<\/div>\n\t\t","protected":false},"excerpt":{"rendered":"<p>Am auzit \u00een nenum\u0103rate r\u00e2nduri cuv\u00e2ntul \u201cempatie\u201d. La un moment dat, se discuta despre introducerea unei discipline pe tema \u201ceduca\u021bia empatic\u0103\u201d. C\u00e2t\u0103 nevoie este de aceast\u0103 \u201ceduca\u021bie empatic\u0103\u201d \u00een aria curriculara la \u0219coal\u0103, ne spun trei profesori Teach for Romania: Cosmin Codrea, profesor G5: Este incredibil cum acolo unde am cele mai pu\u021bine resurse r\u0103mase, [&hellip;]<\/p>\n","protected":false},"author":2,"featured_media":8236,"comment_status":"closed","ping_status":"closed","sticky":false,"template":"","format":"standard","meta":{"_acf_changed":false,"footnotes":""},"categories":[18],"tags":[1185,1186,1187,974,1188,1189,1190,980,982],"class_list":["post-4684","post","type-post","status-publish","format-standard","has-post-thumbnail","hentry","category-profesori-si-alumni","tag-alumni-teach-for-romania","tag-cosmin-codrea","tag-despre-curaj-si-empatie","tag-devino-profesor","tag-generatia-a-5-a","tag-olguta-moise","tag-patricia-danciu","tag-profesor-sustinut-teach-for-romania","tag-teach-for-romania"],"acf":[],"_links":{"self":[{"href":"https:\/\/teachforromania.org\/en\/wp-json\/wp\/v2\/posts\/4684","targetHints":{"allow":["GET"]}}],"collection":[{"href":"https:\/\/teachforromania.org\/en\/wp-json\/wp\/v2\/posts"}],"about":[{"href":"https:\/\/teachforromania.org\/en\/wp-json\/wp\/v2\/types\/post"}],"author":[{"embeddable":true,"href":"https:\/\/teachforromania.org\/en\/wp-json\/wp\/v2\/users\/2"}],"replies":[{"embeddable":true,"href":"https:\/\/teachforromania.org\/en\/wp-json\/wp\/v2\/comments?post=4684"}],"version-history":[{"count":3,"href":"https:\/\/teachforromania.org\/en\/wp-json\/wp\/v2\/posts\/4684\/revisions"}],"predecessor-version":[{"id":11006,"href":"https:\/\/teachforromania.org\/en\/wp-json\/wp\/v2\/posts\/4684\/revisions\/11006"}],"wp:featuredmedia":[{"embeddable":true,"href":"https:\/\/teachforromania.org\/en\/wp-json\/wp\/v2\/media\/8236"}],"wp:attachment":[{"href":"https:\/\/teachforromania.org\/en\/wp-json\/wp\/v2\/media?parent=4684"}],"wp:term":[{"taxonomy":"category","embeddable":true,"href":"https:\/\/teachforromania.org\/en\/wp-json\/wp\/v2\/categories?post=4684"},{"taxonomy":"post_tag","embeddable":true,"href":"https:\/\/teachforromania.org\/en\/wp-json\/wp\/v2\/tags?post=4684"}],"curies":[{"name":"wp","href":"https:\/\/api.w.org\/{rel}","templated":true}]}}