{"id":4678,"date":"2019-12-22T15:02:39","date_gmt":"2019-12-22T15:02:39","guid":{"rendered":"https:\/\/dev3.atelieru.ro\/tfr\/\/?p=10497"},"modified":"2022-09-12T06:54:00","modified_gmt":"2022-09-12T06:54:00","slug":"construim-modele-pentru-viitor-alaturi-de-veronica-micusca-generatia-a-6-a-teach-for-romania","status":"publish","type":"post","link":"https:\/\/teachforromania.org\/en\/construim-modele-pentru-viitor-alaturi-de-veronica-micusca-generatia-a-6-a-teach-for-romania\/","title":{"rendered":"Construim modele pentru viitor. Al\u0103turi de Veronica Micu\u0219c\u0103, genera\u021bia a 6-a Teach for Romania"},"content":{"rendered":"\t\t<div data-elementor-type=\"wp-post\" data-elementor-id=\"4678\" class=\"elementor elementor-4678\" data-elementor-post-type=\"post\">\n\t\t\t\t\t\t<section class=\"elementor-section elementor-top-section elementor-element elementor-element-25c2cfd9 elementor-section-boxed elementor-section-height-default elementor-section-height-default\" data-id=\"25c2cfd9\" data-element_type=\"section\">\n\t\t\t\t\t\t<div class=\"elementor-container elementor-column-gap-default\">\n\t\t\t\t\t<div class=\"elementor-column elementor-col-100 elementor-top-column elementor-element elementor-element-1a522e04\" data-id=\"1a522e04\" data-element_type=\"column\">\n\t\t\t<div class=\"elementor-widget-wrap elementor-element-populated\">\n\t\t\t\t\t\t<div class=\"elementor-element elementor-element-2b00ff90 elementor-widget elementor-widget-text-editor\" data-id=\"2b00ff90\" data-element_type=\"widget\" data-widget_type=\"text-editor.default\">\n\t\t\t\t<div class=\"elementor-widget-container\">\n\t\t\t\t\t\t\t\t\t<p>\u00cen 2008, Veronica se preg\u0103tea s\u0103 plece \u00eentr-o scurt\u0103 vacan\u021b\u0103 peste hotare, f\u0103r\u0103 s\u0103-\u0219i dea seama atunci c\u0103 aceast\u0103 c\u0103l\u0103torie va dura ani. Se afla \u00eentr-un moment de c\u0103ut\u0103ri &#8211; at\u00e2t interioare, c\u00e2t \u0219i pe plan profesional &#8211; venind dup\u0103 o experien\u021b\u0103 dezam\u0103gitoare din sistemul de \u00eenv\u0103\u021b\u0103m\u00e2nt rom\u00e2nesc.<\/p><p>\u00cenc\u0103 de mic\u0103 visa s\u0103 devin\u0103 \u00eenv\u0103\u021b\u0103toare, av\u00e2nd chiar la clas\u0103 un model de urmat. \u00cen acela\u0219i timp, pasiunea ei pentru limbi str\u0103ine au determinat-o s\u0103 o ia pe alt drum dup\u0103 terminarea liceului. \u0218i a\u0219a a ajuns profesor de limba englez\u0103, \u00een mediul rural. Totu\u0219i, sim\u021bea c\u0103 lucrurile pot fi f\u0103cute \u0219i altfel, cu alte metode &#8211; c\u0103 nevoile copiilor sunt at\u00e2t de diferite \u0219i c\u0103, mai mult dec\u00e2t a le preda, au nevoie s\u0103 fii acolo pentru ei, s\u0103 \u00eei vezi, s\u0103 \u00eei \u00een\u021belegi, s\u0103 \u00eei aju\u021bi s\u0103-\u0219i exprime emo\u021biile. Dar nu \u00ee\u0219i imagina atunci cum ar putea s\u0103 fac\u0103 asta singur\u0103.<\/p><p>C\u0103l\u0103toria \u00een afar\u0103 a fost \u0219i o perioad\u0103 de explorare a altor domenii, p\u00e2n\u0103 c\u00e2nd \u0219i-a dat seama c\u00e2t de mult \u00eei lipse\u0219te lucrul cu copiii. De altfel, g\u00e2ndul \u00eei fugea des acas\u0103 \u0219i t\u00e2njea s\u0103 se \u00eentoarc\u0103, \u00eens\u0103 sim\u021bea nevoia unui sprijin pentru a putea s\u0103 o ia de la capat, la catedr\u0103. \u00centre timp, g\u0103sise \u0219i un post la o gr\u0103dini\u021b\u0103 privat\u0103 din Tenerife, unde a \u0219i lucrat timp de 2 ani. Acolo a fost locul \u00een care a descoperit o mul\u021bime de metode noi, interactive, dar \u0219i unde s-a format ca educator.<\/p><p>Iarna lui 2018 a fost momentul \u00een care Veronica a auzit pentru prima dat\u0103 de Teach for Romania. Era chiar perioada s\u0103rb\u0103torilor, c\u00e2nd a v\u0103zut un anun\u021b pe Facebook, cum c\u0103 suntem \u00een c\u0103utarea genera\u021biei a 6-a.<\/p><p style=\"text-align: center;\"><em>A fost ca o sclipire! Nici nu am mai stat pe g\u00e2nduri, am aplicat imediat, convins\u0103 fiind c\u0103 este fix ceea ce aveam nevoie.<\/em><\/p><p>\u0218i a\u0219a a \u0219i fost. Aici a g\u0103sit sprijinul de care avea at\u00e2t de mare nevoie &#8211; \u00een mentori, \u00een \u00eentreaga comunitate. \u00cei place mult s\u0103 lucreze cu copiii \u0219i nu se vede renun\u021b\u00e2nd la bucuria pred\u0103rii, mai ales c\u0103 acum este iar acolo unde interven\u021bia ei poate avea un impact semnificativ. \u00cen acela\u0219i timp, crede \u00een egal\u0103 m\u0103sur\u0103 \u0219i \u00een educarea p\u0103rin\u021bilor \u0219i \u00ee\u0219i dore\u0219te ca, pe viitor, s\u0103 fac\u0103 ceva \u0219i \u00een aceast\u0103 direc\u021bie.<\/p><p><img fetchpriority=\"high\" decoding=\"async\" class=\"aligncenter size-large wp-image-10433\" src=\"https:\/\/teachforromania.org\/\/wp-content\/uploads\/banner-2-1024x396.jpg\" alt=\"\" width=\"1024\" height=\"396\" \/><\/p><h4 style=\"text-align: center;\"><a href=\"https:\/\/teachforromania.org\/\/devino-profesor\/de-ce\/\">Afl\u0103 mai multe detalii \u0219i hai al\u0103turi de noi!\u00a0<\/a><\/h4>\t\t\t\t\t\t\t\t<\/div>\n\t\t\t\t<\/div>\n\t\t\t\t\t<\/div>\n\t\t<\/div>\n\t\t\t\t\t<\/div>\n\t\t<\/section>\n\t\t\t\t<\/div>\n\t\t","protected":false},"excerpt":{"rendered":"<p>\u00cen 2008, Veronica se preg\u0103tea s\u0103 plece \u00eentr-o scurt\u0103 vacan\u021b\u0103 peste hotare, f\u0103r\u0103 s\u0103-\u0219i dea seama atunci c\u0103 aceast\u0103 c\u0103l\u0103torie va dura ani. Se afla \u00eentr-un moment de c\u0103ut\u0103ri &#8211; at\u00e2t interioare, c\u00e2t \u0219i pe plan profesional &#8211; venind dup\u0103 o experien\u021b\u0103 dezam\u0103gitoare din sistemul de \u00eenv\u0103\u021b\u0103m\u00e2nt rom\u00e2nesc. \u00cenc\u0103 de mic\u0103 visa s\u0103 devin\u0103 \u00eenv\u0103\u021b\u0103toare, [&hellip;]<\/p>\n","protected":false},"author":7,"featured_media":8786,"comment_status":"closed","ping_status":"closed","sticky":false,"template":"","format":"standard","meta":{"_acf_changed":false,"footnotes":""},"categories":[18],"tags":[],"class_list":["post-4678","post","type-post","status-publish","format-standard","has-post-thumbnail","hentry","category-profesori-si-alumni"],"acf":[],"_links":{"self":[{"href":"https:\/\/teachforromania.org\/en\/wp-json\/wp\/v2\/posts\/4678","targetHints":{"allow":["GET"]}}],"collection":[{"href":"https:\/\/teachforromania.org\/en\/wp-json\/wp\/v2\/posts"}],"about":[{"href":"https:\/\/teachforromania.org\/en\/wp-json\/wp\/v2\/types\/post"}],"author":[{"embeddable":true,"href":"https:\/\/teachforromania.org\/en\/wp-json\/wp\/v2\/users\/7"}],"replies":[{"embeddable":true,"href":"https:\/\/teachforromania.org\/en\/wp-json\/wp\/v2\/comments?post=4678"}],"version-history":[{"count":3,"href":"https:\/\/teachforromania.org\/en\/wp-json\/wp\/v2\/posts\/4678\/revisions"}],"predecessor-version":[{"id":11018,"href":"https:\/\/teachforromania.org\/en\/wp-json\/wp\/v2\/posts\/4678\/revisions\/11018"}],"wp:featuredmedia":[{"embeddable":true,"href":"https:\/\/teachforromania.org\/en\/wp-json\/wp\/v2\/media\/8786"}],"wp:attachment":[{"href":"https:\/\/teachforromania.org\/en\/wp-json\/wp\/v2\/media?parent=4678"}],"wp:term":[{"taxonomy":"category","embeddable":true,"href":"https:\/\/teachforromania.org\/en\/wp-json\/wp\/v2\/categories?post=4678"},{"taxonomy":"post_tag","embeddable":true,"href":"https:\/\/teachforromania.org\/en\/wp-json\/wp\/v2\/tags?post=4678"}],"curies":[{"name":"wp","href":"https:\/\/api.w.org\/{rel}","templated":true}]}}