{"id":4673,"date":"2019-12-01T14:32:38","date_gmt":"2019-12-01T14:32:38","guid":{"rendered":"https:\/\/dev3.atelieru.ro\/tfr\/\/?p=10480"},"modified":"2022-09-12T07:12:58","modified_gmt":"2022-09-12T07:12:58","slug":"construim-modele-pentru-viitor-alaturi-de-mihaela-sonea-generatia-a-6-a-teach-for-romania","status":"publish","type":"post","link":"https:\/\/teachforromania.org\/en\/construim-modele-pentru-viitor-alaturi-de-mihaela-sonea-generatia-a-6-a-teach-for-romania\/","title":{"rendered":"Impactul profesorului la clas\u0103 &#8211; Mihaela Sonea"},"content":{"rendered":"\t\t<div data-elementor-type=\"wp-post\" data-elementor-id=\"4673\" class=\"elementor elementor-4673\" data-elementor-post-type=\"post\">\n\t\t\t\t\t\t<section class=\"elementor-section elementor-top-section elementor-element elementor-element-37bd7306 elementor-section-boxed elementor-section-height-default elementor-section-height-default\" data-id=\"37bd7306\" data-element_type=\"section\">\n\t\t\t\t\t\t<div class=\"elementor-container elementor-column-gap-default\">\n\t\t\t\t\t<div class=\"elementor-column elementor-col-100 elementor-top-column elementor-element elementor-element-26e7fc80\" data-id=\"26e7fc80\" data-element_type=\"column\">\n\t\t\t<div class=\"elementor-widget-wrap elementor-element-populated\">\n\t\t\t\t\t\t<div class=\"elementor-element elementor-element-3e0ca7b1 elementor-widget elementor-widget-text-editor\" data-id=\"3e0ca7b1\" data-element_type=\"widget\" data-widget_type=\"text-editor.default\">\n\t\t\t\t<div class=\"elementor-widget-container\">\n\t\t\t\t\t\t\t\t\t<p style=\"text-align: center;\"><em>Sunt multe joburi pe lumea asta, dar nu toate schimb\u0103 vie\u021bi. Cred tare mult \u00een impactul pe care \u00eel poate avea un profesor; ce construie\u0219te el la clas\u0103 nu poate d\u0103r\u00e2ma nimeni. Asta \u00eemi d\u0103 speran\u021b\u0103 \u00een fiecare zi.<\/em><\/p><p>Mihaela vorbe\u0219te cu drag despre modelele pozitive pe care le-a avut \u00eenc\u0103 de mic\u0103, despre profesorii pasiona\u021bi \u0219i dedica\u021bi care \u0219i-au pus amprenta asupra omului care este ast\u0103zi \u0219i care au inspirat-o s\u0103 devin\u0103 \u0219i ea, la r\u00e2ndul ei, un ghid pentru cei mici.<\/p><p style=\"text-align: center;\"><em>Le p\u0103sa cu adev\u0103rat de noi. Mai mult dec\u00e2t cuno\u0219tin\u021be, puneau accent pe dezvoltarea competen\u021belor, ne preg\u0103teau pentru via\u021b\u0103. Iar asta \u00eemi doresc \u0219i eu, acum, pentru elevii mei.<\/em><\/p><p>De\u0219i \u00een prezent lucreaz\u0103 cu peste 300 de copii, simte c\u0103 \u00eenc\u0103 nu este suficient. Se vede f\u0103c\u00e2nd c\u00e2t mai mult bine \u0219i \u00ee\u0219i dore\u0219te s\u0103 ajung\u0103 la c\u00e2t mai mul\u021bi copii, poate, pe viitor, chiar prin formarea altor profesori.<\/p><p>P\u00e2n\u0103 atunci \u00eens\u0103, se bucur\u0103 de fiecare z\u00e2mbet, \u00eembr\u0103\u021bi\u0219are \u0219i progres de la clas\u0103.<\/p><p><img fetchpriority=\"high\" decoding=\"async\" src=\"https:\/\/teachforromania.org\/\/wp-content\/uploads\/banner-2-1024x396.jpg\" alt=\"\" width=\"1024\" height=\"396\" \/><\/p><h4 style=\"text-align: center;\"><a href=\"https:\/\/teachforromania.org\/\/devino-profesor\/de-ce\/\">Afl\u0103 mai multe detalii \u0219i hai al\u0103turi de noi!\u00a0<\/a><\/h4>\t\t\t\t\t\t\t\t<\/div>\n\t\t\t\t<\/div>\n\t\t\t\t\t<\/div>\n\t\t<\/div>\n\t\t\t\t\t<\/div>\n\t\t<\/section>\n\t\t\t\t<\/div>\n\t\t","protected":false},"excerpt":{"rendered":"<p>Sunt multe joburi pe lumea asta, dar nu toate schimb\u0103 vie\u021bi. Cred tare mult \u00een impactul pe care \u00eel poate avea un profesor; ce construie\u0219te el la clas\u0103 nu poate d\u0103r\u00e2ma nimeni. Asta \u00eemi d\u0103 speran\u021b\u0103 \u00een fiecare zi. Mihaela vorbe\u0219te cu drag despre modelele pozitive pe care le-a avut \u00eenc\u0103 de mic\u0103, despre profesorii [&hellip;]<\/p>\n","protected":false},"author":7,"featured_media":8781,"comment_status":"closed","ping_status":"closed","sticky":false,"template":"","format":"standard","meta":{"_acf_changed":false,"footnotes":""},"categories":[18],"tags":[],"class_list":["post-4673","post","type-post","status-publish","format-standard","has-post-thumbnail","hentry","category-profesori-si-alumni"],"acf":[],"_links":{"self":[{"href":"https:\/\/teachforromania.org\/en\/wp-json\/wp\/v2\/posts\/4673","targetHints":{"allow":["GET"]}}],"collection":[{"href":"https:\/\/teachforromania.org\/en\/wp-json\/wp\/v2\/posts"}],"about":[{"href":"https:\/\/teachforromania.org\/en\/wp-json\/wp\/v2\/types\/post"}],"author":[{"embeddable":true,"href":"https:\/\/teachforromania.org\/en\/wp-json\/wp\/v2\/users\/7"}],"replies":[{"embeddable":true,"href":"https:\/\/teachforromania.org\/en\/wp-json\/wp\/v2\/comments?post=4673"}],"version-history":[{"count":3,"href":"https:\/\/teachforromania.org\/en\/wp-json\/wp\/v2\/posts\/4673\/revisions"}],"predecessor-version":[{"id":11031,"href":"https:\/\/teachforromania.org\/en\/wp-json\/wp\/v2\/posts\/4673\/revisions\/11031"}],"wp:featuredmedia":[{"embeddable":true,"href":"https:\/\/teachforromania.org\/en\/wp-json\/wp\/v2\/media\/8781"}],"wp:attachment":[{"href":"https:\/\/teachforromania.org\/en\/wp-json\/wp\/v2\/media?parent=4673"}],"wp:term":[{"taxonomy":"category","embeddable":true,"href":"https:\/\/teachforromania.org\/en\/wp-json\/wp\/v2\/categories?post=4673"},{"taxonomy":"post_tag","embeddable":true,"href":"https:\/\/teachforromania.org\/en\/wp-json\/wp\/v2\/tags?post=4673"}],"curies":[{"name":"wp","href":"https:\/\/api.w.org\/{rel}","templated":true}]}}