{"id":4669,"date":"2019-11-21T11:17:33","date_gmt":"2019-11-21T11:17:33","guid":{"rendered":"https:\/\/dev3.atelieru.ro\/tfr\/\/?p=13589"},"modified":"2022-09-12T07:21:23","modified_gmt":"2022-09-12T07:21:23","slug":"cum-arata-o-zi-din-viata-unei-invatatoare","status":"publish","type":"post","link":"https:\/\/teachforromania.org\/en\/cum-arata-o-zi-din-viata-unei-invatatoare\/","title":{"rendered":"Cum arat\u0103 o zi din via\u021ba unei inv\u0103\u021b\u0103toare"},"content":{"rendered":"\t\t<div data-elementor-type=\"wp-post\" data-elementor-id=\"4669\" class=\"elementor elementor-4669\" data-elementor-post-type=\"post\">\n\t\t\t\t\t\t<section class=\"elementor-section elementor-top-section elementor-element elementor-element-7d80039d elementor-section-boxed elementor-section-height-default elementor-section-height-default\" data-id=\"7d80039d\" data-element_type=\"section\">\n\t\t\t\t\t\t<div class=\"elementor-container elementor-column-gap-default\">\n\t\t\t\t\t<div class=\"elementor-column elementor-col-100 elementor-top-column elementor-element elementor-element-20b05fc9\" data-id=\"20b05fc9\" data-element_type=\"column\">\n\t\t\t<div class=\"elementor-widget-wrap elementor-element-populated\">\n\t\t\t\t\t\t<div class=\"elementor-element elementor-element-330e928f elementor-widget elementor-widget-text-editor\" data-id=\"330e928f\" data-element_type=\"widget\" data-widget_type=\"text-editor.default\">\n\t\t\t\t<div class=\"elementor-widget-container\">\n\t\t\t\t\t\t\t\t\t<p>\u201cProfesor mi-am dorit s\u0103 ajung de c\u00e2nd m\u0103 \u015ftiu. Este lucrul pe care am vrut mereu s\u0103-l fac. Este ceea ce \u015ftiu s\u0103 fac \u015fi ceea ce \u00eemi place. Nu \u015ftiu dac\u0103 a\u015f putea s\u0103 fac altceva. Consider c\u0103 educa\u0163ia este singura cale prin care un copil provenit dintr-un mediu defavorizat poate s\u0103 reu\u015feasc\u0103 \u00een via\u0163\u0103.Este pledoaria pe care le-o servesc elevilor mei \u00een fiecare an, indiferent de v\u00e2rsta lor\u201d.<\/p><p><img fetchpriority=\"high\" decoding=\"async\" class=\"aligncenter\" src=\"https:\/\/teachforromania.org\/\/wp-content\/uploads\/ioana-m.jpg\" alt=\"\" width=\"640\" height=\"640\" \/><\/p><p>Ioana Morar face parte din generatia 3 Teach for Romania, iar din 2003 \u0219i p\u00e2n\u0103 \u00een prezent este ceea ce \u00eei aduce cea mai mare bucurie. \u0218i-a dorit mereu des\u0103v\u00e2r\u0219irea ca dasc\u0103l \u0219i a c\u0103utat oportunit\u0103\u021bi de dezvoltare care s\u0103 o ajute s\u0103 ajung\u0103 acolo unde \u0219i-a propus, iar \u00eenscrierea \u00een programul Teach a venit \u00eentr-un moment \u00een care sim\u021bea c\u0103 e nevoie de o abordare nou\u0103 la clas\u0103, care s\u0103 o apropie mai mult de elevii s\u0103i. Progresele sunt evidente acum, c\u00e2nd se uit\u0103 \u00een urm\u0103. Au mai mult\u0103 \u00eencredere \u00een ei \u0219i nu le mai este team\u0103 s\u0103 \u00ee\u0219i spun\u0103 \u0219i s\u0103-\u0219i sus\u021bin\u0103 p\u0103rerile.<\/p><p><strong>Cum arat\u0103 o zi din via\u021ba ta?<\/strong><\/p><p>M\u0103 trezesc la 6,30, \u00eemi fac o cafea,\u00a0 \u00eemi fac un sendvi\u015f pentru la \u015fcoal\u0103, o preg\u0103tec pe cea mic\u0103 de gr\u0103dini\u0163\u0103, m\u0103 \u00eembrac \u015fi plec la \u015fcoal\u0103. Predau \u00een localitatea unde locuiesc a\u015fa c\u0103 la 7,40 sunt la \u0219coal\u0103. \u00cemi a\u015ftept elevii \u00een clas\u0103, \u00eei preg\u0103tesc pentru \u00eenceperea orelor \u015fi la 8 \u00eencepem programul. \u00cen pauz\u0103 stau cu ei, m\u0103n\u00e2nc cu ei, iar la 12 \u00eei urc \u00een microbuz \u015fi \u00eei trimit acas\u0103. Eu mai r\u0103m\u00e2n la \u015fcoal\u0103 s\u0103 str\u00e2ng tot ce r\u0103m\u00e2ne, corectez fi\u015fele, le a\u015fez portofoliile \u0219i plec pe la 1,30 sau 2.<\/p><p>Ajung acas\u0103, m\u0103n\u00e2nc \u015fi \u00eencep s\u0103 fac cur\u0103\u0163enie, sp\u0103l rufe \u015fi g\u0103tesc (am dou\u0103 fete). Pe la 5 se \u00eentorc fetele \u0219i so\u021bul acas\u0103, m\u00e2nc\u0103m, st\u0103m pu\u021bin de vorb\u0103, o ajut pe feti\u021ba cea mare la teme \u0219i pe la 7 \u00eencep s\u0103-mi preg\u0103tesc lec\u021bille pentru a doua zi. De obicei termin cam \u00een trei ore \u0219i pe la 11 m\u0103 bag la somn pentru c\u0103 a doua zi o iau de la cap\u0103t.<\/p><p><strong>Ce te-a surprins la copiii pe care i-ai g\u0103sit \u0219i la noul mediu?<\/strong><\/p><p>Mediul nu a fost nou. Eu am predat \u0219i \u00eenainte de a fi \u00een Teach for Romania tot la aceea\u0219i \u0219coal\u0103. Eu pot spune c\u0103 sunt un om nou \u0219i copiii, deoarece am luat \u00een acest an clasa preg\u0103titoare. Anul trecut am avut clasa a IV a. A fost o diferen\u021b\u0103 uria\u0219\u0103. Copiii pe care i-am g\u0103sit anul acesta erau energici, hiperactivi \u0219i\u00a0 foarte vorb\u0103re\u021bi.<\/p><p><strong>Care este situa\u021bia copiilor t\u0103i? Ce provoc\u0103ri personale sau \u00een clas\u0103 au?<\/strong><\/p><p>Sunt copii care provin din medii diferite, dar fiecare dintre ei se confrunt\u0103 cu o provocare personal\u0103. Am c\u00e2\u021biva copii care provin din medii foarte s\u0103race care nu aveau la \u00eenceputul anului nici m\u0103car un caiet sau culori. O feti\u021b\u0103 ce provine dintr-o famile destr\u0103mat\u0103, foarte s\u0103rac\u0103 \u0219i cu 8 fra\u021bi (mul\u021bi lua\u021bi de protec\u021bia copilului), cu un tat\u0103 vitreg alcoolic \u0219i violent; un b\u0103ie\u021bel \u00een a c\u0103rui familie b\u0103t\u0103ile sunt la ordinea zilei; c\u00e2\u021biva copii ai c\u0103ror p\u0103rin\u021bi sunt pleca\u021bi la munc\u0103 \u00een str\u0103inatate \u0219i tr\u0103iesc zilnic drama lipsei acestora din via\u021ba lor.<\/p><p><strong>Cu ce provoc\u0103ri te confrun\u021bi la clas\u0103?<\/strong><\/p><p>Cea mai mare provocare a fost s\u0103 omogenizez grupul. S\u0103-i fac s\u0103 se accepte unul pe cel\u0103lalt, s\u0103 \u00een\u021beleag\u0103 diferen\u021bele dintre ei \u0219i asem\u0103n\u0103rile \u0219i s\u0103 se ajute \u00een cadrul activit\u0103\u021bilor.<\/p><p><strong>C\u00e2t de mult conteaz\u0103 pentru ei educa\u021bia care ajunge la ei prin tine?<\/strong><\/p><p>Le-am explicat at\u00e2t lor, c\u00e2t \u0219i p\u0103rin\u021bilor la prima \u0219edin\u021b\u0103 c\u0103 educa\u021bia este calea de urmat pentru o via\u021b\u0103 mai bun\u0103. Orice ar face \u0219i oricare ar fi situa\u021bia din cadrul familiei, i-am sf\u0103tuit s\u0103 nu renun\u021be niciodat\u0103 la \u0219coal\u0103.<\/p><p><strong>Spune-ne despre o\u00a0realizare\/bucurie legat\u0103 de copiii t\u0103i!<\/strong><\/p><p>Am reu\u0219it s\u0103-i fac s\u0103 lucreze \u00een echip\u0103, s\u0103 se ajute \u0219i s\u0103 se sus\u021bin\u0103.<\/p><p><strong>Ce \u00ee\u021bi dore\u0219ti cel mai mult pentru ei?<\/strong><\/p><p>Cel mai mult \u00eemi doresc s\u0103 priveasc\u0103 \u0219coala ca pe ceva bun \u00een via\u021ba lor, ca pe un lucru benefic, ce \u00eei va ajuta \u00een viitor \u0219i nu ca pe o corvoad\u0103, o responsabilitate pe care nu \u0219i-o doresc.<\/p><p><strong>C\u00e2t de relevant\u0103 este pentru dezvoltarea ta experien\u021ba Teach for Romania?<\/strong><\/p><p>Aici nu am cuvinte. Aceast\u0103 experien\u021b\u0103 m-a schimbat integral. Acum exist\u0103 dou\u0103 etape\u00a0 distincte \u00een via\u021ba mea de profesor: \u00eenainte de Teach \u0219i dup\u0103 Teach. Dup\u0103 aceast\u0103 experient\u0103 de \u00eenv\u0103\u021bare , comunicare, rela\u021bionare care este Teach pentru mine am c\u0103p\u0103tat o abilitate nou\u0103: pot s\u0103 v\u0103d lucrurile din alt\u0103 perspectiv\u0103, pot s\u0103 m\u0103 deta\u0219ez de orice situa\u021bie \u0219i s\u0103 o privesc ca pe un ansamblu. Pot s\u0103 \u00eemi v\u0103d elevii ca pe o clas\u0103 , dar pot s\u0103 \u00eei v\u0103d \u0219i individual. Pot s\u0103 v\u0103d clasa, dar \u0219i pe fiecare copil \u00een parte. Pot s\u0103 m\u0103 raportez la to\u021bi, dar s\u0103 \u021bin cont de fiecare \u00een parte. Este extraordinar. Toate cursurile la care am participat \u0219i to\u021bi oamenii pe care i-am cunoscut m-au crescut \u0219i dezvoltat cum nu \u00eemi imaginam c\u0103 se poate.<\/p><p><strong>Sunt dese momentele \u00een care vrei s\u0103 renun\u021bi? Care a fost cel mai greu moment de p\u00e2n\u0103 acum?<\/strong><\/p><p>Nu. Cum spuneam mai devreme, a fi profesor este lucrul pe care mi l-am dorit dintotdeauna, iar Teach m-a ajutat, mi-a dat instrumente \u0219i resurse care m\u0103 vor ajuta de fiecare dat\u0103 c\u00e2nd voi avea nevoie.<\/p><p><strong>Poveste\u0219te-ne despre o lec\u021bie nea\u0219teptat\u0103 pe care ai primit-o p\u00e2n\u0103 acum.<\/strong><\/p><p>Am \u00eenv\u0103\u021bat c\u0103 nu exist\u0103 profesorul perfect. C\u0103 \u0219i cei mai buni profesori au provoc\u0103rile lor.<\/p><p><strong>Ai recomanda altor persoane s\u0103 se \u00eenscrie \u00een program?<\/strong><\/p><p>Bine\u00een\u021beles, oric\u00e2nd. O fac tot timpul.\u00a0A\u0219 vrea s\u0103 mul\u021bumesc Teach for Romania pentru \u0219ansa \u0219i \u00eencrederea acordate.\u00a0Mi-a\u0219 dori ca \u0219i al\u021bi colegi \u0219i al\u021bi oameni din sistemul de \u00eenv\u0103\u021b\u0103m\u00e2nt de stat s\u0103 beneficieze de tot ceea ce eu am primit. Cred c\u0103 \u0219i-ar schimba perspectiva \u0219i ar privi cu al\u021bi ochi procesul de \u00eenv\u0103\u021bare \u0219i copiii pe care \u00eei au \u00een clas\u0103.<\/p>\t\t\t\t\t\t\t\t<\/div>\n\t\t\t\t<\/div>\n\t\t\t\t\t<\/div>\n\t\t<\/div>\n\t\t\t\t\t<\/div>\n\t\t<\/section>\n\t\t\t\t<\/div>\n\t\t","protected":false},"excerpt":{"rendered":"<p>\u201cProfesor mi-am dorit s\u0103 ajung de c\u00e2nd m\u0103 \u015ftiu. Este lucrul pe care am vrut mereu s\u0103-l fac. Este ceea ce \u015ftiu s\u0103 fac \u015fi ceea ce \u00eemi place. Nu \u015ftiu dac\u0103 a\u015f putea s\u0103 fac altceva. Consider c\u0103 educa\u0163ia este singura cale prin care un copil provenit dintr-un mediu defavorizat poate s\u0103 reu\u015feasc\u0103 \u00een [&hellip;]<\/p>\n","protected":false},"author":2,"featured_media":9297,"comment_status":"closed","ping_status":"closed","sticky":false,"template":"","format":"standard","meta":{"_acf_changed":false,"footnotes":""},"categories":[18],"tags":[],"class_list":["post-4669","post","type-post","status-publish","format-standard","has-post-thumbnail","hentry","category-profesori-si-alumni"],"acf":[],"_links":{"self":[{"href":"https:\/\/teachforromania.org\/en\/wp-json\/wp\/v2\/posts\/4669","targetHints":{"allow":["GET"]}}],"collection":[{"href":"https:\/\/teachforromania.org\/en\/wp-json\/wp\/v2\/posts"}],"about":[{"href":"https:\/\/teachforromania.org\/en\/wp-json\/wp\/v2\/types\/post"}],"author":[{"embeddable":true,"href":"https:\/\/teachforromania.org\/en\/wp-json\/wp\/v2\/users\/2"}],"replies":[{"embeddable":true,"href":"https:\/\/teachforromania.org\/en\/wp-json\/wp\/v2\/comments?post=4669"}],"version-history":[{"count":3,"href":"https:\/\/teachforromania.org\/en\/wp-json\/wp\/v2\/posts\/4669\/revisions"}],"predecessor-version":[{"id":11039,"href":"https:\/\/teachforromania.org\/en\/wp-json\/wp\/v2\/posts\/4669\/revisions\/11039"}],"wp:featuredmedia":[{"embeddable":true,"href":"https:\/\/teachforromania.org\/en\/wp-json\/wp\/v2\/media\/9297"}],"wp:attachment":[{"href":"https:\/\/teachforromania.org\/en\/wp-json\/wp\/v2\/media?parent=4669"}],"wp:term":[{"taxonomy":"category","embeddable":true,"href":"https:\/\/teachforromania.org\/en\/wp-json\/wp\/v2\/categories?post=4669"},{"taxonomy":"post_tag","embeddable":true,"href":"https:\/\/teachforromania.org\/en\/wp-json\/wp\/v2\/tags?post=4669"}],"curies":[{"name":"wp","href":"https:\/\/api.w.org\/{rel}","templated":true}]}}