{"id":3590,"date":"2022-07-08T12:03:41","date_gmt":"2022-07-08T12:03:41","guid":{"rendered":"https:\/\/teachforromania.org\/?p=3590"},"modified":"2022-09-08T13:38:08","modified_gmt":"2022-09-08T13:38:08","slug":"bianca-eleva-care-viseaza-sa-devina-profesor-de-matematica-in-scoala-unde-este-eleva","status":"publish","type":"post","link":"https:\/\/teachforromania.org\/en\/bianca-eleva-care-viseaza-sa-devina-profesor-de-matematica-in-scoala-unde-este-eleva\/","title":{"rendered":"Bianca, eleva care viseaz\u0103 s\u0103 devin\u0103 profesor de matematic\u0103 \u00een \u0219coala unde este elev\u0103"},"content":{"rendered":"\t\t<div data-elementor-type=\"wp-post\" data-elementor-id=\"3590\" class=\"elementor elementor-3590\" data-elementor-post-type=\"post\">\n\t\t\t\t\t\t<section class=\"elementor-section elementor-top-section elementor-element elementor-element-4132b3 elementor-section-boxed elementor-section-height-default elementor-section-height-default\" data-id=\"4132b3\" data-element_type=\"section\">\n\t\t\t\t\t\t<div class=\"elementor-container elementor-column-gap-default\">\n\t\t\t\t\t<div class=\"elementor-column elementor-col-100 elementor-top-column elementor-element elementor-element-5e7e25a7\" data-id=\"5e7e25a7\" data-element_type=\"column\">\n\t\t\t<div class=\"elementor-widget-wrap elementor-element-populated\">\n\t\t\t\t\t\t<div class=\"elementor-element elementor-element-6a74256b elementor-widget elementor-widget-text-editor\" data-id=\"6a74256b\" data-element_type=\"widget\" data-widget_type=\"text-editor.default\">\n\t\t\t\t<div class=\"elementor-widget-container\">\n\t\t\t\t\t\t\t\t\t<p>Bianca este elev\u0103 \u00een clasa a VI-a \u0219i viseaz\u0103 s\u0103 devin\u0103 profesor de matematic\u0103 \u00een \u0219coala \u00een care \u00eenva\u021b\u0103, la G\u0103lbina\u0219i, jude\u021bul C\u0103l\u0103ra\u0219i. \u00ce\u0219i dore\u0219te s\u0103 contribuie \u201ela formarea viitorilor mari oameni ai lumii \u0219i micilor oameni ferici\u021bi\u201d \u0219i s\u0103 devin\u0103 coleg\u0103 de cancelarie cu profesorii care au format-o.<\/p><p>Este pasionat\u0103 de desen \u0219i de lucru manual, iar c\u00e2nd profesoarele ei au propus copiilor s\u0103 organizeze \u00eempreun\u0103 un t\u00e2rg caritabil pentru a ajuta 20 de familii cu dificult\u0103\u021bi din sat, Bianca a fost prima care s-a implicat.<\/p><p>A creat bijuterii, a desenat \u0219i a personalizat tricouri pentru copiii mari \u0219i mici din \u0219coal\u0103. Crede c\u0103 \u00een localitatea ei este nevoie de mai mult\u0103 empatie fa\u021b\u0103 de natur\u0103, fa\u021b\u0103 de ceilal\u021bi \u0219i nu \u00een ultimul r\u00e2nd fa\u021b\u0103 de ei \u00een\u0219i\u0219i.<\/p><p>\u00cen Teach for Romania, profesorii \u0219i \u00eenv\u0103\u021b\u0103torii lucreaz\u0103 cu elevii lor la a le cultiva abilit\u0103\u021bile de via\u021b\u0103, necesare integr\u0103rii lor \u00een societate. \u00cei ajut\u0103 s\u0103 \u00ee\u0219i dezvolte empatia fa\u021b\u0103 de ce \u00eei \u00eenconjoar\u0103, determinarea \u0219i rezilien\u021ba de a nu renun\u021ba atunci c\u00e2nd lucrurile devin dificile, \u00eencrederea de a-\u0219i exprima ideile \u0219i de a-\u0219i face vocea auzit\u0103, g\u00e2ndirea critic\u0103 \u0219i strategic\u0103. Mai mult dec\u00e2t s\u0103 predea, profesorii construiesc caractere.<\/p>\t\t\t\t\t\t\t\t<\/div>\n\t\t\t\t<\/div>\n\t\t\t\t\t<\/div>\n\t\t<\/div>\n\t\t\t\t\t<\/div>\n\t\t<\/section>\n\t\t\t\t<\/div>\n\t\t","protected":false},"excerpt":{"rendered":"<p>Bianca este elev\u0103 \u00een clasa a VI-a \u0219i viseaz\u0103 s\u0103 devin\u0103 profesor de matematic\u0103 \u00een \u0219coala \u00een care \u00eenva\u021b\u0103, la G\u0103lbina\u0219i, jude\u021bul C\u0103l\u0103ra\u0219i. \u00ce\u0219i dore\u0219te s\u0103 contribuie \u201ela formarea viitorilor mari oameni ai lumii \u0219i micilor oameni ferici\u021bi\u201d \u0219i s\u0103 devin\u0103 coleg\u0103 de cancelarie cu profesorii care au format-o. Este pasionat\u0103 de desen \u0219i de [&hellip;]<\/p>\n","protected":false},"author":1,"featured_media":9228,"comment_status":"open","ping_status":"open","sticky":false,"template":"","format":"standard","meta":{"_acf_changed":false,"footnotes":""},"categories":[1432,19,1448,1449,1454],"tags":[1296,973,999,1195,982],"class_list":["post-3590","post","type-post","status-publish","format-standard","has-post-thumbnail","hentry","category-despre-educatie","category-potentialul-elevilor","category-povesti-teach-for-romania","category-povesti-transformationale","category-scoala-altfel","tag-abilitati-socio-emotionale","tag-construim-modele-pentru-viitor","tag-galbinasi","tag-povesti-din-scoala","tag-teach-for-romania"],"acf":[],"_links":{"self":[{"href":"https:\/\/teachforromania.org\/en\/wp-json\/wp\/v2\/posts\/3590","targetHints":{"allow":["GET"]}}],"collection":[{"href":"https:\/\/teachforromania.org\/en\/wp-json\/wp\/v2\/posts"}],"about":[{"href":"https:\/\/teachforromania.org\/en\/wp-json\/wp\/v2\/types\/post"}],"author":[{"embeddable":true,"href":"https:\/\/teachforromania.org\/en\/wp-json\/wp\/v2\/users\/1"}],"replies":[{"embeddable":true,"href":"https:\/\/teachforromania.org\/en\/wp-json\/wp\/v2\/comments?post=3590"}],"version-history":[{"count":6,"href":"https:\/\/teachforromania.org\/en\/wp-json\/wp\/v2\/posts\/3590\/revisions"}],"predecessor-version":[{"id":10533,"href":"https:\/\/teachforromania.org\/en\/wp-json\/wp\/v2\/posts\/3590\/revisions\/10533"}],"wp:featuredmedia":[{"embeddable":true,"href":"https:\/\/teachforromania.org\/en\/wp-json\/wp\/v2\/media\/9228"}],"wp:attachment":[{"href":"https:\/\/teachforromania.org\/en\/wp-json\/wp\/v2\/media?parent=3590"}],"wp:term":[{"taxonomy":"category","embeddable":true,"href":"https:\/\/teachforromania.org\/en\/wp-json\/wp\/v2\/categories?post=3590"},{"taxonomy":"post_tag","embeddable":true,"href":"https:\/\/teachforromania.org\/en\/wp-json\/wp\/v2\/tags?post=3590"}],"curies":[{"name":"wp","href":"https:\/\/api.w.org\/{rel}","templated":true}]}}