{"id":19589,"date":"2024-11-04T12:13:40","date_gmt":"2024-11-04T12:13:40","guid":{"rendered":"https:\/\/teachforromania.org\/?p=19589"},"modified":"2024-11-04T12:17:26","modified_gmt":"2024-11-04T12:17:26","slug":"nominalizari-deschise-pentru-gala-profesorul-anului-in-mediul-rural-2025-organizata-de-teach-for-romania","status":"publish","type":"post","link":"https:\/\/teachforromania.org\/en\/nominalizari-deschise-pentru-gala-profesorul-anului-in-mediul-rural-2025-organizata-de-teach-for-romania\/","title":{"rendered":"Nominaliz\u0103ri deschise pentru Gala \u201eProfesorul Anului \u00een mediul rural\u201d 2025, organizat\u0103 de Teach for Romania"},"content":{"rendered":"<h5><strong>Celebreaz\u0103 un profesor care face diferen\u021ba!<\/strong><\/h5>\n<p><strong>Teach for Romania<\/strong> lanseaz\u0103 nominaliz\u0103rile pentru cea de-a patra edi\u021bie a Galei \u201eProfesorul Anului din mediul rural\u201d 2025. Scopul acestui eveniment este de a recunoa\u0219te profesorii care demonstreaz\u0103 c\u0103, \u00een ciuda provoc\u0103rilor, educa\u021bia de \u00eenalt\u0103 calitate este posibil\u0103 \u0219i \u00een \u0219colile din mediul rural. Gala \u00ee\u0219i propune s\u0103 aduc\u0103 \u00een lumin\u0103 acei profesori dedica\u021bi, care cred \u00een poten\u021bialul fiec\u0103rui copil \u0219i folosesc toate resursele \u0219i creativitatea lor pentru a construi un viitor mai bun printr-o educa\u021bie modern\u0103, relevant\u0103 \u0219i de calitate.<\/p>\n<p><strong>Gala \u201eProfesorul Anului din mediul rural\u201d este singurul eveniment din Rom\u00e2nia care scoate la lumin\u0103 \u0219i celebreaz\u0103 eforturile \u0219i rezultatele oamenilor excep\u021bionali care lucreaz\u0103 \u00een \u00eenv\u0103\u021b\u0103m\u00e2ntul din mediul rural. <\/strong>Prin aceast\u0103 competi\u021bie ne dorim s\u0103 aducem un plus de vizibilitate profesorilor, \u00eenv\u0103\u021b\u0103torilor, educatorilor din mediul rural care cred \u00een poten\u021bialul fiec\u0103rui copil, care se preg\u0103tesc \u0219i \u00ee\u0219i folosesc toat\u0103 creativitatea \u0219i resursele pentru a le oferi acestora \u0219ansa la un viitor mai bun prin educa\u021bie modern\u0103, de calitate, relevant\u0103. Oameni care pot s\u0103 inspire \u0219i care schimb\u0103 fa\u021ba sistemului de educa\u021bie din Rom\u00e2nia.<\/p>\n<h5><strong>De ce s\u0103 premiem profesorii din mediul rural?<\/strong><\/h5>\n<p>\u00cen Rom\u00e2nia, 1 din 5 elevi din mediul rural abandoneaz\u0103 \u0219coala, iar tot 1 din 5 elevi nu reu\u0219e\u0219te s\u0103 ob\u021bin\u0103 nota 5 la Evaluarea Na\u021bional\u0103, de dou\u0103 ori mai mul\u021bi dec\u00e2t \u00een mediul urban. La \u00eenceputul anului \u0219colar trecut, 5 din 10 elevi din mediul rural \u00eent\u00e2mpinau dificult\u0103\u021bi la scris \u0219i citit, conform evalu\u0103rilor Teach for Romania. Cu toate acestea, exist\u0103 profesori, \u00eenv\u0103\u021b\u0103tori, educatori \u0219i consilieri \u0219colari care, \u00een ciuda navetei dificile \u0219i a multiplelor provoc\u0103ri, sprijin\u0103 elevii s\u0103 sfideze aceste statistici \u0219i s\u0103 aib\u0103 o \u0219ans\u0103 real\u0103 la un viitor mai bun. Demonstreaz\u0103 c\u0103 pot oferi educa\u021bia de calitate pe care orice copil o merit\u0103 \u0219i la sat, cu efort, motiva\u021bie puternic\u0103, profesionalism, preg\u0103tire adecvat\u0103 \u0219i respect pentru cariera provocatoare pe care \u0219i-au ales-o. Ace\u0219ti profesioni\u0219ti merit\u0103 s\u0103 fie recunoscu\u021bi \u0219i celebra\u021bi public.<\/p>\n<p>\u201e<em>Ajuns\u0103 la cea de-a patra edi\u021bie, Gala din acest an va acorda o aten\u021bie deosebit\u0103 acelor profesori care nu doar inspir\u0103 prin dedicarea lor, ci promoveaz\u0103 \u0219i leadershipul colectiv, mobiliz\u00e2nd \u00eentreaga comunitate \u2014 de la elevi \u0219i p\u0103rin\u021bi, p\u00e2n\u0103 la colegi, lideri locali \u0219i deciden\u021bi politici \u2014 pentru a genera schimb\u0103ri profunde \u0219i de durat\u0103. Pentru noi, \u00een Teach for Romania, leadershipul colectiv este o valoare semnificativ\u0103 la care ne uit\u0103m, pentru c\u0103 reprezint\u0103 o for\u021b\u0103 transformatoare ce trece dincolo de ini\u021biativa individual\u0103, invit\u00e2nd la colaborare activ\u0103 pentru o misiune comun\u0103: \u00eembun\u0103t\u0103\u021birea educa\u021biei pentru to\u021bi copiii, indiferent de contextul lor socio-economic.<\/em>\u201d \u2013 Iuliana Pielmu\u0219, Director Executiv Teach for Romania<\/p>\n<h5><strong>PREMIEM EXCELEN\u021aA \u0218I PROFESIONALISMUL \u00ceN EDUCA\u021aIA DIN MEDIUL RURAL<\/strong><\/h5>\n<p>Prin Gala \u201eProfesorul Anului din mediul rural\u201d ne dorim s\u0103 aducem recunoa\u0219tere, vizibilitate \u0219i sprijin profesorilor nominaliza\u021bi de elevi, p\u0103rin\u021bi, colegi, directori, inspectori \u0219colari, reprezentan\u021bi ai ONG-urilor \u0219i al\u021bi membri ai comunit\u0103\u021bii. Categoriile de nominalizare sunt:<\/p>\n<h5><strong>Cadre didactice debutante<\/strong><\/h5>\n<h5><strong>Dezvoltarea litera\u021biei (a abilit\u0103\u021bilor de citit-scris)<\/strong><\/h5>\n<h5><strong>Dezvoltarea abilit\u0103\u021bilor socio-emo\u021bionale<\/strong><\/h5>\n<h5><strong>Dezvoltarea leadership-ului la elevi<\/strong><\/h5>\n<h5><strong>Educatori<\/strong><\/h5>\n<h5><strong>Implicare \u00een comunitate<\/strong><\/h5>\n<h5><strong>Prevenirea abandonului \u0219colar<\/strong><\/h5>\n<p>Toate nominaliz\u0103rile vor fi evaluate \u00eentr-o prim\u0103 etap\u0103 de cadre didactice \u0219i exper\u021bii \u00een educa\u021bie care fac parte din comunitatea Teach for Romania. \u00cen a doua etap\u0103, pentru fiecare categorie, un juriu format din 5 persoane va evalua fiecare candidatur\u0103 \u0219i va oferi un punctaj pe baza grilei de evaluare. Din juriu vor face parte: reprezentan\u021bi ai societ\u0103\u021bii civile, exper\u021bi \u00een educa\u021bie, reprezentan\u021bi ai sectorului business, elevi, parteneri institu\u021bionali, parteneri media, profesori sau alumni sus\u021binu\u021bi de Teach for Romania. Primele 3 candidaturi conform punctajului, din fiecare categorie, vor fi documentate \u00een teren pentru a verifica validitatea informa\u021biilor furnizate.<\/p>\n<p>Nominaliz\u0103rile <strong>pot fi f\u0103cute p\u00e2n\u0103 pe 13 decembrie, 23.59, pe <\/strong><a href=\"https:\/\/teachforromania.org\/gala-2025\/\"><strong>site-ul Teach for Romania<\/strong><\/a><strong>. <\/strong>Poate fi nominalizat orice cadru didactic \u2013 educator, \u00eenv\u0103\u021b\u0103tor, profesor, consilier \u0219colar (mai pu\u021bin cadrele didactice \u0219i alumnii din comunitatea Teach for Romania) pentru proiectele derulate \u00een perioada septembrie 2023 \u2013 august 2024. Detalii suplimentare despre categoriile de nominalizare, procesul de jurizare \u0219i premii pot fi consultate \u00een <a href=\"https:\/\/bit.ly\/4fsgyuA\"><strong>regulamentul<\/strong><\/a><strong> competi\u021biei.<\/strong><\/p>\n<p><strong>C\u00e2\u0219tig\u0103torii vor fi anun\u021ba\u021bi \u00een cadrul unui eveniment de gal\u0103, organizat \u00een februarie 2025.<\/strong><\/p>\n","protected":false},"excerpt":{"rendered":"<p>Celebreaz\u0103 un profesor care face diferen\u021ba! Teach for Romania lanseaz\u0103 nominaliz\u0103rile pentru cea de-a patra edi\u021bie a Galei \u201eProfesorul Anului din mediul rural\u201d 2025. Scopul acestui eveniment este de a recunoa\u0219te profesorii care demonstreaz\u0103 c\u0103, \u00een ciuda provoc\u0103rilor, educa\u021bia de \u00eenalt\u0103 calitate este posibil\u0103 \u0219i \u00een \u0219colile din mediul rural. Gala \u00ee\u0219i propune s\u0103 aduc\u0103 [&hellip;]<\/p>\n","protected":false},"author":2,"featured_media":19591,"comment_status":"open","ping_status":"open","sticky":false,"template":"","format":"standard","meta":{"_acf_changed":false,"footnotes":""},"categories":[1431,1432,1436,1],"tags":[1321,1395,1640,982],"class_list":["post-19589","post","type-post","status-publish","format-standard","has-post-thumbnail","hentry","category-comunicat-de-presa","category-despre-educatie","category-gala-profesorul-anului","category-uncategorized-ro","tag-comunicat-de-presa","tag-gala-profesorul-anului","tag-nominalizari-gala","tag-teach-for-romania"],"acf":[],"_links":{"self":[{"href":"https:\/\/teachforromania.org\/en\/wp-json\/wp\/v2\/posts\/19589","targetHints":{"allow":["GET"]}}],"collection":[{"href":"https:\/\/teachforromania.org\/en\/wp-json\/wp\/v2\/posts"}],"about":[{"href":"https:\/\/teachforromania.org\/en\/wp-json\/wp\/v2\/types\/post"}],"author":[{"embeddable":true,"href":"https:\/\/teachforromania.org\/en\/wp-json\/wp\/v2\/users\/2"}],"replies":[{"embeddable":true,"href":"https:\/\/teachforromania.org\/en\/wp-json\/wp\/v2\/comments?post=19589"}],"version-history":[{"count":4,"href":"https:\/\/teachforromania.org\/en\/wp-json\/wp\/v2\/posts\/19589\/revisions"}],"predecessor-version":[{"id":19596,"href":"https:\/\/teachforromania.org\/en\/wp-json\/wp\/v2\/posts\/19589\/revisions\/19596"}],"wp:featuredmedia":[{"embeddable":true,"href":"https:\/\/teachforromania.org\/en\/wp-json\/wp\/v2\/media\/19591"}],"wp:attachment":[{"href":"https:\/\/teachforromania.org\/en\/wp-json\/wp\/v2\/media?parent=19589"}],"wp:term":[{"taxonomy":"category","embeddable":true,"href":"https:\/\/teachforromania.org\/en\/wp-json\/wp\/v2\/categories?post=19589"},{"taxonomy":"post_tag","embeddable":true,"href":"https:\/\/teachforromania.org\/en\/wp-json\/wp\/v2\/tags?post=19589"}],"curies":[{"name":"wp","href":"https:\/\/api.w.org\/{rel}","templated":true}]}}