{"id":18675,"date":"2024-06-17T12:17:20","date_gmt":"2024-06-17T12:17:20","guid":{"rendered":"https:\/\/teachforromania.org\/?p=18675"},"modified":"2024-06-17T12:17:20","modified_gmt":"2024-06-17T12:17:20","slug":"punte-intre-lumi-10-ani-de-teach-for-romania-10-generatii-de-profesori-solutie","status":"publish","type":"post","link":"https:\/\/teachforromania.org\/en\/punte-intre-lumi-10-ani-de-teach-for-romania-10-generatii-de-profesori-solutie\/","title":{"rendered":"Punte \u00eentre lumi | 10 ani de Teach for Romania | 10 genera\u021bii de profesori-solu\u021bie"},"content":{"rendered":"<p>Miercuri, 12 iunie, Teach for Romania a celebrat 10 ani de activitate al\u0103turi de Ministrul Educa\u021biei, Ligia Deca, \u0219i Wendy Kopp, Co-Fondatoare Teach for America.<\/p>\n<p>ONG-ul a s\u0103rb\u0103torit eforturile depuse timp de o decad\u0103 pentru a duce educa\u021bie de calitate \u00een medii vulnerabile prin profesori motiva\u021bi \u0219i bine preg\u0103ti\u021bi. Evenimentul a celebrat oamenii Teach &#8211; profesori, alumni, angaja\u021bii organiza\u021biei, fondatorii, membrii Boardului \u0219i \u00eentreaga comunitate de finan\u021batori, parteneri media \u0219i parteneri institu\u021bionali care au f\u0103cut posibili ace\u0219ti primi 10 ani. Ast\u0103zi, Teach for Romania este o comunitate de peste 500 de profesori care au lucrat cu peste 90,000 de copii din medii vulnerabile, cu programe complexe, parteneriate stabile cu institu\u021biile relevante din \u00eenv\u0103\u021b\u0103m\u00e2ntul public, o organiza\u021bie care a agregat investi\u021bii de peste 10 milioane de euro in educa\u021bie de la partenerii finan\u021batori.<\/p>\n<p>\u00cen spectacolul regizat de Bobi Pricop discursurile profesorilor \u0219i \u00eenv\u0103\u021b\u0103torilor \u0219i momentele preg\u0103tite de elevi au abordat teme recurente \u00een realitatea \u0219colilor din medii vulnerabile: lupta \u00eempotriva abandonului \u0219colar, alfabetizare, segregare, violen\u021b\u0103, motiva\u021bie \u0219i perseveren\u021b\u0103.<\/p>\n<p><img fetchpriority=\"high\" decoding=\"async\" class=\"aligncenter wp-image-18678 size-large\" src=\"https:\/\/teachforromania.org\/wp-content\/uploads\/2024\/06\/Teach-for-Romania_1-1024x683.jpg\" alt=\"\" width=\"800\" height=\"534\" srcset=\"https:\/\/teachforromania.org\/wp-content\/uploads\/2024\/06\/Teach-for-Romania_1-1024x683.jpg 1024w, https:\/\/teachforromania.org\/wp-content\/uploads\/2024\/06\/Teach-for-Romania_1-300x200.jpg 300w, https:\/\/teachforromania.org\/wp-content\/uploads\/2024\/06\/Teach-for-Romania_1-768x512.jpg 768w, https:\/\/teachforromania.org\/wp-content\/uploads\/2024\/06\/Teach-for-Romania_1-1536x1024.jpg 1536w, https:\/\/teachforromania.org\/wp-content\/uploads\/2024\/06\/Teach-for-Romania_1-2048x1365.jpg 2048w\" sizes=\"(max-width: 800px) 100vw, 800px\" \/><\/p>\n<p><em>\u201eAm v\u0103zut cum alumnii Teach for Romania \u00eencep, \u00eencet \u00eencet s\u0103 \u00ee\u0219i fac\u0103 loc \u00een leadership-ul \u0219colilor \u0219i sper tare mult ca \u00een cur\u00e2nd s\u0103 \u00eei avem \u0219i \u00een leadership-ul institu\u021biilor centrale, jude\u021bene care se ocup\u0103 de educa\u021bie. Cred c\u0103 Rom\u00e2nia are mare nevoie de puterea voastr\u0103 de schimbare, de realismul vostru \u0219i mai ales de experien\u021ba de a schimba destine. Avem nevoie de asta \u0219i pentru \u021bar\u0103, nu numai pentru \u0219colile care au fost suficient de norocoase s\u0103 v\u0103 aib\u0103 \u00een corpul profesoral. A\u021bi demonstrat c\u0103 metoda Teach func\u021bioneaz\u0103. Cointeresarea tuturor celor c\u0103rora le pas\u0103 func\u021bioneaz\u0103.\u201d<\/em> \u2013 Ligia Deca, Ministrul Educa\u021biei.<\/p>\n<p><em>\u201eNu tr\u0103im \u00eentr-o er\u0103 bun\u0103 pentru sistemul educa\u021bional. Testele PISA, la fel \u0219i Raportul RISE publicat anul trecut arat\u0103 c\u0103 ne afl\u0103m \u00een mijlocul unui declin al rezultatelor \u0219colare \u00een r\u00e2ndul tinerilor din \u021b\u0103rile aflate \u00een curs de dezvoltare.<\/em><\/p>\n<p><em>Este timpul pentru o resetare a educa\u021biei \u00een termeni de prioritate \u0219i metod\u0103 de abordare la \u0219coal\u0103.\u00a0 Cercet\u0103torii au concluzionat c\u0103 tindem s\u0103 investim toat\u0103 energia \u00een partea tehnic\u0103 a educa\u021biei: curriculum, formarea profesorilor, logistic\u0103 \u0219i asigurarea unei tehnologii adecvate pentru studiul la clas\u0103, dar nu este suficient. Ce lipse\u0219te este implicarea colectiv\u0103, aducerea \u00eempreun\u0103 a tuturor celor care pot contribui la educa\u021bia \u0219i dezvoltarea copiilor.\u201d<\/em> \u2013 Wendy Kopp, CEO Teach for All.<\/p>\n<p>De 10 ani Teach for Romania construie\u0219te o punte \u00eentre lumi \u0219i reu\u0219e\u0219te s\u0103 aduc\u0103 \u00eempreun\u0103 elevii din comunit\u0103\u021bi vulnerabile \u0219i profesioni\u0219tii dedica\u021bi care \u00ee\u0219i doresc s\u0103 fie acolo, la firul ierbii, s\u0103 dep\u0103\u0219easc\u0103 \u00eempreun\u0103 fiecare obstacol, s\u0103 s\u0103rb\u0103toreasc\u0103 fiecare reu\u0219it\u0103.<\/p>\n<p>Transmisiunea evenimentului \u201ePunte \u00eentre lumi\u201d se reg\u0103se\u0219te pe pagina de Facebook Teach for Romania: <a href=\"https:\/\/www.facebook.com\/teachforromania\/videos\/979359036828887\">aici.<\/a><\/p>\n<p><strong>Despre Teach for Romania<\/strong><\/p>\n<p>Teach for Romania face parte din re\u021beaua global\u0103 Teach for All, al\u0103turi de alte 62 de \u021b\u0103ri, de pe 6 continente &#8211; o comunitate de peste 90.000 de oameni, care include un Laborator Global de cercetare \u00een educa\u021bie. Teach for All lupt\u0103 pentru furnizarea unei preg\u0103tiri \u0219colare de calitate, dar \u0219i a unei\u00a0 preg\u0103tiri pentru via\u021b\u0103 bazat\u0103 pe valori pentru to\u021bi copiii, indiferent de mediul \u00een care ace\u0219tia s-au n\u0103scut.<\/p>\n<p>\u00cen Rom\u00e2nia ONG-ul recruteaz\u0103 \u0219i preg\u0103te\u0219te de 10 ani oameni valoro\u0219i s\u0103 devin\u0103 profesori \u0219i \u00eenv\u0103\u021b\u0103tori \u00een \u0219colile publice din Rom\u00e2nia, pornind de la cele mai dificile comunit\u0103\u021bi.<\/p>\n","protected":false},"excerpt":{"rendered":"<p>Miercuri, 12 iunie, Teach for Romania a celebrat 10 ani de activitate al\u0103turi de Ministrul Educa\u021biei, Ligia Deca, \u0219i Wendy Kopp, Co-Fondatoare Teach for America. ONG-ul a s\u0103rb\u0103torit eforturile depuse timp de o decad\u0103 pentru a duce educa\u021bie de calitate \u00een medii vulnerabile prin profesori motiva\u021bi \u0219i bine preg\u0103ti\u021bi. Evenimentul a celebrat oamenii Teach &#8211; [&hellip;]<\/p>\n","protected":false},"author":2,"featured_media":18676,"comment_status":"open","ping_status":"open","sticky":false,"template":"","format":"standard","meta":{"_acf_changed":false,"footnotes":""},"categories":[1431,20,1432,1454,1457],"tags":[1591,1388,1619,982,1134],"class_list":["post-18675","post","type-post","status-publish","format-standard","has-post-thumbnail","hentry","category-comunicat-de-presa","category-comunitati-in-schimbare","category-despre-educatie","category-scoala-altfel","category-teach-for-romania","tag-10-ani-teach-for-romania","tag-ligia-deca","tag-punte-intre-lumi","tag-teach-for-romania","tag-wendy-kopp"],"acf":[],"_links":{"self":[{"href":"https:\/\/teachforromania.org\/en\/wp-json\/wp\/v2\/posts\/18675","targetHints":{"allow":["GET"]}}],"collection":[{"href":"https:\/\/teachforromania.org\/en\/wp-json\/wp\/v2\/posts"}],"about":[{"href":"https:\/\/teachforromania.org\/en\/wp-json\/wp\/v2\/types\/post"}],"author":[{"embeddable":true,"href":"https:\/\/teachforromania.org\/en\/wp-json\/wp\/v2\/users\/2"}],"replies":[{"embeddable":true,"href":"https:\/\/teachforromania.org\/en\/wp-json\/wp\/v2\/comments?post=18675"}],"version-history":[{"count":2,"href":"https:\/\/teachforromania.org\/en\/wp-json\/wp\/v2\/posts\/18675\/revisions"}],"predecessor-version":[{"id":18681,"href":"https:\/\/teachforromania.org\/en\/wp-json\/wp\/v2\/posts\/18675\/revisions\/18681"}],"wp:featuredmedia":[{"embeddable":true,"href":"https:\/\/teachforromania.org\/en\/wp-json\/wp\/v2\/media\/18676"}],"wp:attachment":[{"href":"https:\/\/teachforromania.org\/en\/wp-json\/wp\/v2\/media?parent=18675"}],"wp:term":[{"taxonomy":"category","embeddable":true,"href":"https:\/\/teachforromania.org\/en\/wp-json\/wp\/v2\/categories?post=18675"},{"taxonomy":"post_tag","embeddable":true,"href":"https:\/\/teachforromania.org\/en\/wp-json\/wp\/v2\/tags?post=18675"}],"curies":[{"name":"wp","href":"https:\/\/api.w.org\/{rel}","templated":true}]}}