{"id":17395,"date":"2024-02-17T11:01:21","date_gmt":"2024-02-17T11:01:21","guid":{"rendered":"https:\/\/teachforromania.org\/?p=17395"},"modified":"2024-02-23T08:03:55","modified_gmt":"2024-02-23T08:03:55","slug":"teach-for-romania-anunta-cei-7-castigatori-din-cadrul-galei-profesorul-anului-din-mediul-rural-editia-2024","status":"publish","type":"post","link":"https:\/\/teachforromania.org\/en\/teach-for-romania-anunta-cei-7-castigatori-din-cadrul-galei-profesorul-anului-din-mediul-rural-editia-2024\/","title":{"rendered":"[Comunicat de pres\u0103] Teach for Romania anun\u021b\u0103 cei 7 c\u00e2\u0219tig\u0103tori din cadrul Galei Profesorul Anului din mediul rural, edi\u021bia 2024"},"content":{"rendered":"<p>Joi, 15 februarie, Teach for Romania, al\u0103turi de partenerii s\u0103i, a anun\u021bat \u00een cadrul Galei Profesorul Anului din mediul rural, desf\u0103\u0219urat\u0103 la Sala Multifunc\u021bional\u0103 a Consiliului Jude\u021bean Timi\u0219, cei 7 profesori c\u00e2\u0219tig\u0103tori la cele 7 categorii de premiere. Ace\u0219tia predau \u00een \u0219coli rurale din jude\u021bele Bac\u0103u, Cluj, Dolj, Ia\u0219i, Ilfov, Mure\u0219 \u0219i Olt.<\/p>\n<p><strong><u>Profesorii c\u00e2\u0219tig\u0103tori sunt: <\/u><\/strong><\/p>\n<p><strong>Categoria: Profesori debutan\u021bi<\/strong><\/p>\n<p>Cosmina Teodora Chiuoru \u2013 Profesor, Liceul Teoretic \u201eComandor Alexandru C\u0103tuneanu\u201d Lunca Cet\u0103\u021buii, comuna Ciurea, Ia\u0219i<\/p>\n<p><strong>Categoria: Educatori<\/strong><\/p>\n<p>Elena Irina \u0218al\u0103u \u2013 Educator, Gr\u0103dini\u021ba cu Program Normal Nedeia, comuna Gighera, Dolj<\/p>\n<p><strong>Categoria: Dezvoltarea litera\u021biei<\/strong><\/p>\n<p>Loredana Biliboc \u2013 \u00cenv\u0103\u021b\u0103tor, \u0218coala Gimnazial\u0103 Pustiana, P\u00eerjol, Bac\u0103u<\/p>\n<p><strong>Categoria: Dezvoltarea abilit\u0103\u021bilor socio-emo\u021bionale<\/strong><\/p>\n<p>Lidia N\u0103d\u0103\u0219an \u2013 \u00cenv\u0103\u021b\u0103tor, \u0218coala Gimnazial\u0103 Beica de jos, comuna Beica, Mure\u0219<\/p>\n<p><strong>Categoria: Dezvoltarea leadership-ului la elevi<\/strong><\/p>\n<p>Marinela Culea \u2013 Director, Liceul Tehnologic \u201eCezar Nicolau\u201d Br\u0103ne\u0219ti, Ilfov<\/p>\n<p><strong>Categoria: Prevenirea abandonului \u0219colar<\/strong><\/p>\n<p>Camelia Costantea \u2013 Director, \u0218coala Gimnazial\u0103 Vii\u0219oara, Cluj<\/p>\n<p><strong>Categoria: Implicare \u00een comunitate<\/strong><\/p>\n<p>L\u0103cr\u0103mioara Cule \u2013 Profesor, \u0218coala Gimnazial\u0103 Sc\u0103ri\u0219oara, Olt<\/p>\n<p>Gala Profesorul Anului din mediul rural este un eveniment anual, ajuns la edi\u021bia a 3-a, organizat independent de Teach for Romania, din dorin\u021ba de a oferi recuno\u0219tin\u021b\u0103 eforturilor enorme pe care aceast\u0103 meserie le solicit\u0103 \u0219i de a ar\u0103ta o alt\u0103 fa\u021b\u0103 a \u00eenv\u0103\u021b\u0103m\u00e2ntului de la sat &#8211; una a optimismului, care refuz\u0103 cinismul lui <em>la noi nu se poate<\/em>, \u0219i celebreaz\u0103 munca oamenilor valoro\u0219i de la catedr\u0103.<\/p>\n<p>Este nevoie de mai multe voci pentru a schimba imaginea pe care o avem ca societate asupra educa\u021biei din mediul rural \u0219i din zonele vulnerabile. Este nevoie s\u0103 privim cu ambi\u021bie \u0219i \u00eencredere la poten\u021bialul copiilor din mediul rural \u0219i s\u0103 privim educa\u021bia modern\u0103 \u0219i de calitate ca pe o normalitate \u00een toate comunit\u0103\u021bile din Romania.<\/p>\n<p>Gala Profesorul Anului din mediul rural, edi\u021bia 2024, a fost transmis\u0103 live pe pagina de Facebook Teach for Romania, <a href=\"https:\/\/www.facebook.com\/teachforromania\/videos\/1101327581282478\">aici<\/a>.<\/p>\n<p><strong>Parteneri strategici:<\/strong> Funda\u021bia Didona \u0219i Re\u021beaua de s\u0103n\u0103tate Regina Maria.<\/p>\n<p><strong>Parteneri de tradi\u021bie<\/strong>: Inspectoratul \u0218colar Jude\u021bean Ia\u0219i.<\/p>\n<p><strong>Eveniment organizat cu sprijinul Consiliului Jude\u021bean Timi\u0219 \u0219i al Prim\u0103riei Municipiului Timi\u0219oara, \u00een parteneriat cu \u0218coala Babel Timi\u0219oara. Trofeele au fost realizate de Cezar Bl\u00eenda \u2013 Lun Design. <\/strong><\/p>\n<p>Mai multe detalii: <a href=\"https:\/\/teachforromania.org\/gala-2024\/\">teachforromania.org\/gala-2024.<\/a><\/p>\n","protected":false},"excerpt":{"rendered":"<p>Joi, 15 februarie, Teach for Romania, al\u0103turi de partenerii s\u0103i, a anun\u021bat \u00een cadrul Galei Profesorul Anului din mediul rural, desf\u0103\u0219urat\u0103 la Sala Multifunc\u021bional\u0103 a Consiliului Jude\u021bean Timi\u0219, cei 7 profesori c\u00e2\u0219tig\u0103tori la cele 7 categorii de premiere. Ace\u0219tia predau \u00een \u0219coli rurale din jude\u021bele Bac\u0103u, Cluj, Dolj, Ia\u0219i, Ilfov, Mure\u0219 \u0219i Olt. Profesorii c\u00e2\u0219tig\u0103tori [&hellip;]<\/p>\n","protected":false},"author":2,"featured_media":17396,"comment_status":"open","ping_status":"open","sticky":false,"template":"","format":"standard","meta":{"_acf_changed":false,"footnotes":""},"categories":[1431,1432,1436],"tags":[1514,1321,1387,1395,982],"class_list":["post-17395","post","type-post","status-publish","format-standard","has-post-thumbnail","hentry","category-comunicat-de-presa","category-despre-educatie","category-gala-profesorul-anului","tag-castigatorii-profesorul-anului","tag-comunicat-de-presa","tag-comunicat-presa","tag-gala-profesorul-anului","tag-teach-for-romania"],"acf":[],"_links":{"self":[{"href":"https:\/\/teachforromania.org\/en\/wp-json\/wp\/v2\/posts\/17395","targetHints":{"allow":["GET"]}}],"collection":[{"href":"https:\/\/teachforromania.org\/en\/wp-json\/wp\/v2\/posts"}],"about":[{"href":"https:\/\/teachforromania.org\/en\/wp-json\/wp\/v2\/types\/post"}],"author":[{"embeddable":true,"href":"https:\/\/teachforromania.org\/en\/wp-json\/wp\/v2\/users\/2"}],"replies":[{"embeddable":true,"href":"https:\/\/teachforromania.org\/en\/wp-json\/wp\/v2\/comments?post=17395"}],"version-history":[{"count":2,"href":"https:\/\/teachforromania.org\/en\/wp-json\/wp\/v2\/posts\/17395\/revisions"}],"predecessor-version":[{"id":17420,"href":"https:\/\/teachforromania.org\/en\/wp-json\/wp\/v2\/posts\/17395\/revisions\/17420"}],"wp:featuredmedia":[{"embeddable":true,"href":"https:\/\/teachforromania.org\/en\/wp-json\/wp\/v2\/media\/17396"}],"wp:attachment":[{"href":"https:\/\/teachforromania.org\/en\/wp-json\/wp\/v2\/media?parent=17395"}],"wp:term":[{"taxonomy":"category","embeddable":true,"href":"https:\/\/teachforromania.org\/en\/wp-json\/wp\/v2\/categories?post=17395"},{"taxonomy":"post_tag","embeddable":true,"href":"https:\/\/teachforromania.org\/en\/wp-json\/wp\/v2\/tags?post=17395"}],"curies":[{"name":"wp","href":"https:\/\/api.w.org\/{rel}","templated":true}]}}