{"id":17213,"date":"2024-02-01T08:57:46","date_gmt":"2024-02-01T08:57:46","guid":{"rendered":"https:\/\/teachforromania.org\/?p=17213"},"modified":"2024-02-01T10:10:45","modified_gmt":"2024-02-01T10:10:45","slug":"comunicat-de-presa-teach-for-romania-in-parteneriat-cu-asociatia-necuvinte-au-lansat-inscrierile-pentru-evenimentul-de-la-iasi-ateliere-teoretice-si-practice-cum-identificam-abordam-gestionam-c","status":"publish","type":"post","link":"https:\/\/teachforromania.org\/en\/comunicat-de-presa-teach-for-romania-in-parteneriat-cu-asociatia-necuvinte-au-lansat-inscrierile-pentru-evenimentul-de-la-iasi-ateliere-teoretice-si-practice-cum-identificam-abordam-gestionam-c\/","title":{"rendered":"[Comunicat de pres\u0103] Teach for Romania \u00een parteneriat cu Asocia\u021bia Necuvinte au lansat \u00eenscrierile pentru evenimentul de la Ia\u0219i ,,Ateliere teoretice \u0219i practice: cum identific\u0103m, abord\u0103m, gestion\u0103m cazurile de violen\u021b\u0103?\u201d"},"content":{"rendered":"\t\t<div data-elementor-type=\"wp-post\" data-elementor-id=\"17213\" class=\"elementor elementor-17213\" data-elementor-post-type=\"post\">\n\t\t\t\t<div class=\"elementor-element elementor-element-319fa481 e-flex e-con-boxed e-con e-parent\" data-id=\"319fa481\" data-element_type=\"container\">\n\t\t\t\t\t<div class=\"e-con-inner\">\n\t\t\t\t<div class=\"elementor-element elementor-element-22474d15 elementor-widget elementor-widget-text-editor\" data-id=\"22474d15\" data-element_type=\"widget\" data-widget_type=\"text-editor.default\">\n\t\t\t\t<div class=\"elementor-widget-container\">\n\t\t\t\t\t\t\t\t\t<p><em>\u00a0 \u00a0 \u00a0 \u00a0 \u00a0 \u00a0 \u00a0 \u00a0,,<\/em><em>M-a atras tema proiectului fiindc\u0103 este experien\u021ba de pe teren cea care te \u00eempinge s\u0103 cau\u021bi resurse<\/em><em>\u201d<\/em><\/p><p><strong>Ia\u0219i,<\/strong> februarie<\/p><p>Teach for Romania \u00eempreun\u0103 cu Asocia\u021bia necuvinte au lansat <strong>apelul de \u00eenscriere<\/strong> pentru exper\u021bi educa\u021bionali, cadre didactice, asisten\u021bi sociali \u0219i persoanele implicate \u00een educa\u021bia \u0219i protec\u021bia copiilor, de a participa la <strong>evenimentul fizic de la Ia\u0219i, ,,Ateliere teoretice \u0219i practice: cum identific\u0103m, abord\u0103m, gestion\u0103m cazurile de violen\u021b\u0103?\u201d<\/strong><\/p><p>Evenimentul va avea loc pe <strong>21 februarie 2024<\/strong> \u0219i ofer\u0103 <strong>component\u0103 de \u00eenv\u0103\u021bare<\/strong>, al\u0103turi de cadre didactice \u0219i asisten\u021bii sociali care ajut\u0103 \u0219i ghideaz\u0103 pentru\u00a0identificarea \u0219i gestionarea situa\u021biilor de violen\u021b\u0103, c\u00e2t \u0219i metode practice de preven\u021bie prin intermediul activit\u0103\u021bilor desf\u0103\u0219urate la clas\u0103.\u00a0<\/p><p>Evenimentul reprezint\u0103 \u00eenchiderea\u00a0proiectului ,,Educa\u021bie \u00een siguran\u021b\u0103 de la egal la egal&#8221;, proiect derulat de Teach for Romania \u0219i Asocia\u021bia Necuvinte, cu sprijinul financiar Active Citizens Fund &#8211; Romania, program finan\u021bat de Islanda, Liechtenstein \u0219i Norvegia prin Granturile SEE 2014-2021.<\/p><p>Scopul proiectului este\u00a0s\u0103 combat\u0103 violen\u021ba domestic\u0103 \u0219i de gen prin respectarea principiului egalit\u0103\u021bii de \u0219anse \u00een \u00eenv\u0103\u021b\u0103m\u00e2ntul preuniversitar, oferind instrumentele necesare\u00a0profesorilor,\u00a0asisten\u021bilor sociali\u00a0\u0219i\u00a0copiilor\u00a0\u0219i prin dezvoltarea de materiale \u0219i interven\u021bii ce pot fi preluate la nivelul\u00a0institu\u021biilor jude\u021bene\u00a0implicate.<\/p><p>***<\/p><p>Data evenimentului: <strong>21 februarie 2024<\/strong><\/p><p>Loca\u021bia: Hotel Ramada, Str. Grigore Ureche 27, <strong>Ia\u0219i<\/strong><\/p><p>Interval orar: <strong>10.00 &#8211; 17.00<\/strong><\/p><p><strong>Pentru a participa, e nevoie de pre\u00eenscriere aici: <a href=\"https:\/\/docs.google.com\/forms\/d\/e\/1FAIpQLSc6JOnQQXYaOy9Fr2bG2E46RE-5_NhJr71zWrgHsrq-wtr2Sw\/viewform\">link<\/a><\/strong><\/p><p><strong>Termen limit\u0103 pentru pre\u00eenscriere: 8 februarie inclusiv<\/strong><\/p><p><strong>Participarea nu percepe tax\u0103.<\/strong><\/p><p><em>Decontul transportului \u0219i cazarea se asigur\u0103 la cerere, \u00een limita locurilor disponibile. Ve\u021bi primi confirmarea posibilit\u0103\u021bii decontului \u0219i\/sau a caz\u0103rii prin email, dup\u0103 completarea formularului de \u00eenscriere.<\/em><\/p><p>Lucr\u0103m \u00eempreun\u0103 pentru o Europ\u0103 incluziv\u0103.<\/p><p><a href=\"https:\/\/educatieinsiguranta.ro\/\">https:\/\/educatieinsiguranta.ro\/<\/a><\/p><p><strong>Despre Teach for Romania:\u00a0\u00a0<\/strong><\/p><p>Teach for Romania este o organiza\u021bie non-guvernamental\u0103, care de 10 ani recruteaz\u0103 \u0219i preg\u0103te\u0219te oameni valoro\u0219i s\u0103 devin\u0103 educatori, profesori \u0219i \u00eenv\u0103\u021b\u0103tori \u00een \u0219colile publice din Rom\u00e2nia, pornind de la cele mai dificile comunit\u0103\u021bi. La Teach for Romania credem c\u0103 fiecare copil din Rom\u00e2nia are dreptul \u0219i poate s\u0103 aib\u0103 parte de educa\u021bie de calitate, al\u0103turi de un profesor sau un \u00eenv\u0103\u021b\u0103tor care crede \u00een el.\u00a0\u00a0<\/p><p>\u00cen anul \u0219colar 2023-2024,\u00a0145\u00a0de cadre didactice fac parte din programul nostru \u0219i predau \u00een\u00a0126\u00a0\u0219coli, din 22 de jude\u021be. De asemenea, ne bucur\u0103m c\u0103, din comunitatea noastr\u0103 de 279 alumni, absolven\u021bi ai programului, jum\u0103tate au ales s\u0103 r\u0103m\u00e2n\u0103 la catedr\u0103 \u00een \u0219coli publice din Rom\u00e2nia, dezvolt\u00e2nd \u0219i inov\u00e2nd cultura organiza\u021bional\u0103 a acestora. \u00centreaga noastr\u0103 comunitate de profesori ajunge astfel la aproximativ 26 000 de copii.<\/p><p><strong>Despre Asocia\u021bia Necuvinte:<\/strong><\/p><p>Asocia\u021bia Necuvinte\u00a0este o organiza\u021bie neguvernamental\u0103, \u00eenfiin\u021bat\u0103 \u00een anul 2013 \u00een conformitate cu O.G. 26\/2000 privind asocia\u021biile \u0219i funda\u021biile, cu scopul de a lupta \u00eempotriva discrimin\u0103rii, abuzului \u0219i a violen\u021bei de gen. Violen\u021ba de gen nu este o problem\u0103 a femeilor, ci o problem\u0103 a societ\u0103\u021bii la rezolvarea c\u0103reia trebuie s\u0103 particip\u0103m cu to\u021bii. Credem \u00een suroritate \u0219i parteneriate ca modalitate de a atinge egalitatea \u0219i echitatea \u00een societatea \u00een care tr\u0103im.<\/p>\t\t\t\t\t\t\t\t<\/div>\n\t\t\t\t<\/div>\n\t\t\t\t\t<\/div>\n\t\t\t\t<\/div>\n\t\t\t\t<\/div>\n\t\t","protected":false},"excerpt":{"rendered":"<p>\u00a0 \u00a0 \u00a0 \u00a0 \u00a0 \u00a0 \u00a0 \u00a0,,M-a atras tema proiectului fiindc\u0103 este experien\u021ba de pe teren cea care te \u00eempinge s\u0103 cau\u021bi resurse\u201d Ia\u0219i, februarie Teach for Romania \u00eempreun\u0103 cu Asocia\u021bia necuvinte au lansat apelul de \u00eenscriere pentru exper\u021bi educa\u021bionali, cadre didactice, asisten\u021bi sociali \u0219i persoanele implicate \u00een educa\u021bia \u0219i protec\u021bia copiilor, de a [&hellip;]<\/p>\n","protected":false},"author":2,"featured_media":17214,"comment_status":"open","ping_status":"open","sticky":false,"template":"","format":"standard","meta":{"_acf_changed":false,"footnotes":""},"categories":[1431,1602,1457,1],"tags":[1603,1321,1604,1318],"class_list":["post-17213","post","type-post","status-publish","format-standard","has-post-thumbnail","hentry","category-comunicat-de-presa","category-educatie-in-siguranta","category-teach-for-romania","category-uncategorized-ro","tag-ateliere","tag-comunicat-de-presa","tag-inscriere","tag-segregare"],"acf":[],"_links":{"self":[{"href":"https:\/\/teachforromania.org\/en\/wp-json\/wp\/v2\/posts\/17213","targetHints":{"allow":["GET"]}}],"collection":[{"href":"https:\/\/teachforromania.org\/en\/wp-json\/wp\/v2\/posts"}],"about":[{"href":"https:\/\/teachforromania.org\/en\/wp-json\/wp\/v2\/types\/post"}],"author":[{"embeddable":true,"href":"https:\/\/teachforromania.org\/en\/wp-json\/wp\/v2\/users\/2"}],"replies":[{"embeddable":true,"href":"https:\/\/teachforromania.org\/en\/wp-json\/wp\/v2\/comments?post=17213"}],"version-history":[{"count":8,"href":"https:\/\/teachforromania.org\/en\/wp-json\/wp\/v2\/posts\/17213\/revisions"}],"predecessor-version":[{"id":17224,"href":"https:\/\/teachforromania.org\/en\/wp-json\/wp\/v2\/posts\/17213\/revisions\/17224"}],"wp:featuredmedia":[{"embeddable":true,"href":"https:\/\/teachforromania.org\/en\/wp-json\/wp\/v2\/media\/17214"}],"wp:attachment":[{"href":"https:\/\/teachforromania.org\/en\/wp-json\/wp\/v2\/media?parent=17213"}],"wp:term":[{"taxonomy":"category","embeddable":true,"href":"https:\/\/teachforromania.org\/en\/wp-json\/wp\/v2\/categories?post=17213"},{"taxonomy":"post_tag","embeddable":true,"href":"https:\/\/teachforromania.org\/en\/wp-json\/wp\/v2\/tags?post=17213"}],"curies":[{"name":"wp","href":"https:\/\/api.w.org\/{rel}","templated":true}]}}