{"id":17044,"date":"2024-01-28T12:59:30","date_gmt":"2024-01-28T12:59:30","guid":{"rendered":"https:\/\/teachforromania.org\/?p=17044"},"modified":"2024-01-28T13:02:06","modified_gmt":"2024-01-28T13:02:06","slug":"comunicat-de-presa-teach-for-romania-in-parteneriat-cu-roma-education-fund-au-lansat-inscrierile-pentru-participarea-la-evenimentul-de-inchidere-segregare-pe-minus-diversitate-pe-plus","status":"publish","type":"post","link":"https:\/\/teachforromania.org\/en\/comunicat-de-presa-teach-for-romania-in-parteneriat-cu-roma-education-fund-au-lansat-inscrierile-pentru-participarea-la-evenimentul-de-inchidere-segregare-pe-minus-diversitate-pe-plus\/","title":{"rendered":"[Comunicat de pres\u0103] Teach for Romania \u00een parteneriat cu Roma Education Fund au lansat \u00eenscrierile pentru participarea la evenimentul de \u00eenchidere ,,Segregare pe Minus, Diversitate pe Plus\u201d"},"content":{"rendered":"\t\t<div data-elementor-type=\"wp-post\" data-elementor-id=\"17044\" class=\"elementor elementor-17044\" data-elementor-post-type=\"post\">\n\t\t\t\t<div class=\"elementor-element elementor-element-51f548c2 e-flex e-con-boxed e-con e-parent\" data-id=\"51f548c2\" data-element_type=\"container\">\n\t\t\t\t\t<div class=\"e-con-inner\">\n\t\t\t\t<div class=\"elementor-element elementor-element-7d9fdaed elementor-widget elementor-widget-text-editor\" data-id=\"7d9fdaed\" data-element_type=\"widget\" data-widget_type=\"text-editor.default\">\n\t\t\t\t<div class=\"elementor-widget-container\">\n\t\t\t\t\t\t\t\t\t<p style=\"text-align: center;\"><em>Toate fiin\u0163ele umane se nasc libere \u015fi egale \u00een demnitate \u015fi \u00een drepturi.\u00a0Hai s\u0103 contribuim la o lume \u00een care aceasta este realitatea. Hai al\u0103turi de noi la eveniment pentru a vedea cum putem face acest lucru \u00eempreun\u0103.<\/em><\/p><p><em>\u00a0<\/em><\/p><p><em>Bucure\u0219ti, ianuarie 2024<\/em><\/p><p>Teach for Romania \u00eempreun\u0103 cu Roma Education Fund au lansat <strong>apelul de \u00eenscriere<\/strong> pentru a oferi tuturor posibilitatea <strong>de a participa la evenimentul de \u00eenchidere al proiectului ,,Segregare pe Minus, Diversitate pe Plus<\/strong><strong>\u201d<\/strong>.<\/p><p>Evenimentul va avea loc pe <strong>12 februarie 2024<\/strong> \u0219i va aborda tematicile segregare \u0219i includere, diminuare \u0219i preven\u021bie, vine cu propunere de formare Teach for Romania \u0219i Roma Education Fund \u2013 un program recunoscut \u0219i avizat de Ministerul Educa\u021biei Na\u021bionale cu 18-20 de credite profesionale (domeniul includerii \u0219i segreg\u0103rii \u0219colare), cu recomand\u0103ri de activit\u0103\u021bi educa\u021bionale \u0219i comunitare prin implicarea actorilor relevan\u021bi \u00een scop de identificare, diminuare \u0219i gestionare a segreg\u0103rii ori cu activit\u0103\u021bi cu component\u0103 de interculturalitate.<\/p><p>Evenimentul aduce ateliere practice \u0219i interactive, networking, celebrare, consultare privind diminuarea segreg\u0103rii, pove\u0219ti inspira\u021bionale ale exper\u021bilor \u0219i invita\u021bilor, materiale resurs\u0103 \u0219i are scopul de a reuni 80 de profesioni\u0219ti cu impact \u00een educa\u021bie \u0219i drepturile omului (unit\u0103\u021bi de \u00eenv\u0103\u021b\u0103m\u00e2nt, organiza\u021bii neguvernamentale, formatori, mediatori, consilieri \u0219colari, finan\u021batori, reprezentan\u021bi ai institu\u021biilor publice relevante \u2013 Ministerul Educa\u021biei Na\u021bionale, inspectorate \u0219colare etc.), elevi \u0219i tineri.<\/p><p>Teach for Romania \u0219i Roma Education Fund marcheaz\u0103, astfel, 3 ani de lucru \u00een comunit\u0103\u021bi interetnice, vulnerabile, \u00een care au g\u0103sit \u00eempreun\u0103 solu\u021bii \u0219i sprijin pentru adresarea fenomentului de segregare \u0219colar\u0103 prin proiectul ,,Segregare pe Minus, Diversitate pe Plus\u201d derulat de Teach for Romania \u00een parteneriat cu Roma Education Fund, cu sprijinul financiar Active Citizens Fund &#8211; Romania, program finan\u021bat de Islanda, Liechtenstein \u0219i Norvegia prin Granturile SEE 2014-2021.<\/p><p>\u00a0<\/p><p><strong>Data evenimentului: 12 februarie 2024<\/strong><\/p><p>Loca\u021bia: <strong>Bucure\u0219ti<\/strong> (loca\u021bia gazd\u0103 va fi comunicat\u0103 ulterior)<\/p><p>Interval orar:<strong> 09.30 &#8211; 18.00<\/strong> (agenda va fi trimis\u0103 c\u0103tre persoanele confirmate)<\/p><p>Pentru a participa, <strong>e nevoie de pre\u00eenscriere<\/strong> aici: <a href=\"https:\/\/forms.gle\/GPdfk6zaaPBVNRz87\">link<\/a><\/p><p>Termen limit\u0103 pentru pre\u00eenscriere: 2 februarie inclusiv<\/p><p>Confirmarea \u00eenscrierii pe mail: 7 februarie (cel t\u00e2rziu)<\/p><p><em>Se elibereaz\u0103 adeverin\u021b\u0103 pentru cadrele didactice care vor avea nevoie de aceasta pentru a se putea \u00eenvoi de la ore, c\u00e2t \u0219i pentru participare.<\/em><\/p><p>Lucr\u0103m \u00eempreun\u0103 pentru o Europ\u0103 incluziv\u0103.<\/p><p><a href=\"https:\/\/faradiscriminare.ro\/\">https:\/\/faradiscriminare.ro\/<\/a><\/p><p>***<\/p><p><strong>Despre Teach for Romania:\u00a0\u00a0<\/strong><\/p><p>Teach for Romania este o organiza\u021bie non-guvernamental\u0103, care de 10 ani recruteaz\u0103 \u0219i preg\u0103te\u0219te oameni valoro\u0219i s\u0103 devin\u0103 educatori, profesori \u0219i \u00eenv\u0103\u021b\u0103tori \u00een \u0219colile publice din Rom\u00e2nia, pornind de la cele mai dificile comunit\u0103\u021bi. La Teach for Romania credem c\u0103 fiecare copil din Rom\u00e2nia are dreptul \u0219i poate s\u0103 aib\u0103 parte de educa\u021bie de calitate, al\u0103turi de un profesor sau un \u00eenv\u0103\u021b\u0103tor care crede \u00een el.<\/p><p>\u00cen anul \u0219colar 2023-2024,\u00a0145\u00a0de cadre didactice fac parte din programul nostru \u0219i predau \u00een\u00a0126\u00a0\u0219coli, din 22 de jude\u021be. De asemenea, ne bucur\u0103m c\u0103, din comunitatea noastr\u0103 de 279 alumni, absolven\u021bi ai programului, jum\u0103tate au ales s\u0103 r\u0103m\u00e2n\u0103 la catedr\u0103 \u00een \u0219coli publice din Rom\u00e2nia, dezvolt\u00e2nd \u0219i inov\u00e2nd cultura organiza\u021bional\u0103 a acestora. \u00centreaga noastr\u0103 comunitate de profesori ajunge astfel la aproximativ 26 000 de copii.<\/p><p><strong>Despre Roma Education Fund:<\/strong><\/p><p>Roma Education Fund are peste un deceniu de experien\u021b\u0103 \u00een implementarea de programe educa\u021bionale \u00een unele dintre cele mai dezavantajate comunit\u0103\u021bi. Rezultatele majore ale funda\u021biei au fost ob\u021binute prin implementarea a peste 25 de proiecte finan\u021bate de Uniunea European\u0103 prin Fondul Social European, de Granturile Norvegiene, de funda\u021bii interna\u021bionale, agen\u021bii guvernamentale sau companii private. Toate aceste proiecte vizeaz\u0103 \u00eempreun\u0103 peste 26.000 de elevi \u0219i de adul\u021bi romi, c\u0103rora REF Rom\u00e2nia le-a oferit servicii complexe \u00een cadrul unor interven\u021bii multianuale.<\/p><p>Pentru REF Rom\u00e2nia, calitatea programelor educa\u021bionale oferite beneficiarilor Funda\u021biei este esen\u021bial\u0103, iar \u00eembun\u0103t\u0103\u021birea sistemului de educa\u021bie rom\u00e2nesc este o prioritate. \u00cen acest sens, Funda\u021bia a f\u0103cut parte din grupurile de lucru constituite \u00een cadrul proiectului ,,Rom\u00e2nia Educat\u0103\u201d, unul dintre acestea fiind chiar cel care a dezvoltat metodologia anti-segregare.<\/p><p>De asemenea, Funda\u021bia este membru activ \u00een \u201cCoali\u021bia pentru Educa\u021bie\u201d \u0219i Roma Sounding Board \u2013 World Bank.<\/p><p><strong>Parteneriatul Teach for Romania \u0219i Roma Education Fund<\/strong>\u00a0\u00een acest demers este recomandat de experien\u021ba \u00een comunit\u0103\u021bi rurale vulnerabile, multi-etnice, derularea de programe educa\u021bionale bazate pe valori, \u0219i de activit\u0103\u021bi nonformale \u0219i de comunitate, bazate pe nevoi reale ale beneficiarilor. Roma Education Fund aduce experien\u021b\u0103 relevant\u0103 \u0219i structurat\u0103 \u00een zona de politici publice educa\u021bionale \u0219i a fost implicat\u0103 \u0219i \u00een grupul na\u021bional de lucru pentru dezvoltarea metodologiei antisegregare. Proiectul continu\u0103 demersurile comune de asigurare a dreptului la educa\u021bie de calitate.<\/p>\t\t\t\t\t\t\t\t<\/div>\n\t\t\t\t<\/div>\n\t\t\t\t\t<\/div>\n\t\t\t\t<\/div>\n\t\t\t\t<\/div>\n\t\t","protected":false},"excerpt":{"rendered":"<p>Toate fiin\u0163ele umane se nasc libere \u015fi egale \u00een demnitate \u015fi \u00een drepturi.\u00a0Hai s\u0103 contribuim la o lume \u00een care aceasta este realitatea. Hai al\u0103turi de noi la eveniment pentru a vedea cum putem face acest lucru \u00eempreun\u0103. \u00a0 Bucure\u0219ti, ianuarie 2024 Teach for Romania \u00eempreun\u0103 cu Roma Education Fund au lansat apelul de \u00eenscriere [&hellip;]<\/p>\n","protected":false},"author":2,"featured_media":17045,"comment_status":"open","ping_status":"open","sticky":false,"template":"","format":"standard","meta":{"_acf_changed":false,"footnotes":""},"categories":[1548,1431,1433,1452,1455,1457],"tags":[1540,1315,1321,1593,1601,1317,1318],"class_list":["post-17044","post","type-post","status-publish","format-standard","has-post-thumbnail","hentry","category-blog","category-comunicat-de-presa","category-diversitate-pe-plus","category-proiect-acf","category-segregare-pe-minus","category-teach-for-romania","tag-acf","tag-active-citizens-fund","tag-comunicat-de-presa","tag-discriminare","tag-eveniment","tag-roma-education-fund","tag-segregare"],"acf":[],"_links":{"self":[{"href":"https:\/\/teachforromania.org\/en\/wp-json\/wp\/v2\/posts\/17044","targetHints":{"allow":["GET"]}}],"collection":[{"href":"https:\/\/teachforromania.org\/en\/wp-json\/wp\/v2\/posts"}],"about":[{"href":"https:\/\/teachforromania.org\/en\/wp-json\/wp\/v2\/types\/post"}],"author":[{"embeddable":true,"href":"https:\/\/teachforromania.org\/en\/wp-json\/wp\/v2\/users\/2"}],"replies":[{"embeddable":true,"href":"https:\/\/teachforromania.org\/en\/wp-json\/wp\/v2\/comments?post=17044"}],"version-history":[{"count":4,"href":"https:\/\/teachforromania.org\/en\/wp-json\/wp\/v2\/posts\/17044\/revisions"}],"predecessor-version":[{"id":17050,"href":"https:\/\/teachforromania.org\/en\/wp-json\/wp\/v2\/posts\/17044\/revisions\/17050"}],"wp:featuredmedia":[{"embeddable":true,"href":"https:\/\/teachforromania.org\/en\/wp-json\/wp\/v2\/media\/17045"}],"wp:attachment":[{"href":"https:\/\/teachforromania.org\/en\/wp-json\/wp\/v2\/media?parent=17044"}],"wp:term":[{"taxonomy":"category","embeddable":true,"href":"https:\/\/teachforromania.org\/en\/wp-json\/wp\/v2\/categories?post=17044"},{"taxonomy":"post_tag","embeddable":true,"href":"https:\/\/teachforromania.org\/en\/wp-json\/wp\/v2\/tags?post=17044"}],"curies":[{"name":"wp","href":"https:\/\/api.w.org\/{rel}","templated":true}]}}