{"id":16779,"date":"2023-10-23T10:13:12","date_gmt":"2023-10-23T10:13:12","guid":{"rendered":"https:\/\/teachforromania.org\/?p=16779"},"modified":"2023-10-23T10:13:12","modified_gmt":"2023-10-23T10:13:12","slug":"nominalizeaza-profesorul-anului-din-mediul-rural-la-gala-organizata-de-teach-for-romania","status":"publish","type":"post","link":"https:\/\/teachforromania.org\/en\/nominalizeaza-profesorul-anului-din-mediul-rural-la-gala-organizata-de-teach-for-romania\/","title":{"rendered":"Nominalizeaz\u0103 Profesorul Anului din mediul rural la Gala organizat\u0103 de Teach for Romania"},"content":{"rendered":"<p>Teach for Romania d\u0103 startul nominaliz\u0103rilor pentru a treia edi\u021bie a Galei Profesorul Anului din mediul rural 2024, \u0219i caut\u0103 profesorii care reu\u0219esc s\u0103 demonstreze c\u0103, oric\u00e2t de mari ar fi provoc\u0103rile, educa\u021bia de \u00eenalt\u0103 calitate este posibil\u0103 \u00een \u0219coala din mediul rural. Cea de-a treia edi\u021bie a evenimentului va pune din nou reflectoarele pe calitatea educa\u021biei din mediul rural, promov\u00e2nd acele cadre didactice care cred \u00een poten\u021bialul fiec\u0103rui copil, care se preg\u0103tesc \u0219i \u00ee\u0219i folosesc toat\u0103 creativitatea \u0219i resursele pentru a le oferi acestora \u0219ansa la un viitor mai bun prin educa\u021bie modern\u0103, de calitate, relevant\u0103.<\/p>\n<p><strong>Gala \u201eProfesorul Anului din mediul rural\u201d este singurul eveniment din Rom\u00e2nia care scoate la lumin\u0103 \u0219i celebreaz\u0103 eforturile \u0219i rezultatele oamenilor excep\u021bionali care lucreaz\u0103 \u00een \u00eenv\u0103\u021b\u0103m\u00e2ntul din mediul rural. <\/strong>Prin aceast\u0103 competi\u021bie ne dorim s\u0103 aducem un plus de vizibilitate profesorilor, \u00eenv\u0103\u021b\u0103torilor, educatorilor din mediul rural care cred \u00een poten\u021bialul fiec\u0103rui copil, care se preg\u0103tesc \u0219i \u00ee\u0219i folosesc toat\u0103 creativitatea \u0219i resursele pentru a le oferi acestora \u0219ansa la un viitor mai bun prin educa\u021bie modern\u0103, de calitate, relevant\u0103. Oameni care pot s\u0103 inspire \u0219i care schimb\u0103 fa\u021ba sistemului de educa\u021bie din Rom\u00e2nia.<\/p>\n<p>Edi\u021bia a 3-a a Galei Profesorului din Mediul Rural vine cu dou\u0103 categorii noi de nominalizare dedicate cadrelor didactice din \u00eenv\u0103\u021b\u0103m\u00e2ntul pre\u0219colar \u0219i, respectiv, cadrelor didactice debutante.<\/p>\n<p><strong>DE CE NE DORIM S\u0102 PREMIEM PROFESORII DIN MEDIUL RURAL?<\/strong><\/p>\n<p>\u00cen Rom\u00e2nia, 1 din 5 elevi din mediul rural abandoneaz\u0103 \u0219coala. Tot 1 din 5 elevi nu reu\u0219e\u0219te s\u0103 ia nota 5 la Evaluarea Na\u021bional\u0103, de dou\u0103 ori mai mul\u021bi dec\u00e2t \u00een mediul urban. Mai mult dec\u00e2t at\u00e2t, la \u00eenceputul anului \u0219colar trecut 5 din 10 copii din mediul rural au avut dificult\u0103\u021bi de scris \u0219i citit conform evalu\u0103rilor Teach for Romania.<\/p>\n<p>Cu toate acestea, exist\u0103 copii din mediul rural care reu\u0219esc s\u0103 sfideze aceste statistici, cu sprijinul unor profesori, \u00eenv\u0103\u021b\u0103tori \u0219i educatori profesioni\u0219ti. Aceste cadre didactice reu\u0219esc s\u0103 dep\u0103\u0219easc\u0103 provoc\u0103rile numeroasele care vin cu predatul \u00een mediul rural &#8211; naveta dificil\u0103 \u0219i zecile de ore pierdute pe drum \u00een fiecare s\u0103pt\u0103m\u00e2n\u0103, normele \u00eemp\u0103r\u021bite \u00eentre 3 sau chiar 4 \u0219coli mici, nevoile diferite, mai mari, ale elevilor lor care depind de ei pentru a g\u0103si determinarea de a da o \u0219ans\u0103 educa\u021biei. Ace\u0219ti profesori, \u00eenv\u0103\u021b\u0103tori, educatori demonstreaz\u0103 c\u0103 pot oferi educa\u021bia de calitate pe care orice copil o merit\u0103 \u0219i la sat, cu efort, motiva\u021bie puternic\u0103, profesionalism, preg\u0103tire adecvat\u0103 \u0219i respect pentru cariera provocatoare pe care \u0219i-au ales-o.\u00a0Ace\u0219ti profesioni\u0219ti merit\u0103 s\u0103 ias\u0103 din anonimat.<\/p>\n<p><img fetchpriority=\"high\" decoding=\"async\" class=\"aligncenter size-large wp-image-16787\" src=\"https:\/\/teachforromania.org\/wp-content\/uploads\/2023\/10\/Gala-Teach4Ro-5707-1024x642.jpg\" alt=\"\" width=\"800\" height=\"502\" srcset=\"https:\/\/teachforromania.org\/wp-content\/uploads\/2023\/10\/Gala-Teach4Ro-5707-1024x642.jpg 1024w, https:\/\/teachforromania.org\/wp-content\/uploads\/2023\/10\/Gala-Teach4Ro-5707-300x188.jpg 300w, https:\/\/teachforromania.org\/wp-content\/uploads\/2023\/10\/Gala-Teach4Ro-5707-768x481.jpg 768w, https:\/\/teachforromania.org\/wp-content\/uploads\/2023\/10\/Gala-Teach4Ro-5707-1536x963.jpg 1536w, https:\/\/teachforromania.org\/wp-content\/uploads\/2023\/10\/Gala-Teach4Ro-5707-2048x1284.jpg 2048w\" sizes=\"(max-width: 800px) 100vw, 800px\" \/><\/p>\n<p><strong>PREMIEM EXCELEN\u021aA \u0218I PROFESIONALISMUL \u00ceN EDUCA\u021aIA DIN MEDIUL RURAL<\/strong><\/p>\n<p>Vom acorda recuno\u0219tin\u021b\u0103, vizibilitate \u0219i premii profesorilor c\u00e2\u0219tig\u0103tori pornind de la nominaliz\u0103rile f\u0103cute de elevi, p\u0103rin\u021bi, alte cadre didactice, directori, inspectori \u0219colari, reprezentan\u021bi ai entit\u0103\u021bilor cu activitate \u00een domeniul educa\u021bional (ONG-uri, entit\u0103\u021bi media, institu\u021bii publice) \u0219i al\u021bi membri ai comunit\u0103\u021bii. Categoriile de nominalizare sunt:<\/p>\n<ul>\n<li>Educatori<\/li>\n<li>Profesori debutan\u021bi<\/li>\n<li>Dezvoltarea litera\u021biei (a abilit\u0103\u021bilor de citit-scris)<\/li>\n<li>Dezvoltarea abilit\u0103\u021bilor socio-emo\u021bionale<\/li>\n<li>Dezvoltarea leadership-ului la elevi<\/li>\n<li>Prevenirea abandonului \u0219colar<\/li>\n<li>Implicare \u00een comunitate<\/li>\n<\/ul>\n<p>Pentru fiecare categorie, un juriu format din 5 persoane va evalua fiecare candidatur\u0103 \u0219i va oferi un punctaj pe baza grilei de evaluare. Din juriu vor face parte: reprezentan\u021bi ai societ\u0103\u021bii civile, exper\u021bi \u00een educa\u021bie, reprezentan\u021bi ai sectorului business, elevi, parteneri institu\u021bionali, parteneri media, profesori sau alumni sus\u021binu\u021bi de Teach for Romania. Primele 3 candidaturi conform punctajului, din fiecare categorie, vor fi documentate \u00een teren pentru a verifica validitatea informa\u021biilor furnizate.<\/p>\n<p>Nominaliz\u0103rile <strong>pot fi f\u0103cute p\u00e2n\u0103 pe 10 decembrie, 23.59, pe site-ul: <\/strong><a href=\"https:\/\/teachforromania.org\/gala-2024\">https:\/\/teachforromania.org\/gala-2024<\/a> pentru proiectele derulate \u00een perioada septembrie 2022 \u2013 august 2023 \u0219i poate fi nominalizat orice cadru didactic (educator, \u00eenv\u0103\u021b\u0103tor, profesor, consilier \u0219colar). Pentru mai multe detalii despre categoriile de nominalizare, procesul de jurizare, premii, <a href=\"https:\/\/teachforromania.org\/wp-content\/uploads\/2023\/10\/Regulament-Gala_2024.docx.pdf\">aici<\/a> poate fi consultat regulamentul.<\/p>\n<p><strong>Anun\u021barea c\u00e2\u0219tig\u0103torilor va fi f\u0103cut\u0103 \u00een cadrul unui eveniment de premiere organizat \u00een data de 15 februarie.<\/strong><\/p>\n<p><strong>Descriere Teach for Romania:<\/strong><\/p>\n<p>Teach for Romania este o organiza\u021bie non-guvernamental\u0103, care de 10 ani recruteaz\u0103 \u0219i preg\u0103te\u0219te oameni valoro\u0219i s\u0103 devin\u0103 profesori \u0219i \u00eenv\u0103\u021b\u0103tori \u00een \u0219colile publice din Rom\u00e2nia, pornind de la cele mai dificile comunit\u0103\u021bi. La Teach for Romania, noi credem c\u0103 fiecare copil din Rom\u00e2nia are dreptul \u0219i poate s\u0103 aib\u0103 parte de o educa\u021bie de calitate, al\u0103turi de un profesor sau un \u00eenv\u0103\u021b\u0103tor care crede \u00een el.<\/p>\n<p>\u00cen anul \u0219colar 2023-2024, 146 de cadre didactice fac parte din programul nostru \u0219i predau \u00een 123 \u0219coli, din 22 de jude\u021be. De asemenea, ne bucur\u0103m c\u0103, din comunitatea noastr\u0103 de 279 alumni, absolven\u021bi ai programului, jum\u0103tate au ales s\u0103 r\u0103m\u00e2n\u0103 la catedr\u0103 \u00een \u0219coli publice din Rom\u00e2nia, dezvolt\u00e2nd \u0219i inov\u00e2nd cultura organiza\u021bional\u0103 a acestora. \u00centreaga noastr\u0103 comunitate de profesori ajunge astfel la peste 20 000 de copii.<\/p>\n","protected":false},"excerpt":{"rendered":"<p>Teach for Romania d\u0103 startul nominaliz\u0103rilor pentru a treia edi\u021bie a Galei Profesorul Anului din mediul rural 2024, \u0219i caut\u0103 profesorii care reu\u0219esc s\u0103 demonstreze c\u0103, oric\u00e2t de mari ar fi provoc\u0103rile, educa\u021bia de \u00eenalt\u0103 calitate este posibil\u0103 \u00een \u0219coala din mediul rural. Cea de-a treia edi\u021bie a evenimentului va pune din nou reflectoarele pe [&hellip;]<\/p>\n","protected":false},"author":2,"featured_media":16704,"comment_status":"open","ping_status":"open","sticky":false,"template":"","format":"standard","meta":{"_acf_changed":false,"footnotes":""},"categories":[1432,1436,13,1454],"tags":[],"class_list":["post-16779","post","type-post","status-publish","format-standard","has-post-thumbnail","hentry","category-despre-educatie","category-gala-profesorul-anului","category-impact-in-scoala","category-scoala-altfel"],"acf":[],"_links":{"self":[{"href":"https:\/\/teachforromania.org\/en\/wp-json\/wp\/v2\/posts\/16779","targetHints":{"allow":["GET"]}}],"collection":[{"href":"https:\/\/teachforromania.org\/en\/wp-json\/wp\/v2\/posts"}],"about":[{"href":"https:\/\/teachforromania.org\/en\/wp-json\/wp\/v2\/types\/post"}],"author":[{"embeddable":true,"href":"https:\/\/teachforromania.org\/en\/wp-json\/wp\/v2\/users\/2"}],"replies":[{"embeddable":true,"href":"https:\/\/teachforromania.org\/en\/wp-json\/wp\/v2\/comments?post=16779"}],"version-history":[{"count":1,"href":"https:\/\/teachforromania.org\/en\/wp-json\/wp\/v2\/posts\/16779\/revisions"}],"predecessor-version":[{"id":16789,"href":"https:\/\/teachforromania.org\/en\/wp-json\/wp\/v2\/posts\/16779\/revisions\/16789"}],"wp:featuredmedia":[{"embeddable":true,"href":"https:\/\/teachforromania.org\/en\/wp-json\/wp\/v2\/media\/16704"}],"wp:attachment":[{"href":"https:\/\/teachforromania.org\/en\/wp-json\/wp\/v2\/media?parent=16779"}],"wp:term":[{"taxonomy":"category","embeddable":true,"href":"https:\/\/teachforromania.org\/en\/wp-json\/wp\/v2\/categories?post=16779"},{"taxonomy":"post_tag","embeddable":true,"href":"https:\/\/teachforromania.org\/en\/wp-json\/wp\/v2\/tags?post=16779"}],"curies":[{"name":"wp","href":"https:\/\/api.w.org\/{rel}","templated":true}]}}