{"id":16604,"date":"2023-10-05T10:11:23","date_gmt":"2023-10-05T10:11:23","guid":{"rendered":"https:\/\/teachforromania.org\/?p=16604"},"modified":"2023-10-05T10:11:23","modified_gmt":"2023-10-05T10:11:23","slug":"comunicat-de-presa-in-ultimii-10-ani-90-000-de-copii-au-avut-acces-la-educatie-de-calitate-din-peste-400-de-scoli-vulnerabile-din-romania","status":"publish","type":"post","link":"https:\/\/teachforromania.org\/en\/comunicat-de-presa-in-ultimii-10-ani-90-000-de-copii-au-avut-acces-la-educatie-de-calitate-din-peste-400-de-scoli-vulnerabile-din-romania\/","title":{"rendered":"[Comunicat de pres\u0103] \u00cen ultimii 10 ani, 90 000 de copii au avut acces la educa\u021bie de calitate din peste 400 de \u0219coli vulnerabile din Rom\u00e2nia"},"content":{"rendered":"<p>Teach for Romania, organiza\u021bie non-profit care ofer\u0103 copiilor din medii vulnerabile acces ne\u00eengr\u0103dit la educa\u021bie de calitate a lansat raportul aniversar \u201e10 ani de impact \u00een via\u021ba copiilor\u201d \u0219i a adus \u00een prim plan rezultatele interven\u021biei \u00een \u0219colile aflate \u00een medii dezavantajate. Mai mult dec\u00e2t at\u00e2t, ast\u0103zi de Ziua Mondial\u0103 a Profesorului, organiza\u021bia a pornit un nou sezon de recrutare \u0219i caut\u0103 viitorii lideri \u00een educa\u021bie, oameni c\u0103rora le pas\u0103 at\u00e2t de mult de educa\u021bia copiilor din medii vulnerabile, \u00eenc\u00e2t aleg s\u0103 le fie aproape pentru cel pu\u021bin 2 ani, \u00een calitate de educatori, \u00eenv\u0103\u021b\u0103tori sau profesori inspiratori.<\/p>\n<p><strong>Ultimul an \u0219colar 2022-2023, Teach for Romania \u0219i-a concentrat interven\u021bia pe: <\/strong><\/p>\n<ul>\n<li style=\"text-align: center;\">Sus\u021binerea a peste 130 de cadre didactice Teach for Romania, care au predat \u00een 113 \u0219coli, din 21 de jude\u021be \u0219i care \u00eempreun\u0103 cu alumnii programului au ajuns la peste 20 000 de elevi din mediile vulnerabile.<\/li>\n<li style=\"text-align: center;\">Dublarea num\u0103rului de profesori sus\u021binu\u021bi \u00een jude\u021bele Moldovei, de la 32 la 64.<\/li>\n<li style=\"text-align: center;\">Lansarea unuia dintre cele mai ambi\u021bioase proiecte na\u021bionale \u00een zona de litera\u021bie \u00eempreun\u0103 cu Funda\u021bia Noi Orizonturi.<\/li>\n<li style=\"text-align: center;\">Dezvoltarea primului program na\u021bional de numera\u021bie care dezvolt\u0103 elevilor abilit\u0103\u021bi de aplicare a conceptelor matematice \u00een toate ariile vie\u021bii.<\/li>\n<li style=\"text-align: center;\">Derularea, pentru al doilea an, unui program de formare \u0219i mentorat dedicat profesorilor debutan\u021bi, \u00een colaborare cu Ministerul Educa\u021biei.<\/li>\n<li style=\"text-align: center;\">Lansarea \u0219i implementarea primului program postuniversitar de formare \u0219i dezvoltare construit de Facultatea de Psihologie \u0219i \u0218tiin\u021bele Educa\u021biei \u0219i Teach for Romania &#8211; \u201eLeadership educa\u021bional pentru transformare sustenabil\u0103\u201d.<\/li>\n<li style=\"text-align: center;\">Celebrarea eforturilor profesorilor extraordinari din mediul rural \u00een cadrul Galei Profesorul Anului din mediul rural, edi\u021bia a doua.<\/li>\n<li style=\"text-align: center;\">Contribuirea \u00een procesul de consultare legislativ\u0103 prin Alian\u021ba \u201eO voce pentru Educa\u021bie\u201d \u00een cadrul c\u0103reia \u0219i-a asuma rolul de lider pe grupul \u201eCarier\u0103 didactic\u0103\u201d \u0219i pe cel de contributor \u00een temele de incluziune, litera\u021bie, finan\u021bare.<\/li>\n<li style=\"text-align: center;\">Deschiderea rutei de interven\u021bie de schimbare cultur\u0103 \u0219colar\u0103 prin Proiectul Pilot \u0218coal\u0103 R\u0103de\u0219ti. Transformarea sustenabil\u0103 a unei \u00eentregi \u0219coli.<\/li>\n<li style=\"text-align: center;\">Implementarea mai multor proiecte care au avut drept scop dezvoltarea abilit\u0103\u021bilor socio-emo\u021bionale, ce au contribuit la cre\u0219terea prezen\u021bei copiilor la \u0219coal\u0103 \u0219i la dezvoltarea leadershipului la elevi.<\/li>\n<\/ul>\n<p><em>\u201e\u00cen ciuda eforturilor depuse p\u00e2n\u0103 acum, Rom\u00e2nia este \u00een continuare \u021bara cu cel mai inechitabil sistem educa\u021bional, potrivit Comisiei Europene. Cele mai performante sisteme de \u00eenv\u0103\u021b\u0103m\u00e2nt din lume indic\u0103 faptul c\u0103 echitatea \u00een educa\u021bie depinde, de fapt, de calitate sporit\u0103 a actului educa\u021bional \u2013 profesori special selecta\u021bi, antrena\u021bi \u0219i echipa\u021bi pentru a asigura progresul fiec\u0103rui copil.\u00a0 <\/em><\/p>\n<p><em>De 10 ani, test\u0103m aceast\u0103 ipotez\u0103 prin colectarea minu\u021bioas\u0103 a datelor \u00een toat\u0103 istoria noastr\u0103; consultarea a sute de profesori \u0219i zeci de exper\u021bi \u0219i folosirea instrumentelor specializate de m\u0103surare acolo unde conteaz\u0103. \u0218i putem spune cu \u00eencredere c\u0103 aceast\u0103 abordare func\u021bioneaz\u0103. Profesorii motiva\u021bi, bine antrena\u021bi, sus\u021binu\u021bi cu mentorat, resurse \u0219i o comunitate de practic\u0103 adecvat\u0103, pot produce educa\u021bie de calitate, indiferent de statutul socio-economic al copiilor. Pot sparge bariera\u201d, <\/em>Iulia Pielmu\u0219, Director Executiv Teach for Romania.<\/p>\n<p>Dac\u0103 la \u00eenceputul anului \u0219colar, 5 din 10 elevii evalua\u021bi nu \u00een\u021belegeau ce citeau sau \u00een\u021belegeau insuficient, la finalul anului \u0219colar 8 din 10 elevi pot s\u0103 \u00een\u021beleag\u0103 ceea ce citesc (vezi pagina 13 din Raport).<\/p>\n<p><img fetchpriority=\"high\" decoding=\"async\" class=\"aligncenter size-large wp-image-16605\" src=\"https:\/\/teachforromania.org\/wp-content\/uploads\/2023\/10\/grafic-literatie-1024x320.png\" alt=\"\" width=\"800\" height=\"250\" srcset=\"https:\/\/teachforromania.org\/wp-content\/uploads\/2023\/10\/grafic-literatie-1024x320.png 1024w, https:\/\/teachforromania.org\/wp-content\/uploads\/2023\/10\/grafic-literatie-300x94.png 300w, https:\/\/teachforromania.org\/wp-content\/uploads\/2023\/10\/grafic-literatie-768x240.png 768w, https:\/\/teachforromania.org\/wp-content\/uploads\/2023\/10\/grafic-literatie.png 1190w\" sizes=\"(max-width: 800px) 100vw, 800px\" \/><\/p>\n<p>\u00cen ceea ce prive\u0219te numera\u021bia, 8 din 10 elevi din ciclul primar au avut cre\u0219teri semnificative \u0219i \u0219tiu s\u0103 foloseasc\u0103 matematica \u00een via\u021ba de zi cu zi.<\/p>\n<p><img decoding=\"async\" class=\"aligncenter size-large wp-image-16607\" src=\"https:\/\/teachforromania.org\/wp-content\/uploads\/2023\/10\/grafic-numeratie-1024x706.png\" alt=\"\" width=\"800\" height=\"552\" srcset=\"https:\/\/teachforromania.org\/wp-content\/uploads\/2023\/10\/grafic-numeratie-1024x706.png 1024w, https:\/\/teachforromania.org\/wp-content\/uploads\/2023\/10\/grafic-numeratie-300x207.png 300w, https:\/\/teachforromania.org\/wp-content\/uploads\/2023\/10\/grafic-numeratie-768x529.png 768w, https:\/\/teachforromania.org\/wp-content\/uploads\/2023\/10\/grafic-numeratie.png 1029w\" sizes=\"(max-width: 800px) 100vw, 800px\" \/><\/p>\n<p>\u00cen urm\u0103torii 10 ani, Teach for Romania \u00ee\u0219i propune s\u0103 aib\u0103 recruteze \u0219i s\u0103 sus\u021bin\u0103 anual peste 1000 de educatori, \u00eenv\u0103\u021b\u0103tori, profesori \u0219i directori Teach for Romania \u00een \u0219colile din Rom\u00e2nia; s\u0103 ajung\u0103, prin programele sale, la 10% din profesorii Rom\u00e2niei care predau \u00een medii vulnerabile \u0219i s\u0103 genereze impact pentru 25% din copiii rom\u00e2ni afla\u021bi la risc socio-educa\u021bional ridicat; s\u0103 implementeze modelul Teach for Romania \u00een 40 de \u0219coli pilot, transform\u00e2ndu-le \u00een exemple de bun\u0103 practic\u0103, \u0219i s\u0103 m\u0103soare \u0219i documenteze riguros ac\u021biunile \u00eentr-un studiu longitudinal de impact.<\/p>\n<p><strong>Raportul Teach for Romania<\/strong> <strong>| 10 ani de impact \u00een via\u021ba copiilor poate fi desc\u0103rcat <\/strong>.<\/p>\n<p><strong>Video 10 ani<\/strong>: <a href=\"https:\/\/youtu.be\/u2eu3jZ3O3U\">https:\/\/youtu.be\/u2eu3jZ3O3U<\/a>.<\/p>\n<p><strong>Vrei s\u0103 faci o schimbare \u00een educa\u021bie, pornind de la catedr\u0103? Fie c\u0103 faci deja parte din sistem sau e\u0219ti preg\u0103tit s\u0103 intri acum \u00een \u00eenv\u0103\u021b\u0103m\u00e2nt, Teach for Romania este aici s\u0103 te sus\u021bin\u0103. <\/strong><a href=\"https:\/\/teachforromania.org\/inscrieri\/\"><strong>Afl\u0103 mai multe<\/strong><\/a><strong> \u0219i \u00eenscrie-te \u00een program! Hai \u00een Teach, fii parte din schimbare!<\/strong><\/p>\n<p><a href=\"http:\/\/www.teachforromania.org\/\"><em>Teach for Romania<\/em><\/a><em>\u00a0<\/em><em>\u00a0(<\/em><a href=\"http:\/\/www.teachforromania.org\"><em>www.teachforromania.org<\/em><\/a><em>) este o organiza\u021bie non-guvernamental\u0103, care de 10 ani recruteaz\u0103 \u0219i preg\u0103te\u0219te oameni valoro\u0219i s\u0103 devin\u0103 profesori \u0219i \u00eenv\u0103\u021b\u0103tori \u00een \u0219colile publice din Rom\u00e2nia, pornind de la cele mai dificile comunit\u0103\u021bi. La Teach for Romania, noi credem c\u0103 fiecare copil din Rom\u00e2nia are dreptul \u0219i poate s\u0103 aib\u0103 parte de o educa\u021bie de calitate, al\u0103turi de un profesor sau un \u00eenv\u0103\u021b\u0103tor care crede \u00een el.<\/em><\/p>\n<p><iframe title=\"Teach for Romania | 10 ani de impact \u00een via\u021ba copiilor\" width=\"800\" height=\"450\" src=\"https:\/\/www.youtube.com\/embed\/u2eu3jZ3O3U?feature=oembed\" frameborder=\"0\" allow=\"accelerometer; autoplay; clipboard-write; encrypted-media; gyroscope; picture-in-picture; web-share\" allowfullscreen><\/iframe><\/p>\n","protected":false},"excerpt":{"rendered":"<p>Teach for Romania, organiza\u021bie non-profit care ofer\u0103 copiilor din medii vulnerabile acces ne\u00eengr\u0103dit la educa\u021bie de calitate a lansat raportul aniversar \u201e10 ani de impact \u00een via\u021ba copiilor\u201d \u0219i a adus \u00een prim plan rezultatele interven\u021biei \u00een \u0219colile aflate \u00een medii dezavantajate. Mai mult dec\u00e2t at\u00e2t, ast\u0103zi de Ziua Mondial\u0103 a Profesorului, organiza\u021bia a pornit [&hellip;]<\/p>\n","protected":false},"author":2,"featured_media":16609,"comment_status":"open","ping_status":"open","sticky":false,"template":"","format":"standard","meta":{"_acf_changed":false,"footnotes":""},"categories":[1431,1432,1454],"tags":[1591,1387,1198,1592,982],"class_list":["post-16604","post","type-post","status-publish","format-standard","has-post-thumbnail","hentry","category-comunicat-de-presa","category-despre-educatie","category-scoala-altfel","tag-10-ani-teach-for-romania","tag-comunicat-presa","tag-iulia-pielmus","tag-raport-anual","tag-teach-for-romania"],"acf":[],"_links":{"self":[{"href":"https:\/\/teachforromania.org\/en\/wp-json\/wp\/v2\/posts\/16604","targetHints":{"allow":["GET"]}}],"collection":[{"href":"https:\/\/teachforromania.org\/en\/wp-json\/wp\/v2\/posts"}],"about":[{"href":"https:\/\/teachforromania.org\/en\/wp-json\/wp\/v2\/types\/post"}],"author":[{"embeddable":true,"href":"https:\/\/teachforromania.org\/en\/wp-json\/wp\/v2\/users\/2"}],"replies":[{"embeddable":true,"href":"https:\/\/teachforromania.org\/en\/wp-json\/wp\/v2\/comments?post=16604"}],"version-history":[{"count":4,"href":"https:\/\/teachforromania.org\/en\/wp-json\/wp\/v2\/posts\/16604\/revisions"}],"predecessor-version":[{"id":16614,"href":"https:\/\/teachforromania.org\/en\/wp-json\/wp\/v2\/posts\/16604\/revisions\/16614"}],"wp:featuredmedia":[{"embeddable":true,"href":"https:\/\/teachforromania.org\/en\/wp-json\/wp\/v2\/media\/16609"}],"wp:attachment":[{"href":"https:\/\/teachforromania.org\/en\/wp-json\/wp\/v2\/media?parent=16604"}],"wp:term":[{"taxonomy":"category","embeddable":true,"href":"https:\/\/teachforromania.org\/en\/wp-json\/wp\/v2\/categories?post=16604"},{"taxonomy":"post_tag","embeddable":true,"href":"https:\/\/teachforromania.org\/en\/wp-json\/wp\/v2\/tags?post=16604"}],"curies":[{"name":"wp","href":"https:\/\/api.w.org\/{rel}","templated":true}]}}