{"id":16143,"date":"2023-09-11T11:27:32","date_gmt":"2023-09-11T11:27:32","guid":{"rendered":"https:\/\/teachforromania.org\/?p=16143"},"modified":"2023-09-11T11:47:11","modified_gmt":"2023-09-11T11:47:11","slug":"in-ce-context-pot-pune-in-valoare-cine-sunt-ca-om-pentru-a-avea-impact-in-lume-alexandru-rosu-manager-de-profesori-teach-for-romania","status":"publish","type":"post","link":"https:\/\/teachforromania.org\/en\/in-ce-context-pot-pune-in-valoare-cine-sunt-ca-om-pentru-a-avea-impact-in-lume-alexandru-rosu-manager-de-profesori-teach-for-romania\/","title":{"rendered":"\u201e\u00cen ce context pot pune \u00een valoare cine sunt ca om, pentru a avea impact \u00een lume?\u201d. Alexandru Ro\u0219u, manager de profesori Teach for Romania."},"content":{"rendered":"\t\t<div data-elementor-type=\"wp-post\" data-elementor-id=\"16143\" class=\"elementor elementor-16143\" data-elementor-post-type=\"post\">\n\t\t\t\t\t\t<section class=\"elementor-section elementor-top-section elementor-element elementor-element-68c24885 elementor-section-boxed elementor-section-height-default elementor-section-height-default\" data-id=\"68c24885\" data-element_type=\"section\">\n\t\t\t\t\t\t<div class=\"elementor-container elementor-column-gap-default\">\n\t\t\t\t\t<div class=\"elementor-column elementor-col-100 elementor-top-column elementor-element elementor-element-26cfea2f\" data-id=\"26cfea2f\" data-element_type=\"column\">\n\t\t\t<div class=\"elementor-widget-wrap elementor-element-populated\">\n\t\t\t\t\t\t<div class=\"elementor-element elementor-element-1216d39f elementor-widget elementor-widget-text-editor\" data-id=\"1216d39f\" data-element_type=\"widget\" data-widget_type=\"text-editor.default\">\n\t\t\t\t<div class=\"elementor-widget-container\">\n\t\t\t\t\t\t\t\t\t<p>Managerul de profesori poate oferi \u00eendrum\u0103ri \u0219i sprijin individualizate \u0219i adaptate nevoilor, stilului de \u00eenv\u0103\u021bare \u0219i obiectivelor. El ofer\u0103 profesorilor \u00eenv\u0103\u021bare mai eficient\u0103, de impact, cre\u0219te \u00eencrederea \u0219i stima de sine a cadrului didactic. Mai presus de orice, managerul de profesori ofer\u0103 feedback constructiv profesorilor \u0219i \u00eencurajeaz\u0103 \u00a0fiecare demers al acestora, pentru a \u00eei motiva \u0219i a \u00eei determina s\u0103 fie autonomi \u00een implementare \u0219i a crea impact sustenabil \u00een \u0219coal\u0103 sau comunitate.<\/p><p>Dup\u0103 cei 2 ani de program, timp \u00een care \u00een\u021beleg realitatea educa\u021biei, profesorii Teach for Romania devin alumni \u0219i au posibilitatea de a impacta sistemul educational din diverse roluri strategice. Alexandru Ro\u0219u, alumn Teach, a ales s\u0103 fie \u00een continuare al\u0103turi de organiza\u021bie \u0219i s\u0103 \u00ee\u0219i asume rolul de manager de profesori.<\/p><p>\u00a0<\/p><p><strong>C<\/strong><strong>are a fost motiva\u021bia alegerii c\u00e2nd ai aplicat pentru rolul de manager de profesori?<\/strong><\/p><blockquote><p><em>Alegerea de a veni \u00een echipa de suport Teach \u0219i a fost natural\u0103, \u00een urm\u0103 reflec\u021biei asupra unei \u00eentreb\u0103ri \u2013 busola care m-a determinat s\u0103 \u0219i aplic pentru a intra \u00een program : <\/em>\u201e<em>\u00een ce context pot pune \u00een valoare cine sunt ca om, pentru a avea impact \u00een lume?\u201d. <\/em><\/p><\/blockquote><p><em>\u00cen urm\u0103 cu 5 ani am realizat c\u0103 vreau s\u0103 contribui ca, la un moment dat, fiecare persoan\u0103 s\u0103 beneficieze de educa\u021bie real\u0103 \u2013 condi\u021bie esen\u021bial\u0103 pentru explorarea poten\u021bialului uman. Ulerior, pe m\u0103sur\u0103 ce am \u00een\u021beles c\u00e2t de complex este procesul educa\u021bional, am devenit con\u0219tient \u0219i de varietatea de roluri necesare, a\u0219a c\u0103 mi-am propus s\u0103 \u00eemi g\u0103sesc locul. Am descoperit c\u0103 m\u0103 fascineaz\u0103 \u0219i provoac\u0103 procesul de planificare, g\u0103sirea de solu\u021bii sau descoperirea unor noi perspective. Mai mult, \u0219tiam c\u0103 Teach este, printre altele, o comunitate pasionat\u0103 de \u00eenv\u0103\u021bare, cu oameni care m\u0103 inspir\u0103.<\/em><\/p><p><strong>Ce reprezint\u0103 rolul de manager de profesori \u0219i ce atribu\u021bii aduce?<\/strong><\/p><p><em>Managerul de profesori are misiunea de a sus\u021bine profesorii \u00een procesul lor de integrare a elementelor ce constituie sistemul pe care \u00eel propune Teach, conform nevoilor, \u0219i de valorificare a punctelor forte. \u00cempreun\u0103\u00a0 creeaz\u0103 un plan de dezvoltare personalizat, ancorat \u00een viziunea profesorului fa\u021b\u0103 de propriul parcurs profesional. Ulterior, managerul evalueaz\u0103 progresul, ofer\u0103 feedback \u0219i procesul este reiterat. Sus\u021binerea se concretizeaz\u0103 \u00eenc\u0103 din partea de planificare, apoi prin \u00eent\u00e2lniri s\u0103pt\u0103m\u00e2nale \u0219i vizite recurente la clas<\/em><em>\u0103, urmate de sesiuni de debrief. Pentru a-\u0219i \u00eendeplini rolul, managerul de profesori e nevoie s\u0103 cunoasc\u0103 \u00een profunzime elementele programului \u0219i interac\u021biunea dintre ele \u0219i s\u0103 aib\u0103 disponibilitatea \u0219i abilitatea de a con\u021bine emo\u021bional participan\u021bii pe m\u0103sur\u0103 ce profesorul se confrunt\u0103 cu provoc\u0103ri.<\/em><\/p><p><strong>De ce este important c\u0103 profesorii, indiferent de experien\u021ba din sistemul de \u00eenv\u0103\u021b\u0103m\u00e2nt, s\u0103 aib\u0103 un manager de profesori \u00een cei 2 ani de program Teach for Romania?<\/strong><\/p><p><em>C\u00e2nd rela\u021bia manager \u2013 profesor se consolideaz\u0103, profesorul are al\u0103turi un partener de \u00eencredere pe care \u00eel investe\u0219te cu responsabilitatea de a oferi o perspectiva sincer\u0103 \u0219i empatic\u0103 asupra parcursului convenit \u00een planul de dezvoltare. Mai mult, \u00een cadrul programului se testeaz\u0103 \u0219i valideaz\u0103 puterea comunit\u0103\u021bii, prin \u00eent\u00e2lniri \u00een care profesori cu valori \u0219i provoc\u0103ri asem\u0103n\u0103toare discut\u0103 \u0219i se sus\u021bin \u00een a g\u0103\u0219i solu\u021bii potrivite contextului \u00een care se afl\u0103.<\/em><\/p><p><strong>Ai recomanda programul Teach for Romania? De ce?<\/strong><\/p><p><em>Da. Teach for Romania propune o abordare coerent\u0103, holistic\u0103 asupra procesului de \u00eenv\u0103\u021bare, oferind solutii concrete pentru reforma educa\u021bional\u0103; onoreaz\u0103 puterea comunit\u0103\u021bii \u0219i importan\u021ba unei ierarhii bazate pe competen\u021be. Ca profesor \u00een program descoperi o comunitate plin\u0103 de sus\u021binere \u0219i resurse, form\u0103ri, oportunit\u0103\u021bi de cre\u0219tere \u2013 toate cu poten\u021bial de a crea o experien\u021b\u0103 transforma\u021bional\u0103.<\/em><\/p><p><img fetchpriority=\"high\" decoding=\"async\" class=\"wp-image-16146 aligncenter\" src=\"https:\/\/teachforromania.org\/wp-content\/uploads\/2023\/09\/Alex-Rosu-1024x683.jpg\" alt=\"\" width=\"526\" height=\"351\" \/><\/p>\t\t\t\t\t\t\t\t<\/div>\n\t\t\t\t<\/div>\n\t\t\t\t\t<\/div>\n\t\t<\/div>\n\t\t\t\t\t<\/div>\n\t\t<\/section>\n\t\t\t\t<\/div>\n\t\t","protected":false},"excerpt":{"rendered":"<p>Managerul de profesori poate oferi \u00eendrum\u0103ri \u0219i sprijin individualizate \u0219i adaptate nevoilor, stilului de \u00eenv\u0103\u021bare \u0219i obiectivelor. El ofer\u0103 profesorilor \u00eenv\u0103\u021bare mai eficient\u0103, de impact, cre\u0219te \u00eencrederea \u0219i stima de sine a cadrului didactic. Mai presus de orice, managerul de profesori ofer\u0103 feedback constructiv profesorilor \u0219i \u00eencurajeaz\u0103 \u00a0fiecare demers al acestora, pentru a \u00eei motiva [&hellip;]<\/p>\n","protected":false},"author":2,"featured_media":16144,"comment_status":"open","ping_status":"open","sticky":false,"template":"","format":"standard","meta":{"_acf_changed":false,"footnotes":""},"categories":[1429,1548,1432,14,1448,1449,18,1457,1],"tags":[],"class_list":["post-16143","post","type-post","status-publish","format-standard","has-post-thumbnail","hentry","category-alumni-teach-for-romania-2","category-blog","category-despre-educatie","category-formarea-profesorilor","category-povesti-teach-for-romania","category-povesti-transformationale","category-profesori-si-alumni","category-teach-for-romania","category-uncategorized-ro"],"acf":[],"_links":{"self":[{"href":"https:\/\/teachforromania.org\/en\/wp-json\/wp\/v2\/posts\/16143","targetHints":{"allow":["GET"]}}],"collection":[{"href":"https:\/\/teachforromania.org\/en\/wp-json\/wp\/v2\/posts"}],"about":[{"href":"https:\/\/teachforromania.org\/en\/wp-json\/wp\/v2\/types\/post"}],"author":[{"embeddable":true,"href":"https:\/\/teachforromania.org\/en\/wp-json\/wp\/v2\/users\/2"}],"replies":[{"embeddable":true,"href":"https:\/\/teachforromania.org\/en\/wp-json\/wp\/v2\/comments?post=16143"}],"version-history":[{"count":5,"href":"https:\/\/teachforromania.org\/en\/wp-json\/wp\/v2\/posts\/16143\/revisions"}],"predecessor-version":[{"id":16152,"href":"https:\/\/teachforromania.org\/en\/wp-json\/wp\/v2\/posts\/16143\/revisions\/16152"}],"wp:featuredmedia":[{"embeddable":true,"href":"https:\/\/teachforromania.org\/en\/wp-json\/wp\/v2\/media\/16144"}],"wp:attachment":[{"href":"https:\/\/teachforromania.org\/en\/wp-json\/wp\/v2\/media?parent=16143"}],"wp:term":[{"taxonomy":"category","embeddable":true,"href":"https:\/\/teachforromania.org\/en\/wp-json\/wp\/v2\/categories?post=16143"},{"taxonomy":"post_tag","embeddable":true,"href":"https:\/\/teachforromania.org\/en\/wp-json\/wp\/v2\/tags?post=16143"}],"curies":[{"name":"wp","href":"https:\/\/api.w.org\/{rel}","templated":true}]}}