{"id":15957,"date":"2023-08-03T13:58:20","date_gmt":"2023-08-03T13:58:20","guid":{"rendered":"https:\/\/teachforromania.org\/?p=15957"},"modified":"2023-08-03T13:58:20","modified_gmt":"2023-08-03T13:58:20","slug":"comunicat-presa-peste-530-de-copii-participa-la-scoala-de-vara-organizata-de-teach-for-romania","status":"publish","type":"post","link":"https:\/\/teachforromania.org\/en\/comunicat-presa-peste-530-de-copii-participa-la-scoala-de-vara-organizata-de-teach-for-romania\/","title":{"rendered":"[Comunicat presa] Peste 530 de copii particip\u0103 la \u0219coala de var\u0103 organizat\u0103 de Teach for Romania"},"content":{"rendered":"<p>\u00cen perioada 24 iulie \u2013 6 august 2023, Teach for Romania organizeaz\u0103 Academia Copiilor \u2013 o \u0219coal\u0103 de var\u0103 dedicat\u0103 elevilor din 7 structuri din comuna Ude\u0219ti, jude\u021bul Suceava, \u00een care exerseaz\u0103 \u00eempreun\u0103 bucuria de a descoperi lucruri valoroase despre ei \u0219i despre lumea \u00een care tr\u0103iesc.<\/p>\n<p>Aceasta reprezint\u0103 partea de practic\u0103 pedagogic\u0103, component\u0103 a Academiei de Leadership \u0219i Formare \u00een Educa\u021bie \u2013 singurul program aplicat de formare accelerat\u0103 pentru profesorii care predau \u00een comunit\u0103\u021bi vulnerabile, care \u00eei preg\u0103te\u0219te pentru a genera o schimbare sustenabil\u0103 at\u00e2t \u00een sala de clas\u0103, c\u00e2t \u0219i dincolo de aceasta. \u00cenainte de \u00eent\u00e2lnirea propriu-zis\u0103 cu elevii, pe 17 iulie, a avut loc o zi de imersiune cultural\u0103 \u00een comunit\u0103\u021bile Ude\u0219ti \u0219i Chili\u0219eni din jude\u021bul Suceava, pentru a cunoa\u0219te mai bine realitatea copiilor.<\/p>\n<p>Credem cu t\u0103rie c\u0103 rolul profesorului nu este acela de a transmite cuno\u0219tin\u021be dintr-un anumit domeniu, ci de a dezvolta oameni, de a construi viitorul nostru comun acum, \u00een s\u0103lile noastre de clas\u0103 \u0219i \u00een afara lor. Iar pentru a reu\u0219i asta, el are nevoie de o \u00een\u021belegere profund\u0103, plin\u0103 de empatie, dincolo de presupuneri \u0219i dincolo de judecat\u0103, a mediului \u00een care copilul tr\u0103ie\u0219te \u0219i se dezvolt\u0103, a nevoilor lui reale \u0219i a felului \u00een care adul\u021bii semnificativi din via\u021ba lui sunt preg\u0103ti\u021bi s\u0103-l sus\u021bin\u0103.<\/p>\n<p><em>\u201eCum putem transforma fiecare institu\u021bie pe care o reprezent\u0103m &#8211; familie, biseric\u0103, organiza\u021bii publice \u0219i private &#8211; \u00eentr-un pilon de sus\u021binere pentru elevi? Cum \u00eei putem asigura, noi, cei implica\u021bi \u00een sistemul educa\u021bional, c\u0103 sunt aprecia\u021bi \u0219i \u00eendruma\u021bi, nu doar \u00eenv\u0103\u021ba\u021bi? S\u0103 le \u00eenl\u0103tur\u0103m frica de a p\u0103\u0219i \u00eentr-o clas\u0103, s\u0103 ne asigur\u0103m c\u0103 experimenteaz\u0103 starea de bine, chiar dac\u0103 nu z\u00e2mbesc \u00eentotdeauna. Dac\u0103 reu\u0219im s\u0103 cre\u0103m un mediu confortabil pentru ei, le vom putea \u00eembog\u0103\u021bi cuno\u0219tin\u021bele, abilit\u0103\u021bile, atitudinile, treptat. \u00centr-o \u0219coal\u0103 incluziv\u0103, toate acestea se vor a\u0219eza armonios. S\u0103 descoperim \u00eempreun\u0103 cum s\u0103 realiz\u0103m acest ideal pentru copiii no\u0219tri, pentru copiii \u021b\u0103rii\u201d, Marian Daragiu, Subsecretar de stat, Ministerul Educa\u021biei.<\/em><\/p>\n<p><img fetchpriority=\"high\" decoding=\"async\" class=\"aligncenter size-large wp-image-15960\" src=\"https:\/\/teachforromania.org\/wp-content\/uploads\/2023\/08\/Teach-for-Romania_Academie-2023_2-1024x683.jpg\" alt=\"\" width=\"800\" height=\"534\" srcset=\"https:\/\/teachforromania.org\/wp-content\/uploads\/2023\/08\/Teach-for-Romania_Academie-2023_2-1024x683.jpg 1024w, https:\/\/teachforromania.org\/wp-content\/uploads\/2023\/08\/Teach-for-Romania_Academie-2023_2-300x200.jpg 300w, https:\/\/teachforromania.org\/wp-content\/uploads\/2023\/08\/Teach-for-Romania_Academie-2023_2-768x512.jpg 768w, https:\/\/teachforromania.org\/wp-content\/uploads\/2023\/08\/Teach-for-Romania_Academie-2023_2-1536x1024.jpg 1536w, https:\/\/teachforromania.org\/wp-content\/uploads\/2023\/08\/Teach-for-Romania_Academie-2023_2-2048x1365.jpg 2048w\" sizes=\"(max-width: 800px) 100vw, 800px\" \/><\/p>\n<p><strong>24 iulie \u2013 6 august, Academia Copiilor sau practica pedagogic\u0103 <\/strong><\/p>\n<p>Formarea ini\u021bial\u0103 se des\u0103v\u00e2r\u0219e\u0219te \u00een 10 zile de practic\u0103 pedagogic\u0103 supervizat\u0103 \u00een 7 structuri din comuna Ude\u0219ti &#8211; \u0218tirb\u0103\u021b, Poieni, Chili\u0219eni, Pl\u0103v\u0103lari, Luncu\u0219oara, Reuseni \u0219i Ude\u0219ti, unde particip\u0103 peste 530 de elevi.<\/p>\n<p>\u00cen aceste zile, profesorii Teach for Romania intr\u0103 \u00een clase \u0219i sus\u021bin, pentru prima dat\u0103 din postura de cadru didactic, ore \u0219colare conform planurilor de lec\u021bie construite de ei. Zilnic, se exerseaz\u0103 \u0219i capacitatea de a gestiona \u00eenv\u0103\u021barea, participan\u021bii fiind pu\u0219i \u00een situa\u021bia de a observa elevii, de a \u021bine o lec\u021bie, de a analiza \u00eempreun\u0103 cu mentorul lor comportamentul elevilor \u0219i eficien\u021ba solu\u021biilor metodice folosite, de a planifica \u0219i de a se consulta cu \u201ecolegii de cancelarie\u201d.<\/p>\n<p>Pentru elevi, putem vorbi despre <strong>Academia Copiilor,<\/strong> o experien\u021b\u0103 de \u00eenv\u0103\u021bare care are \u00een centru peste 530 de copii, care exploreaz\u0103 realitatea cu ajutorul \u0219tiin\u021bei\u200b\u200b, lucreaz\u0103\u00a0colaborativ\u200b, iau decizii\u200b \u0219i folosesc resurse digitale\u200b. Copiii sunt asculta\u021bi \u0219i v\u0103zu\u021bi, valoriza\u021bi \u0219i \u00eemputernici\u021bi.<\/p>\n<p><em>\u201eNe preg\u0103tim constant ca \u00een cadrul Academiei s\u0103 organiz\u0103m \u0219i s\u0103 sus\u021binem experien\u021be de \u00eenv\u0103\u021bare c\u00e2t mai practice \u0219i 100% aplicabile pentru profesori dedica\u021bi, care vor s\u0103 genereze \u00eenv\u0103\u021bare relevant\u0103 pentru clasele lor. Con\u021binutul creat de Teach for Romania este actual, de calitate \u0219i imediat aplicabil la clas\u0103 sau \u00een cancelarie. <\/em><\/p>\n<p><em>Misiunea pe care ne-o asum\u0103m \u00eempreun\u0103 cu participan\u021bii \u00een program este aceea de a ac\u021biona strategic, la nivelul \u00eentregului eco-sistem al copilului. Toat\u0103 aceast\u0103 experien\u021b\u0103 are loc \u0219i datorit\u0103 parteneriatului strategic cu \u0218coala Gimnazial\u0103 din Ude\u0219ti \u0219i Universitatea \u201e\u0218tefan cel Mare\u201d din Suceava, acolo unde ne-am mutat mai devreme cu o s\u0103pt\u0103m\u00e2n\u0103 de Academia Copiilor pentru laboratorul metodic\u201d,<\/em> Iulia Piemu\u0219, Director Executiv, Teach for Romania.<\/p>\n<p>Academia este doar \u00eenceputul unui proces \u00een care profesorul Teach for Romania este sus\u021binut, consiliat, mentorat, sprijinit cu resurse, de-a lungul a doi ani de activitate \u00een medii vulnerabile, pentru a ne asigura de impactul s\u0103u \u00een comunitate \u0219i \u00een formarea unor genera\u021bii de elevi bine preg\u0103ti\u021bi, cu \u00eencredere \u00een poten\u021bialul lor, indiferent de mediul din care vin.<\/p>\n<p><strong>Academia de Leadership \u0219i Formare \u00een Educa\u021bie este posibil\u0103 mul\u021bumit\u0103 partenerilor UiPath Foundation, UniCredit Bank, PEPCO Rom\u00e2nia, Lidl Rom\u00e2nia, Re\u021beaua de s\u0103n\u0103tate Regina Maria, Funda\u021bia Orange, Teach for All, Facultatea de Psihologie \u0219i \u0218tiin\u021bele Educa\u021biei &#8211; Universitatea din Bucure\u0219ti \u0219i Universitatea \u201e\u0218tefan cel Mare\u201d din Suceava, \u0218coala Gimnazial\u0103 \u201eAcad. Haralambie Mih\u0103escu\u201d Ude\u0219ti, jude\u021bul Suceava.\u00a0 <\/strong><\/p>\n<p><strong>Mai multe detalii despre Academie se reg\u0103sesc pe <\/strong><a href=\"http:\/\/www.teachforromania.org\"><strong>www.teachforromania.org<\/strong><\/a><strong>.<\/strong><\/p>\n<p><img decoding=\"async\" class=\"aligncenter size-large wp-image-15962\" src=\"https:\/\/teachforromania.org\/wp-content\/uploads\/2023\/08\/Teach-for-Romania_Academie-2023_3-1024x683.jpg\" alt=\"\" width=\"800\" height=\"534\" srcset=\"https:\/\/teachforromania.org\/wp-content\/uploads\/2023\/08\/Teach-for-Romania_Academie-2023_3-1024x683.jpg 1024w, https:\/\/teachforromania.org\/wp-content\/uploads\/2023\/08\/Teach-for-Romania_Academie-2023_3-300x200.jpg 300w, https:\/\/teachforromania.org\/wp-content\/uploads\/2023\/08\/Teach-for-Romania_Academie-2023_3-768x512.jpg 768w, https:\/\/teachforromania.org\/wp-content\/uploads\/2023\/08\/Teach-for-Romania_Academie-2023_3-1536x1024.jpg 1536w, https:\/\/teachforromania.org\/wp-content\/uploads\/2023\/08\/Teach-for-Romania_Academie-2023_3-2048x1365.jpg 2048w\" sizes=\"(max-width: 800px) 100vw, 800px\" \/><\/p>\n","protected":false},"excerpt":{"rendered":"<p>\u00cen perioada 24 iulie \u2013 6 august 2023, Teach for Romania organizeaz\u0103 Academia Copiilor \u2013 o \u0219coal\u0103 de var\u0103 dedicat\u0103 elevilor din 7 structuri din comuna Ude\u0219ti, jude\u021bul Suceava, \u00een care exerseaz\u0103 \u00eempreun\u0103 bucuria de a descoperi lucruri valoroase despre ei \u0219i despre lumea \u00een care tr\u0103iesc. Aceasta reprezint\u0103 partea de practic\u0103 pedagogic\u0103, component\u0103 a [&hellip;]<\/p>\n","protected":false},"author":2,"featured_media":15958,"comment_status":"open","ping_status":"open","sticky":false,"template":"","format":"standard","meta":{"_acf_changed":false,"footnotes":""},"categories":[1],"tags":[],"class_list":["post-15957","post","type-post","status-publish","format-standard","has-post-thumbnail","hentry","category-uncategorized-ro"],"acf":[],"_links":{"self":[{"href":"https:\/\/teachforromania.org\/en\/wp-json\/wp\/v2\/posts\/15957","targetHints":{"allow":["GET"]}}],"collection":[{"href":"https:\/\/teachforromania.org\/en\/wp-json\/wp\/v2\/posts"}],"about":[{"href":"https:\/\/teachforromania.org\/en\/wp-json\/wp\/v2\/types\/post"}],"author":[{"embeddable":true,"href":"https:\/\/teachforromania.org\/en\/wp-json\/wp\/v2\/users\/2"}],"replies":[{"embeddable":true,"href":"https:\/\/teachforromania.org\/en\/wp-json\/wp\/v2\/comments?post=15957"}],"version-history":[{"count":1,"href":"https:\/\/teachforromania.org\/en\/wp-json\/wp\/v2\/posts\/15957\/revisions"}],"predecessor-version":[{"id":15964,"href":"https:\/\/teachforromania.org\/en\/wp-json\/wp\/v2\/posts\/15957\/revisions\/15964"}],"wp:featuredmedia":[{"embeddable":true,"href":"https:\/\/teachforromania.org\/en\/wp-json\/wp\/v2\/media\/15958"}],"wp:attachment":[{"href":"https:\/\/teachforromania.org\/en\/wp-json\/wp\/v2\/media?parent=15957"}],"wp:term":[{"taxonomy":"category","embeddable":true,"href":"https:\/\/teachforromania.org\/en\/wp-json\/wp\/v2\/categories?post=15957"},{"taxonomy":"post_tag","embeddable":true,"href":"https:\/\/teachforromania.org\/en\/wp-json\/wp\/v2\/tags?post=15957"}],"curies":[{"name":"wp","href":"https:\/\/api.w.org\/{rel}","templated":true}]}}