{"id":15225,"date":"2023-03-29T11:32:55","date_gmt":"2023-03-29T11:32:55","guid":{"rendered":"https:\/\/teachforromania.org\/?p=15225"},"modified":"2023-03-29T11:32:55","modified_gmt":"2023-03-29T11:32:55","slug":"ionelia-enache-consider-o-victorie-faptul-ca-toti-elevii-stiu-sa-citeasca-iar-in-acest-sens-m-a-ajutat-foarte-mult-ceea-ce-am-invatat-despre-literatie-in-cadrul-programului","status":"publish","type":"post","link":"https:\/\/teachforromania.org\/en\/ionelia-enache-consider-o-victorie-faptul-ca-toti-elevii-stiu-sa-citeasca-iar-in-acest-sens-m-a-ajutat-foarte-mult-ceea-ce-am-invatat-despre-literatie-in-cadrul-programului\/","title":{"rendered":"Ionelia Enache: \u201eConsider o victorie faptul c\u0103 to\u021bi elevii \u0219tiu s\u0103 citeasc\u0103, iar \u00een acest sens, m-a ajutat foarte mult ceea ce am \u00eenv\u0103\u021bat despre litera\u021bie \u00een cadrul programului\u201d"},"content":{"rendered":"<p><span style=\"font-weight: 400;\">A crescut \u00een aceea\u0219i comunitate, a mers la aceea\u0219i \u0219coal\u0103 ca elev\u0103, iar peste ani s-a \u00eentors \u00een rolul de profesor de limba \u0219i literatura rom\u00e2n\u0103. Ionelia \u0219i-a dus rolul \u0219i mai departe de a contribui la viitorul copiilor din Mera, jude\u021bul Vrancea, \u0219i de opt ani coordoneaz\u0103 \u0219coala gimnazial\u0103 din Mera a\u0219a cum \u0219tie mai bine. Implementeaz\u0103 un proiect pe reducerea \u0219i prevenirea abandonului \u0219colar, iar la orele ei face conexiuni \u00eentre cuno\u0219tin\u021be \u0219i aplicabilitatea acestora \u00een via\u021ba de zi cu zi pentru a-i preg\u0103ti c\u00e2t mai bine pe elevi pentru via\u021b\u0103. De c\u00e2nd a intrat \u00een Teach for Romania, Ionelia consider\u0103 c\u0103 \u0219i-a dezvoltat abilit\u0103\u021bile at\u00e2t pe zona de management \u0219colar, c\u00e2t \u0219i pe cea de profesor \u0219i pl\u0103nuie\u0219te ca, dup\u0103 finalizarea celor doi ani de program, s\u0103 continue s\u0103 lucreze \u00een educa\u021bie pe direc\u021bia de politici publice.<\/span><\/p>\n<p><b>Poveste\u0219te-ne c\u00e2teva lucruri despre tine, cine e\u0219ti, unde predai, ce predai, clasa.<\/b><\/p>\n<p><span style=\"font-weight: 400;\">M\u0103 numesc Enache Ionelia, am 40 de ani, sunt profesor de limba \u0219i literatura rom\u00e2n\u0103, clasele V-VIII, la \u0218coala Gimnazial\u0103 \u201ePetre Mironescu\u201d, localitatea Mera, jude\u021bul Vrancea, cu o vechime la catedr\u0103 de 18 ani, director de 8 ani.<\/span><\/p>\n<p><b>Care e rela\u021bia ta cu elevii \u0219i comunitatea?<\/b><\/p>\n<p><span style=\"font-weight: 400;\">Cunosc foarte bine comunitatea \u0219i elevii, deoarece sunt n\u0103scut\u0103 \u00een localitatea Mera \u0219i am \u00eenv\u0103\u021bat la \u0219coala pe care acum o conduc. Am o rela\u021bie foarte bun\u0103 cu elevii \u0219i comunitatea, bazat\u0103 pe respect \u0219i \u00eencredere din ambele direc\u021bii. Am reu\u0219it s\u0103 stabilesc rela\u021bii foarte bune cu autorit\u0103\u021bile publice locale \u0219i cu alte institu\u021bii din comun\u0103.<\/span><\/p>\n<p><b>Ce proiecte desf\u0103\u0219ori anul acesta?<\/b><\/p>\n<p><span style=\"font-weight: 400;\">Anul acesta, \u0218coala Mera implementeaz\u0103 Proiectul \u201eEduca\u021bie pentru to\u021bi!\u201d din cadrul PROGRAMULUI NA\u021aIONAL PENTRU REDUCEREA ABANDONULUI \u0218COLAR (SG-PNRAS), durata proiectului: 2023-2025, valoare grant: 796.354 lei f\u0103r\u0103 TVA.<\/span><\/p>\n<p><b>Cum e anul acesta versus anul trecut de program?<\/b><\/p>\n<p><span style=\"font-weight: 400;\">Anul acesta am resim\u021bit beneficiile acestui program. Ca director, am reu\u0219it s\u0103 aplic ceea ce am \u00eenv\u0103\u021bat \u00een cadrul acestui program: s\u0103 lucrez \u00een echip\u0103, s\u0103 implic colegii \u00een luarea deciziilor, s\u0103 deleg sarcinile. Ca profesor, pot spune c\u0103 acum sunt un profesor Teach, care \u00eemputernice\u0219te elevii, \u00eei \u00eencurajeaz\u0103, face conexiuni \u00eentre cuno\u0219tin\u021be \u0219i aplicabilitatea acestora \u00een via\u021ba de zi cu zi, \u00eei preg\u0103te\u0219te pe elevi pentru via\u021b\u0103.<\/span><\/p>\n<p><b>Unde sim\u021bi c\u0103 au fost\/sunt micile sau marile victorii din clas\u0103?<\/b><\/p>\n<p><span style=\"font-weight: 400;\">Consider o victorie faptul c\u0103 to\u021bi elevii \u0219tiu s\u0103 citeasc\u0103, iar \u00een acest sens, m-a ajutat foarte mult ceea ce am \u00eenv\u0103\u021bat despre litera\u021bie \u00een cadrul programului. De asemenea, am ob\u021binut performan\u021be cu elevii. \u00cen anul \u0219colar 2021-2022: un\u00a0 premiul I (calificat pentru etapa na\u021bional\u0103) \u0219i o men\u021biune la etapa jude\u021bean\u0103 a Olimpiadei \u201eUniversul cunoa\u0219terii prin lectur\u0103\u201d, o men\u021biune la etapa jude\u021bean\u0103 a Olimpiadei de Limba \u0219i Literatura Rom\u00e2n\u0103. Iar \u00een acest an \u0219colar (2022-2023) am ob\u021binut deocamdat\u0103 dou\u0103 men\u021biuni la etapa jude\u021bean\u0103 a Olimpiadei de Limba \u0219i Literatura Rom\u00e2n\u0103.<\/span><\/p>\n<p><img fetchpriority=\"high\" decoding=\"async\" class=\"aligncenter size-full wp-image-15226\" src=\"https:\/\/teachforromania.org\/wp-content\/uploads\/2023\/03\/AB_0008.jpg\" alt=\"\" width=\"2000\" height=\"1333\" srcset=\"https:\/\/teachforromania.org\/wp-content\/uploads\/2023\/03\/AB_0008.jpg 2000w, https:\/\/teachforromania.org\/wp-content\/uploads\/2023\/03\/AB_0008-300x200.jpg 300w, https:\/\/teachforromania.org\/wp-content\/uploads\/2023\/03\/AB_0008-1024x682.jpg 1024w, https:\/\/teachforromania.org\/wp-content\/uploads\/2023\/03\/AB_0008-768x512.jpg 768w, https:\/\/teachforromania.org\/wp-content\/uploads\/2023\/03\/AB_0008-1536x1024.jpg 1536w\" sizes=\"(max-width: 2000px) 100vw, 2000px\" \/><\/p>\n<p><b>Dac\u0103 ai putea face 2-3 schimb\u0103ri ast\u0103zi \u00een educa\u021bie, care ar fi \u0219i de ce?\u00a0<\/b><\/p>\n<p><span style=\"font-weight: 400;\">\u00cen educa\u021bie este foarte mult\u0103 birocra\u021bie. \u00cen Rom\u00e2nia se acord\u0103 foarte mult\u0103 importan\u021b\u0103 \u201eh\u00e2rtiilor\u201d \u0219i mai pu\u021bin celui mai important actor al educa\u021biei \u2013 elevul. Am sim\u021bit acest lucru at\u00e2t ca profesor, c\u00e2t \u0219i ca director. Profesorului i se cere s\u0103 aib\u0103 un dosar stufos care d\u0103 bine atunci c\u00e2nd sunt inspec\u021bii sau c\u00e2nd particip\u0103 la etapele de mobilitate sau la concursul pentru ob\u021binerea grada\u021biei de merit. Din acest motiv, el nu mai are timp s\u0103 aloce timp suplimentar elevilor care prezint\u0103 r\u0103m\u00e2neri \u00een urm\u0103 la \u00eenv\u0103\u021b\u0103tur\u0103, celor capabili de performan\u021b\u0103 sau s\u0103 fac\u0103 vizite la domiciliu. Directorului i se cer tot felul de situa\u021bii, proceduri, regulamente, rapoarte, iar acesta nu mai are timp s\u0103 verifice starea de bine a elevilor, s\u0103 participe la toate activit\u0103\u021bile extra\u0219colare, s\u0103 fac\u0103 vizite\u00a0 \u00een comunitate, etc.<\/span><\/p>\n<p><span style=\"font-weight: 400;\">Din ceea ce am prezentat mai sus deriv\u0103 \u0219i schimb\u0103rile pe care le-a\u0219 propune: mai pu\u021bin\u0103 birocra\u021bie; cadrele didactice s\u0103 fie evaluate \u00een urma unor inspec\u021bii\/observ\u0103ri la clas\u0103, nu \u00een urma unui dosar stufos, cu \u201eh\u00e2rtii fabricate\u201d; directorul s\u0103 fie total degrevat de ore, astfel \u00eenc\u00e2t s\u0103 aib\u0103 timp s\u0103 se ocupe de toate problemele \u0219colii.<\/span><\/p>\n<p><b>Ce sfat ai da cuiva care vine pentru prima oar\u0103 la catedr\u0103?<\/b><\/p>\n<p><span style=\"font-weight: 400;\">S\u0103 fie optimist. S\u0103 cread\u0103 c\u0103 va reu\u0219i. S\u0103 cread\u0103 c\u0103 orice elev poate s\u0103 \u00eenve\u021be \u0219i s\u0103 fac\u0103 tot ce \u00eei st\u0103 \u00een putin\u021b\u0103 pentru a asigura reu\u0219ita fiec\u0103rui elev.<\/span><\/p>\n<p><i><span style=\"font-weight: 400;\">Datorit\u0103 parteneriatului cu NN, avem resursele pentru a o preg\u0103ti \u0219i sus\u021bine pe Ionelia Enache al\u0103turi de al\u021bi profesori participan\u021bi \u00een programul Teach for Romania. Prietenii de la NN sunt al\u0103turi de copiii din Mera pe \u00eentreg anul \u0219colar cu rechizite, c\u0103r\u021bi \u0219i alte activit\u0103\u021bi realizate de angaja\u021bii NN.<\/span><\/i><\/p>\n","protected":false},"excerpt":{"rendered":"<p>A crescut \u00een aceea\u0219i comunitate, a mers la aceea\u0219i \u0219coal\u0103 ca elev\u0103, iar peste ani s-a \u00eentors \u00een rolul de profesor de limba \u0219i literatura rom\u00e2n\u0103. Ionelia \u0219i-a dus rolul \u0219i mai departe de a contribui la viitorul copiilor din Mera, jude\u021bul Vrancea, \u0219i de opt ani coordoneaz\u0103 \u0219coala gimnazial\u0103 din Mera a\u0219a cum \u0219tie [&hellip;]<\/p>\n","protected":false},"author":2,"featured_media":15228,"comment_status":"open","ping_status":"open","sticky":false,"template":"","format":"standard","meta":{"_acf_changed":false,"footnotes":""},"categories":[1432,13,21,1448,18,1454],"tags":[1531,1264,1532,982],"class_list":["post-15225","post","type-post","status-publish","format-standard","has-post-thumbnail","hentry","category-despre-educatie","category-impact-in-scoala","category-implicare-in-educatie","category-povesti-teach-for-romania","category-profesori-si-alumni","category-scoala-altfel","tag-ionelia-enache","tag-nn","tag-scoala-mera","tag-teach-for-romania"],"acf":[],"_links":{"self":[{"href":"https:\/\/teachforromania.org\/en\/wp-json\/wp\/v2\/posts\/15225","targetHints":{"allow":["GET"]}}],"collection":[{"href":"https:\/\/teachforromania.org\/en\/wp-json\/wp\/v2\/posts"}],"about":[{"href":"https:\/\/teachforromania.org\/en\/wp-json\/wp\/v2\/types\/post"}],"author":[{"embeddable":true,"href":"https:\/\/teachforromania.org\/en\/wp-json\/wp\/v2\/users\/2"}],"replies":[{"embeddable":true,"href":"https:\/\/teachforromania.org\/en\/wp-json\/wp\/v2\/comments?post=15225"}],"version-history":[{"count":2,"href":"https:\/\/teachforromania.org\/en\/wp-json\/wp\/v2\/posts\/15225\/revisions"}],"predecessor-version":[{"id":15237,"href":"https:\/\/teachforromania.org\/en\/wp-json\/wp\/v2\/posts\/15225\/revisions\/15237"}],"wp:featuredmedia":[{"embeddable":true,"href":"https:\/\/teachforromania.org\/en\/wp-json\/wp\/v2\/media\/15228"}],"wp:attachment":[{"href":"https:\/\/teachforromania.org\/en\/wp-json\/wp\/v2\/media?parent=15225"}],"wp:term":[{"taxonomy":"category","embeddable":true,"href":"https:\/\/teachforromania.org\/en\/wp-json\/wp\/v2\/categories?post=15225"},{"taxonomy":"post_tag","embeddable":true,"href":"https:\/\/teachforromania.org\/en\/wp-json\/wp\/v2\/tags?post=15225"}],"curies":[{"name":"wp","href":"https:\/\/api.w.org\/{rel}","templated":true}]}}