{"id":14866,"date":"2023-02-24T08:51:07","date_gmt":"2023-02-24T08:51:07","guid":{"rendered":"https:\/\/teachforromania.org\/?p=14866"},"modified":"2023-02-24T08:51:07","modified_gmt":"2023-02-24T08:51:07","slug":"teach-for-romania-anunta-cei-5-castigatori-din-cadrul-galei-profesorul-anului-din-mediul-rural-editia-2023","status":"publish","type":"post","link":"https:\/\/teachforromania.org\/en\/teach-for-romania-anunta-cei-5-castigatori-din-cadrul-galei-profesorul-anului-din-mediul-rural-editia-2023\/","title":{"rendered":"Teach for Romania anun\u021b\u0103 cei 5 c\u00e2\u0219tig\u0103tori din cadrul Galei Profesorul Anului din mediul rural, edi\u021bia 2023"},"content":{"rendered":"<p><span style=\"font-weight: 400;\">Ast\u0103zi, Teach for Romania, al\u0103turi de partenerii s\u0103i, a anun\u021bat \u00een cadrul Galei Profesorul Anului din mediul rural, desf\u0103\u0219urat\u0103 la Ateneul Na\u021bional din Ia\u0219i, cei 5 profesori c\u00e2\u0219tig\u0103tori la cele 5 categorii de premiere. Ace\u0219tia predau \u00een \u0219coli rurale din jude\u021bele Arge\u0219, C\u0103l\u0103ra\u0219i, Ia\u0219i, Olt \u0219i Timi\u0219.<\/span><\/p>\n<p><b>Profesorii c\u00e2\u0219tig\u0103tori:<\/b><\/p>\n<p><b>Categoria: Prevenirea abandonului \u0219colar<\/b><\/p>\n<p><b>Locul I, Nicoleta Maria Gavril\u0103 \u2013 \u00eenv\u0103\u021b\u0103tor, \u0218coala Primar\u0103 Nr. 1 Valea M\u0103n\u0103stirii, \u021ai\u021be\u0219ti, jude\u021bul Arge\u0219<\/b><\/p>\n<p><span style=\"font-weight: 400;\">Locul II, Marinela Culea \u2013 director, Liceul Tehnologic \u201eCezar Nicolau\u201d, Br\u0103ne\u0219ti, jude\u021bul Ilfov<\/span><\/p>\n<p><span style=\"font-weight: 400;\">\u00a0Locul III, C\u0103t\u0103lina Geant\u0103u \u2013 \u00eenv\u0103\u021b\u0103tor, \u0218coala Gimnazial\u0103 Nr. 1 Domni\u021ba, \u021aibana, jude\u021bul Ia\u0219i<\/span><\/p>\n<p><b>Categoria: Dezvoltarea litera\u021biei<\/b><\/p>\n<p><b>Locul I, Valeria Florentina Neagu \u2013 profesor, \u0218coala Gimnazial\u0103 Nr. 1, Curcani, jude\u021bul C\u0103l\u0103ra\u0219i<\/b><\/p>\n<p><span style=\"font-weight: 400;\">Locul II, Maria Fazakas \u2013 \u00eenv\u0103\u021b\u0103tor, \u0218coala Gimnazial\u0103 Ip, jude\u021bul S\u0103laj<\/span><\/p>\n<p><span style=\"font-weight: 400;\">Locul III, Daniela-Paraschiva Danka \u2013 profesor, director adjunct, \u0218coala Gimnazial\u0103 Ro\u0219ia, jude\u021bul Sibiu<\/span><\/p>\n<p><b>Categoria: Dezvoltarea abilit\u0103\u021bilor socio-emo\u021bionale<\/b><\/p>\n<p><b>Locul I, Angelica Cocea \u2013 \u00eenv\u0103\u021b\u0103tor, Liceul Tehnologic \u201ePetre P. Carp\u201d, \u021aib\u0103ne\u0219ti, jude\u021bul Ia\u0219i<\/b><\/p>\n<p><span style=\"font-weight: 400;\">Locul II, Elena Gr\u0103dinaru \u2013 \u00eenv\u0103\u021b\u0103tor, \u0218coala Gimnazial\u0103 \u201eIon Ghica\u201d Tortoman, jude\u021bul Constan\u021ba<\/span><\/p>\n<p><span style=\"font-weight: 400;\">Locul III, Elena Spiridon \u2013 \u00eenv\u0103\u021b\u0103tor, \u0218coala Gimnazial\u0103 \u201eGheorghe \u0218incai\u201d, \u0218inca Veche, jude\u021bul Bra\u0219ov<\/span><\/p>\n<p><b>Categoria: Dezvoltarea leadership-ului la elevi<\/b><\/p>\n<p><b>Locul I, Iulia Mihalache \u2013 \u00eenv\u0103\u021b\u0103tor, Liceul Tehnologic Dr\u0103g\u0103ne\u0219ti-Olt, jude\u021bul Olt<\/b><\/p>\n<p><span style=\"font-weight: 400;\">Locul II, Daniela Eugenia Dinu \u2013 profesor, \u0218coala Gimnazial\u0103 Rus\u0103ne\u0219ti, F\u00e2rt\u0103\u021be\u0219ti, jude\u021bul V\u00e2lcea<\/span><\/p>\n<p><span style=\"font-weight: 400;\">Locul III, Tatiana Cristian \u2013 profesor, \u0218coala Gimnazial\u0103 \u201eProf General Gheorghe Gheorghiu\u201d, Gologanu, jude\u021bul Vrancea<\/span><\/p>\n<p><b>Categoria: Implicare \u00een comunitate<\/b><\/p>\n<p><b>Locul I, Flavia Lorena Cut Lupulescu \u2013 director, \u0218coala Gimnazial\u0103 Boldur, jude\u021bul Timi\u015f<\/b><\/p>\n<p><span style=\"font-weight: 400;\">Locul II, Bogdan Mira &#8211; profesor, \u0218coala Gimnazial\u0103 Slimnic, jude\u021bul Sibiu<\/span><\/p>\n<p><span style=\"font-weight: 400;\">Locul III, Maria Cleopatra Stoicescu \u2013 profesor, \u0218coala Profesional\u0103 Starchiojd, jude\u021bul Prahova<\/span><\/p>\n<p><span style=\"font-weight: 400;\">Gala Profesorul Anului din mediul rural, edi\u021bia 2023, a fost transmis\u0103 live pe pagina de Facebook Teach for Romania (<\/span><a href=\"https:\/\/fb.watch\/iTj-GvmBoK\/\"><span style=\"font-weight: 400;\">aici<\/span><\/a><span style=\"font-weight: 400;\">)<\/span><\/p>\n<p><img fetchpriority=\"high\" decoding=\"async\" class=\"aligncenter size-full wp-image-14869\" src=\"https:\/\/teachforromania.org\/wp-content\/uploads\/2023\/02\/WhatsApp-Image-2023-02-23-at-21.35.10.jpeg\" alt=\"\" width=\"2048\" height=\"1362\" srcset=\"https:\/\/teachforromania.org\/wp-content\/uploads\/2023\/02\/WhatsApp-Image-2023-02-23-at-21.35.10.jpeg 2048w, https:\/\/teachforromania.org\/wp-content\/uploads\/2023\/02\/WhatsApp-Image-2023-02-23-at-21.35.10-300x200.jpeg 300w, https:\/\/teachforromania.org\/wp-content\/uploads\/2023\/02\/WhatsApp-Image-2023-02-23-at-21.35.10-1024x681.jpeg 1024w, https:\/\/teachforromania.org\/wp-content\/uploads\/2023\/02\/WhatsApp-Image-2023-02-23-at-21.35.10-768x511.jpeg 768w, https:\/\/teachforromania.org\/wp-content\/uploads\/2023\/02\/WhatsApp-Image-2023-02-23-at-21.35.10-1536x1022.jpeg 1536w\" sizes=\"(max-width: 2048px) 100vw, 2048px\" \/><\/p>\n<p><span style=\"font-weight: 400;\">Ionu\u021b Soleanicov, Co-Fondator Teach for Romania: <\/span><i><span style=\"font-weight: 400;\">\u201eAcum 10 ani am fondat Teach for Romania cu o viziune simpl\u0103 dar \u0219i complex\u0103 \u00een acela\u0219i timp. Viziunea era s\u0103 oferim educa\u021bie de calitate pentru fiecare copil din Rom\u00e2nia. \u00cen vizitele mele \u00een \u0219coli din sate, \u0219coli izolate, am v\u0103zut exemple de profesori extrem de dedica\u021bi, care f\u0103ceau lucruri extraodinare cu elevii lor. A\u0219a am v\u0103zut c\u0103 se poate! C\u0103 e posibil ca \u00een condi\u021bii grele, anumi\u021bi profesori s\u0103 fac\u0103 o schimbare real\u0103. Dar vedeam \u0219i foarte multe provoc\u0103ri cu care ace\u0219tia se confruntau. A\u0219a c\u0103, \u00een urm\u0103 cu aproape 10 ani a devenit foarte clar c\u0103 mediul rural este o prioritate \u00een strategia Teach for Romania. Ne-am dat seama c\u0103 trebuie s\u0103 demonstr\u0103m c\u0103 se poate s\u0103 faci educa\u021bie bun\u0103 \u0219i \u00een cel mai izolat loc \u0219i \u00een locul cu cele mai mari provoc\u0103ri. Mul\u021bumesc \u0219i comunit\u0103\u021bii Teach for Romania, care este din ce \u00een ce mai numeroas\u0103, pentru c\u0103 ne-a\u021bi ar\u0103tat c\u00e2t de greu este s\u0103 faci educa\u021bie real\u0103 \u00een contexte dificile \u0219i ne-a\u021bi inspirat prin ce a\u021bi f\u0103cut \u0219i ce face\u021bi la clas\u0103, demonstr\u00e2nd mie \u0219i tuturor c\u0103 este posibil \u0219i sunt convins c\u0103 \u00eempreun\u0103 vom putea duce schimbarea \u00een educa\u021bia din Rom\u00e2nia, de care este a\u0219a mare nevoie.\u201d<\/span><\/i><\/p>\n<p><img decoding=\"async\" class=\"aligncenter size-full wp-image-14871\" src=\"https:\/\/teachforromania.org\/wp-content\/uploads\/2023\/02\/Gala-Teach4Ro-5064-scaled.jpg\" alt=\"\" width=\"2560\" height=\"1703\" srcset=\"https:\/\/teachforromania.org\/wp-content\/uploads\/2023\/02\/Gala-Teach4Ro-5064-scaled.jpg 2560w, https:\/\/teachforromania.org\/wp-content\/uploads\/2023\/02\/Gala-Teach4Ro-5064-300x200.jpg 300w, https:\/\/teachforromania.org\/wp-content\/uploads\/2023\/02\/Gala-Teach4Ro-5064-1024x681.jpg 1024w, https:\/\/teachforromania.org\/wp-content\/uploads\/2023\/02\/Gala-Teach4Ro-5064-768x511.jpg 768w, https:\/\/teachforromania.org\/wp-content\/uploads\/2023\/02\/Gala-Teach4Ro-5064-1536x1022.jpg 1536w, https:\/\/teachforromania.org\/wp-content\/uploads\/2023\/02\/Gala-Teach4Ro-5064-2048x1363.jpg 2048w\" sizes=\"(max-width: 2560px) 100vw, 2560px\" \/><\/p>\n<p><span style=\"font-weight: 400;\">Printre invita\u021bii care au participat la eveniment s-au num\u0103rat reprezentan\u021bi ai institu\u021biilor publice, ai societ\u0103\u021bii civile, mediului de afaceri, elevi \u0219i jurnali\u0219ti. Invita\u021bi speciali au fost Ionu\u021b Soleanicov \u2013\u00a0 Co-Fondator Teach for Romania<\/span><i><span style=\"font-weight: 400;\">, <\/span><\/i><span style=\"font-weight: 400;\">Miruna Croitoru \u2013 Pre\u0219edinte Consiliul Na\u021bional al Elevilor, Ioana Diaconu \u2013 C\u00e2\u0219tig\u0103toarea Categoriei \u201eImplicare \u00een Comunitate\u201d, Gala Profesorul Anului din mediul rural, edi\u021bia 2022, \u0219i elevele Denisa Nedelcu \u0219i Elena Bucos de la clasa Aurorei Enache, C\u00e2\u0219tig\u0103toarea Categoriei \u201eDezvoltarea leadershipului la elevi\u201d, Gala Profesorul Anului din mediul rural, edi\u021bia 2022, <\/span><span style=\"font-weight: 400;\">care au avut discursuri tip TEDx pe una dintre temele abordate: cum v\u0103d elevii rolul \u0219colii, abandon \u0219colar, litera\u021bie, echitate, implicare comunitar\u0103.\u00a0<\/span><\/p>\n<p><b>Parteneri strategici:<\/b><span style=\"font-weight: 400;\"> LIDL Rom\u00e2nia \u0219i BCR.\u00a0<\/span><\/p>\n<p><b>Parteneri jurizare:<\/b> <span style=\"font-weight: 400;\">Ministerul Educa\u021biei, Universitatea Bucure\u0219ti, Universitatea \u201eAlexandru Ioan Cuza\u201d Ia\u0219i, Centrul Jude\u021bean de Resurse \u0219i Asisten\u021b\u0103 Educa\u021bional\u0103 Ia\u0219i, Consiliul Na\u021bional al Elevilor, Funda\u021bia Noi Orizonturi, Agen\u021bia Na\u021bional\u0103 pentru Programe Comunitare \u00een Domeniul Educa\u021biei \u0219i Form\u0103rii Profesionale, Asocia\u021bia Zi de Bine, UNICEF, PEPCO Rom\u00e2nia, Allianz\u00a0Services, Re\u021beaua privat\u0103 de s\u0103n\u0103tate\u201eRegina Maria\u201d, Festivalul Boovie, BCR, Asocia\u021bia Pirita Children \u0219i Funda\u021bia Autonom.\u00a0<\/span><\/p>\n<p><b>Eveniment organizat cu sprijinul Prim\u0103riei Municipiului Ia\u0219i \u0219i al Consiliului Jude\u021bean Ia\u0219i, \u00een parteneriat cu Inspectoratului \u0218colar Jude\u021bean Ia\u0219i, Colegiul Na\u021bional de Art\u0103 \u201eOctav B\u0103ncil\u0103\u201d Ia\u0219i \u0219i Ateneul Na\u021bional din Ia\u0219i.\u00a0<\/b><\/p>\n<p><span style=\"font-weight: 400;\">Mai multe detalii: <\/span><a href=\"https:\/\/teachforromania.org\/gala-2023\/\"><span style=\"font-weight: 400;\">teachforromania.org\/gala-2023.<\/span><\/a><\/p>\n","protected":false},"excerpt":{"rendered":"<p>Ast\u0103zi, Teach for Romania, al\u0103turi de partenerii s\u0103i, a anun\u021bat \u00een cadrul Galei Profesorul Anului din mediul rural, desf\u0103\u0219urat\u0103 la Ateneul Na\u021bional din Ia\u0219i, cei 5 profesori c\u00e2\u0219tig\u0103tori la cele 5 categorii de premiere. Ace\u0219tia predau \u00een \u0219coli rurale din jude\u021bele Arge\u0219, C\u0103l\u0103ra\u0219i, Ia\u0219i, Olt \u0219i Timi\u0219. Profesorii c\u00e2\u0219tig\u0103tori: Categoria: Prevenirea abandonului \u0219colar Locul I, [&hellip;]<\/p>\n","protected":false},"author":2,"featured_media":14867,"comment_status":"open","ping_status":"open","sticky":false,"template":"","format":"standard","meta":{"_acf_changed":false,"footnotes":""},"categories":[1431,20,1432,1436,21,1454],"tags":[1515,1514,1321,1395,1513,1344,1405,982],"class_list":["post-14866","post","type-post","status-publish","format-standard","has-post-thumbnail","hentry","category-comunicat-de-presa","category-comunitati-in-schimbare","category-despre-educatie","category-gala-profesorul-anului","category-implicare-in-educatie","category-scoala-altfel","tag-birou-regional-moldova","tag-castigatorii-profesorul-anului","tag-comunicat-de-presa","tag-gala-profesorul-anului","tag-john-soleanicov","tag-ministerul-educatiei","tag-profesorul-anului-din-mediul-rural","tag-teach-for-romania"],"acf":[],"_links":{"self":[{"href":"https:\/\/teachforromania.org\/en\/wp-json\/wp\/v2\/posts\/14866","targetHints":{"allow":["GET"]}}],"collection":[{"href":"https:\/\/teachforromania.org\/en\/wp-json\/wp\/v2\/posts"}],"about":[{"href":"https:\/\/teachforromania.org\/en\/wp-json\/wp\/v2\/types\/post"}],"author":[{"embeddable":true,"href":"https:\/\/teachforromania.org\/en\/wp-json\/wp\/v2\/users\/2"}],"replies":[{"embeddable":true,"href":"https:\/\/teachforromania.org\/en\/wp-json\/wp\/v2\/comments?post=14866"}],"version-history":[{"count":1,"href":"https:\/\/teachforromania.org\/en\/wp-json\/wp\/v2\/posts\/14866\/revisions"}],"predecessor-version":[{"id":14873,"href":"https:\/\/teachforromania.org\/en\/wp-json\/wp\/v2\/posts\/14866\/revisions\/14873"}],"wp:featuredmedia":[{"embeddable":true,"href":"https:\/\/teachforromania.org\/en\/wp-json\/wp\/v2\/media\/14867"}],"wp:attachment":[{"href":"https:\/\/teachforromania.org\/en\/wp-json\/wp\/v2\/media?parent=14866"}],"wp:term":[{"taxonomy":"category","embeddable":true,"href":"https:\/\/teachforromania.org\/en\/wp-json\/wp\/v2\/categories?post=14866"},{"taxonomy":"post_tag","embeddable":true,"href":"https:\/\/teachforromania.org\/en\/wp-json\/wp\/v2\/tags?post=14866"}],"curies":[{"name":"wp","href":"https:\/\/api.w.org\/{rel}","templated":true}]}}