{"id":14732,"date":"2023-02-09T12:30:32","date_gmt":"2023-02-09T12:30:32","guid":{"rendered":"https:\/\/teachforromania.org\/?p=14732"},"modified":"2023-02-21T10:17:29","modified_gmt":"2023-02-21T10:17:29","slug":"comunicat-de-presa-teach-for-romania-anunta-cei-15-finalisti-ai-galei-profesorul-anului-din-mediul-rural","status":"publish","type":"post","link":"https:\/\/teachforromania.org\/en\/comunicat-de-presa-teach-for-romania-anunta-cei-15-finalisti-ai-galei-profesorul-anului-din-mediul-rural\/","title":{"rendered":"[Comunicat de pres\u0103] Teach for Romania anun\u021b\u0103 cei 15 finali\u0219ti ai Galei Profesorul Anului din mediul rural"},"content":{"rendered":"<p><span style=\"font-weight: 400;\">Teach for Romania a \u00eencheiat juriz\u0103rile pentru a doua edi\u021bie a Galei Profesorul Anului din mediul rural 2023 \u0219i anun\u021b\u0103 care sunt cei 15 finali\u0219ti la cele 5 categorii de premiere. Pe 23 februarie, \u00eencep\u00e2nd cu ora 17.30, la Ateneul Na\u021bional Ia\u0219i, va avea loc evenimentul \u00een care vor fi anun\u021ba\u021bi c\u00e2\u0219tig\u0103torii.<\/span><\/p>\n<p><b>De ce ne dorim s\u0103 premiem profesorii din mediul rural?<\/b><\/p>\n<p><span style=\"font-weight: 400;\">\u00cen Rom\u00e2nia, 1 din 5 elevi din mediul rural abandoneaz\u0103 \u0219coala. Tot 1 din 5 elevi nu reu\u0219e\u0219te s\u0103 ia nota 5 la Evaluarea Na\u021bional\u0103, de dou\u0103 ori mai mul\u021bi dec\u00e2t \u00een mediul urban. Mai mult dec\u00e2t at\u00e2t, 6 din 10 copii din mediul rural au dificult\u0103\u021bi de scris \u0219i citit la finalul ciclului primar.\u00a0<\/span><\/p>\n<p><span style=\"font-weight: 400;\">Cu toate acestea, exist\u0103 copii din mediul rural care reu\u0219esc s\u0103 sfideze aceste statistici, copii care au parte de o educa\u021bie de calitate mul\u021bumit\u0103 unor profesori, \u00eenv\u0103\u021b\u0103tori, educatori \u0219i consilieri \u0219colari profesioni\u0219ti. Aceste cadre didactice trec peste numeroasele provoc\u0103ri inerente pred\u0103rii \u00een mediul rural \u2013 de la naveta dificil\u0103 \u0219i zecile de ore pierdute pe drum \u00een fiecare s\u0103pt\u0103m\u00e2n\u0103, la normele \u00eemp\u0103r\u021bite \u00eentre 3 sau chiar 4 \u0219coli mici \u0219i p\u00e2n\u0103 la nevoile diferite, mai mari, ale elevilor lor care depind uneori exclusiv de oamenii de la catedr\u0103 pentru a-\u0219i g\u0103si motiva\u021bia \u0219i determinarea de a da o \u0219ans\u0103 educa\u021biei. Ace\u0219ti dasc\u0103li demonstreaz\u0103 c\u0103 se pot ob\u021bine rezultate excep\u021bionale \u0219i \u00een condi\u021bii dificile. C\u0103 inechitatea poate fi adresat\u0103.\u00a0<\/span><\/p>\n<p><b>Ace\u0219ti profesioni\u0219ti merit\u0103 s\u0103 ias\u0103 din anonimat, iar efortul, d\u0103ruirea \u0219i perseveren\u021ba lor merit\u0103 s\u0103 fie recunoscute.<\/b><\/p>\n<p><b>Categorii de premiere \u0219i finali\u0219ti:<\/b><\/p>\n<p><span style=\"font-weight: 400;\">Dincolo de indicatorii vizibili privind nivelul ridicat de abandon \u0219colar, performan\u0163e academice foarte sc\u0103zute, violen\u0163a, resursele limitate \u2013 invocate adesea c\u00e2nd vine vorba despre \u0219colile din medii vulnerabile, profesorii din medii dezavantajate reu\u0219esc s\u0103 g\u0103seasc\u0103 solu\u021bii \u0219i s\u0103 creeze \u0219coal\u0103 relevant\u0103 pentru elevii lor. Lucrul acesta a fost identificat \u00een cele 390 de nominaliz\u0103ri f\u0103cute de c\u0103tre p\u0103rin\u021bi, elevi, fo\u0219ti elevi, cadre didactice, directori, parteneri, la Gala Profesorul Anului din mediul rural, edi\u021bia a doua.<\/span><\/p>\n<p><b>Categoria: Prevenirea abandonului \u0219colar<\/b><\/p>\n<p><span style=\"font-weight: 400;\"><strong>Nicoleta Maria Gavril\u0103<\/strong> \u2013 \u00eenv\u0103\u021b\u0103tor, \u0218coala Primar\u0103 Nr. 1 Valea M\u0103n\u0103stirii, \u021ai\u021be\u0219ti, jude\u021bul Arge\u0219;<\/span><\/p>\n<p><span style=\"font-weight: 400;\"><strong>Marinela Culea<\/strong> \u2013 director, Liceul Tehnologic \u201eCezar Nicolau\u201d, Br\u0103ne\u0219ti, jude\u021bul Ilfov;<\/span><\/p>\n<p><span style=\"font-weight: 400;\"><strong>C\u0103t\u0103lina Geant\u0103u<\/strong> \u2013 \u00eenv\u0103\u021b\u0103tor, \u0218coala Gimnazial\u0103 Nr. 1 Domni\u021ba, \u021aibana, jude\u021bul Ia\u0219i.<\/span><\/p>\n<p><b>Categoria: Dezvoltarea litera\u021biei<\/b><\/p>\n<p><span style=\"font-weight: 400;\"><strong>Valeria Florentina Neagu<\/strong> \u2013 profesor, \u0218coala Gimnazial\u0103 Nr. 1, Curcani, jude\u021bul C\u0103l\u0103ra\u0219i;<\/span><\/p>\n<p><span style=\"font-weight: 400;\"><strong>Maria Fazakas<\/strong> \u2013 \u00eenv\u0103\u021b\u0103tor, \u0218coala Gimnazial\u0103 Ip, jude\u021bul S\u0103laj;<\/span><\/p>\n<p><span style=\"font-weight: 400;\"><strong>Daniela-Paraschiva Danka<\/strong> \u2013 Profesor, Dir adjunct, \u0218coala Gimnazial\u0103 Ro\u0219ia, jude\u021bul Sibiu.<\/span><\/p>\n<p><b>Categoria: Dezvoltarea abilit\u0103\u021bilor socio-emo\u021bionale<\/b><\/p>\n<p><span style=\"font-weight: 400;\"><strong>Angelica Cocea<\/strong> \u2013 \u00eenv\u0103\u021b\u0103tor, Liceul Tehnologic \u201ePetre P. Carp\u201d, \u021aib\u0103ne\u0219ti, jude\u021bul Ia\u0219i;<\/span><\/p>\n<p><span style=\"font-weight: 400;\"><strong>Elena Gr\u0103dinaru<\/strong> \u2013 \u00eenv\u0103\u021b\u0103tor, \u0218coala Gimnazial\u0103 \u201eIon Ghica\u201d Tortoman, jude\u021bul Constan\u021ba;<\/span><\/p>\n<p><span style=\"font-weight: 400;\"><strong>Elena Spiridon<\/strong> \u2013 \u00eenv\u0103\u021b\u0103tor, \u0218coala Gimnazial\u0103 \u201eGheorghe \u0218incai\u201d, \u0218inca Veche, jude\u021bul Bra\u0219ov;<\/span><\/p>\n<p><b>Categoria: Dezvoltarea leadership-ului la elevi<\/b><\/p>\n<p><span style=\"font-weight: 400;\"><strong>Iulia Mihalache<\/strong> \u2013 \u00eenv\u0103\u021b\u0103tor, Liceul Tehnologic Dr\u0103g\u0103ne\u0219ti-Olt, jude\u021bul Olt;<\/span><\/p>\n<p><span style=\"font-weight: 400;\"><strong>Daniela Eugenia Dinu<\/strong> \u2013 profesor, \u0218coala Gimnazial\u0103 Rus\u0103ne\u0219ti, F\u00e2rt\u0103\u021be\u0219ti, jude\u021bul V\u00e2lcea;<\/span><\/p>\n<p><span style=\"font-weight: 400;\"><strong>Tatiana Cristian<\/strong> \u2013 profesor, \u0218coala Gimnazial\u0103 \u201eProf General Gheorghe Gheorghiu\u201d, Gologanu, jude\u021bul Vrancea.<\/span><\/p>\n<p><b>Categoria: Implicare \u00een comunitate<\/b><\/p>\n<p><span style=\"font-weight: 400;\"><strong>Flavia Lorena Cut Lupulescu<\/strong> \u2013 director, \u0218coala Gimnazial\u0103 Boldur, jude\u021bul Timi\u015f;<\/span><\/p>\n<p><strong>Bogdan Mira<\/strong> &#8211; \u00a0profesor, \u0218coala Gimnazial\u0103 Slimnic, jude\u021bul Sibiu;<\/p>\n<p><strong>Stoicescu Maria Cleopatra<\/strong> \u2013 \u00a0profesor, \u0218coala Profesional\u0103 Starchiojd, jude\u021bul Prahova.<\/p>\n<p><span style=\"font-weight: 400;\">\u00cen etapa de preselec\u021bii au fost implica\u021bi 50 de profesori, alumni \u0219i membri ai echipei Teach for Romania care au jurizat cele 390 de nominaliz\u0103ri, iar \u00een ultima etap\u0103 de jurizare au f\u0103cut parte 25 de speciali\u0219ti din: societatea civil\u0103, exper\u021bi \u00een educa\u021bie, reprezentan\u021bi ai sectorului business, elevi, parteneri institu\u021bionali \u0219i parteneri media. Toate candidaturile finaliste se afl\u0103 \u00een etapa de documentare \u00een teren pentru a verifica validitatea informa\u021biilor furnizate.<\/span><\/p>\n<p><span style=\"font-weight: 400;\">Cei 15 profesori finali\u0219ti provin din \u0219coli rurale din 13 jude\u021be: Arge\u0219, Bra\u015fov, C\u0103l\u0103ra\u015fi, Constan\u0163a, Ia\u015fi, Ilfov, Olt, Prahova, S\u0103laj, Sibiu, Timi\u0219, V\u00e2lcea \u0219i Vrancea<\/span><b>. C\u00e2\u0219tig\u0103torii vor fi anun\u021ba\u021bi pe<\/b> <b>23 februarie, \u00een cadrul Galei Profesorul Anului din mediul rural de la Ateneul Na\u021bional Ia\u0219i (Strada Ion Creang\u0103, nr. 14)<\/b><span style=\"font-weight: 400;\">, \u00eencep\u00e2nd cu ora 17.30. Evenimentul va fi transmis live \u0219i pe <\/span><a href=\"https:\/\/www.facebook.com\/teachforromania\"><span style=\"font-weight: 400;\">pagina de facebook<\/span><\/a><span style=\"font-weight: 400;\"> Teach for Romania.<\/span><\/p>\n<p><span style=\"font-weight: 400;\">Mai multe detalii despre categoriile de nominalizare \u0219i criteriile de evaluare, pe pagina evenimentului: <\/span><a href=\"https:\/\/teachforromania.org\/gala-2023\/\"><span style=\"font-weight: 400;\">teachforromania.org\/gala-2023.<\/span><\/a><span style=\"font-weight: 400;\">\u00a0<\/span><\/p>\n<p><em>Parteneri jurizare: Ministerul Educa\u021biei, Universitatea Bucure\u0219ti, Universitatea \u201eAlexandru Ioan Cuza\u201d Ia\u0219i, Centrul Jude\u021bean de Resurse \u0219i Asisten\u021b\u0103 Educa\u021bional\u0103 Ia\u0219i, Consiliul Na\u021bional al Elevilor, Funda\u021bia Noi Orizonturi, Agen\u021bia Na\u021bional\u0103 pentru Programe Comunitare \u00een Domeniul Educa\u021biei \u0219i Form\u0103rii Profesionale, Asocia\u021bia Zi de Bine, UNICEF, PEPCO Rom\u00e2nia, Allianz\u00a0Services, Re\u021beaua privat\u0103 de s\u0103n\u0103tate\u201eRegina Maria\u201d, Festivalul Boovie, BCR, Asocia\u021bia Pirita Children \u0219i Funda\u021bia Autonom. <\/em><\/p>\n<p><strong><em>Eveniment organizat cu sprijinul Prim\u0103riei Municipiului Ia\u0219i \u0219i al Consiliului Jude\u021bean Ia\u0219i, \u00een parteneriat cu Inspectoratului \u0218colar Jude\u021bean Ia\u0219i, Colegiul Na\u021bional de Art\u0103 \u201eOctav B\u0103ncil\u0103\u201d Ia\u0219i \u0219i Ateneul Na\u021bional din Ia\u0219i. <\/em><\/strong><\/p>\n","protected":false},"excerpt":{"rendered":"<p>Teach for Romania a \u00eencheiat juriz\u0103rile pentru a doua edi\u021bie a Galei Profesorul Anului din mediul rural 2023 \u0219i anun\u021b\u0103 care sunt cei 15 finali\u0219ti la cele 5 categorii de premiere. Pe 23 februarie, \u00eencep\u00e2nd cu ora 17.30, la Ateneul Na\u021bional Ia\u0219i, va avea loc evenimentul \u00een care vor fi anun\u021ba\u021bi c\u00e2\u0219tig\u0103torii. De ce ne [&hellip;]<\/p>\n","protected":false},"author":2,"featured_media":14733,"comment_status":"open","ping_status":"open","sticky":false,"template":"","format":"standard","meta":{"_acf_changed":false,"footnotes":""},"categories":[1431,1432,1436,21,1454],"tags":[1321,1511,1395,982],"class_list":["post-14732","post","type-post","status-publish","format-standard","has-post-thumbnail","hentry","category-comunicat-de-presa","category-despre-educatie","category-gala-profesorul-anului","category-implicare-in-educatie","category-scoala-altfel","tag-comunicat-de-presa","tag-finalisti-gala-profesorul-anului","tag-gala-profesorul-anului","tag-teach-for-romania"],"acf":[],"_links":{"self":[{"href":"https:\/\/teachforromania.org\/en\/wp-json\/wp\/v2\/posts\/14732","targetHints":{"allow":["GET"]}}],"collection":[{"href":"https:\/\/teachforromania.org\/en\/wp-json\/wp\/v2\/posts"}],"about":[{"href":"https:\/\/teachforromania.org\/en\/wp-json\/wp\/v2\/types\/post"}],"author":[{"embeddable":true,"href":"https:\/\/teachforromania.org\/en\/wp-json\/wp\/v2\/users\/2"}],"replies":[{"embeddable":true,"href":"https:\/\/teachforromania.org\/en\/wp-json\/wp\/v2\/comments?post=14732"}],"version-history":[{"count":4,"href":"https:\/\/teachforromania.org\/en\/wp-json\/wp\/v2\/posts\/14732\/revisions"}],"predecessor-version":[{"id":14740,"href":"https:\/\/teachforromania.org\/en\/wp-json\/wp\/v2\/posts\/14732\/revisions\/14740"}],"wp:featuredmedia":[{"embeddable":true,"href":"https:\/\/teachforromania.org\/en\/wp-json\/wp\/v2\/media\/14733"}],"wp:attachment":[{"href":"https:\/\/teachforromania.org\/en\/wp-json\/wp\/v2\/media?parent=14732"}],"wp:term":[{"taxonomy":"category","embeddable":true,"href":"https:\/\/teachforromania.org\/en\/wp-json\/wp\/v2\/categories?post=14732"},{"taxonomy":"post_tag","embeddable":true,"href":"https:\/\/teachforromania.org\/en\/wp-json\/wp\/v2\/tags?post=14732"}],"curies":[{"name":"wp","href":"https:\/\/api.w.org\/{rel}","templated":true}]}}