{"id":14508,"date":"2023-01-27T09:27:28","date_gmt":"2023-01-27T09:27:28","guid":{"rendered":"https:\/\/teachforromania.org\/?p=14508"},"modified":"2023-01-30T12:28:04","modified_gmt":"2023-01-30T12:28:04","slug":"carmina-rujea-cartea-prieteniei-si-serbarea-in-care-copiii-au-prins-incredere-in-ei","status":"publish","type":"post","link":"https:\/\/teachforromania.org\/en\/carmina-rujea-cartea-prieteniei-si-serbarea-in-care-copiii-au-prins-incredere-in-ei\/","title":{"rendered":"Carmina Rujea &#8211; Cartea Prieteniei \u0219i serbarea \u00een care copiii au prins \u00eencredere \u00een ei"},"content":{"rendered":"<p><em><span style=\"font-weight: 400;\">Articol scris de Carmina Rujea, \u00eenv\u0103\u021b\u0103toare Teach for Romania<\/span><\/em><\/p>\n<p><span style=\"font-weight: 400;\">\u00cen ultima s\u0103pt\u0103m\u00e2n\u0103 din noiembrie la clas\u0103 elevii au f\u0103cut o bro\u0219ur\u0103 cu activit\u0103\u021bi pentru 1 Decembrie folosind \u0219ablonul de pe Twinkl. A avut un real succes. Ca bonus le-am dus s\u0103 citeasc\u0103 \u00een grupuri \u0219i dup\u0103 aceea cu voce tare c\u00e2teva informa\u021bii despre Ecaterina Teodoroiu \u0219i Profira Stoicescu. F\u0103r\u0103 s\u0103 \u00eemi dau seama am ales dou\u0103 femei care au lucrat \u00een \u00eenv\u0103\u021b\u0103m\u00e2nt \u0219i un b\u0103iat mi-a spus c\u0103 \u0219i eu sunt curajoas\u0103. A fost un moment extrem de emo\u021bionant pentru mine ca \u00eenv\u0103\u021b\u0103toare.\u00a0<\/span><\/p>\n<p><span style=\"font-weight: 400;\">\u00cen decembrie, am avut dou\u0103 proiecte mari: excursie unde au participat 13 elevi \u0219i serbarea de Cr\u0103ciun unde au participat 18 elevi din 20. \u00cen excursie am putut observa la elevi evolu\u021bia pe comportament, pentru c\u0103 to\u021bi au respectat regulile, au stat cu grupul \u0219i au participat la activit\u0103\u021bi. Am fost la un atelier de turt\u0103 dulce unde cea mai mare reu\u0219it\u0103 a fost a unui copil care a venit recent \u00een clas\u0103 \u0219i nu avea \u00eencredere \u00een mine, care a realizat figurine, chiar dac\u0103 la final era foarte mult\u0103 f\u0103in\u0103 \u00eempr\u0103\u0219tiat\u0103. Am avut \u0219i o parte amuzant\u0103 c\u00e2nd un copil a intrat \u00een alt autocar la o oprire \u0219i s-a dat jos s\u0103 verifice num\u0103rul de la autobuz. Nici prin cap nu mi-a trecut c\u0103 a memorat a\u0219a ceva&#8230; \ud83d\ude0a La m\u0103n\u0103stirea Curtea de Arge\u0219, elevii au avut dou\u0103 momente care m-au uimit. Primul a fost cel \u00een care o elev\u0103 l-a \u00eentrebat pe preot dac\u0103 mai \u0219tie ceva despre biseric\u0103, pentru c\u0103 domnul de la clas\u0103 deja le-a vorbit despre pronaos, altar. Iar al doilea a fost c\u00e2nd un elev mi-a spus c\u0103 el nu \u0219tie nimic despre regii \u00eenmorm\u00e2nta\u021bi la Curtea de Arge\u0219, dar i-ar pl\u0103cea s\u0103 citeasc\u0103 la \u0219coal\u0103 cum au citit despre Ecaterina Teodoroiu \u0219i Profira Stoicescu. A fost momentul \u00een care mi-am dat seama c\u0103 ei pot fi mai aten\u021bi dec\u00e2t arat\u0103 la clas\u0103 \u0219i mi s-a umplut sufletul de bucurie.<\/span><\/p>\n<p><span style=\"font-weight: 400;\">La serbare am avut surpriza c\u0103 \u00eentr-o s\u0103pt\u0103m\u00e2n\u0103 to\u021bi copiii au \u00eenv\u0103\u021bat poeziile \u0219i s-au concentrat \u0219i la c\u00e2ntece. Am avut dou\u0103 mari victorii: M. b\u0103iatul cu buz\u0103 de iepure a spus poezia \u00een fa\u021ba p\u0103rin\u021bilor, a mea \u0219i a colegilor lui, fiind prima serbare din via\u021ba lui. D. care a c\u00e2ntat \u0219i spus poezia \u00een fa\u021ba p\u0103rin\u021bilor cu at\u00e2ta bucurie \u0219i voio\u0219ie, \u00eenc\u00e2t nu-mi venea a crede c\u0103 e el. A\u0219a de mult m-am bucurat de \u00eencrederea lor, o \u00eencredere pe care am construit-o \u00eempreun\u0103 \u00een tot acest timp.\u00a0\u00a0<\/span><\/p>\n<p><img fetchpriority=\"high\" decoding=\"async\" class=\"aligncenter size-full wp-image-14513\" src=\"https:\/\/teachforromania.org\/wp-content\/uploads\/2023\/01\/WhatsApp-Image-2023-01-17-at-20.58.482.jpg\" alt=\"\" width=\"1600\" height=\"719\" srcset=\"https:\/\/teachforromania.org\/wp-content\/uploads\/2023\/01\/WhatsApp-Image-2023-01-17-at-20.58.482.jpg 1600w, https:\/\/teachforromania.org\/wp-content\/uploads\/2023\/01\/WhatsApp-Image-2023-01-17-at-20.58.482-300x135.jpg 300w, https:\/\/teachforromania.org\/wp-content\/uploads\/2023\/01\/WhatsApp-Image-2023-01-17-at-20.58.482-1024x460.jpg 1024w, https:\/\/teachforromania.org\/wp-content\/uploads\/2023\/01\/WhatsApp-Image-2023-01-17-at-20.58.482-768x345.jpg 768w, https:\/\/teachforromania.org\/wp-content\/uploads\/2023\/01\/WhatsApp-Image-2023-01-17-at-20.58.482-1536x690.jpg 1536w\" sizes=\"(max-width: 1600px) 100vw, 1600px\" \/><\/p>\n<p><span style=\"font-weight: 400;\">Am \u0219i copii care particip\u0103 la orele de remedial pe litera\u021bie, la care se observ\u0103 c\u00e2teva \u00eembun\u0103t\u0103\u021biri semnificative. Doi elevi au \u00eenceput s\u0103 lege literele \u00een silab\u0103, iar obiectivul cu care au venit la ore este s\u0103 ajung\u0103 s\u0103 citeasc\u0103 ei singuri o poveste (f\u0103r\u0103 s\u0103 mai insist eu). M. \u0219tie p\u00e2n\u0103 \u00een acest moment 9 litere de tipar, culorile, s\u0103 decupeze pe contur \u0219i numerele p\u00e2n\u0103 la 5. A \u00eenv\u0103\u021bat s\u0103 \u00ee\u0219i scrie numele \u0219i a reu\u0219it s\u0103 vorbeasc\u0103 cu c\u00e2\u021biva colegi. \u00cen aceast\u0103 perioad\u0103 a lunii ianuarie mul\u021bi copii au grupa A \u0219i la ore am mai mult timp pentru el.<\/span><\/p>\n<p><span style=\"font-weight: 400;\">Ne preg\u0103tim s\u0103 facem o carte a prieteniei, deoarece clasa se nume\u0219te Clasa Prieteniei \u0219i le-am spus c\u0103 o s-o public\u0103m. Momentan, am vorbit doar despre prietenie \u0219i cum putem avea \u00eencredere unii \u00een ceilal\u021bi. La clas\u0103, folosesc metoda Abel, dar un pic interpretat\u0103 \u00een care ei citesc un text \u0219i dup\u0103 aceea \u00eel pun \u00een ordine. Constant, citim pove\u0219ti \u0219i copiii primesc invita\u021bia de a crea un alt final, a\u0219a cum le-ar pl\u0103cea lor. P\u00e2n\u0103 la finalul lui februarie, vrem s\u0103 avem aceast\u0103 carte a prieteniei pe care s\u0103 o ar\u0103t\u0103m tuturor.\u00a0\u00a0<\/span><\/p>\n<p><span style=\"font-weight: 400;\">***<\/span><\/p>\n<p><span style=\"font-weight: 400;\">Carmina Rujea este sprijinit\u0103 \u00een programul Teach for Romania de c\u0103tre PEPCO Romania.<\/span><\/p>\n<p><span style=\"font-weight: 400;\">#PepcoSustineEducatia #PEPCOsiTeachforRomania #PEPCORomania<\/span><\/p>\n","protected":false},"excerpt":{"rendered":"<p>Articol scris de Carmina Rujea, \u00eenv\u0103\u021b\u0103toare Teach for Romania \u00cen ultima s\u0103pt\u0103m\u00e2n\u0103 din noiembrie la clas\u0103 elevii au f\u0103cut o bro\u0219ur\u0103 cu activit\u0103\u021bi pentru 1 Decembrie folosind \u0219ablonul de pe Twinkl. A avut un real succes. Ca bonus le-am dus s\u0103 citeasc\u0103 \u00een grupuri \u0219i dup\u0103 aceea cu voce tare c\u00e2teva informa\u021bii despre Ecaterina Teodoroiu [&hellip;]<\/p>\n","protected":false},"author":2,"featured_media":14511,"comment_status":"open","ping_status":"open","sticky":false,"template":"","format":"standard","meta":{"_acf_changed":false,"footnotes":""},"categories":[1432,19,1448,1454],"tags":[1504,1334,1351,1183,982],"class_list":["post-14508","post","type-post","status-publish","format-standard","has-post-thumbnail","hentry","category-despre-educatie","category-potentialul-elevilor","category-povesti-teach-for-romania","category-scoala-altfel","tag-carmina-rujea","tag-cultura-reusitei","tag-metoda-abel","tag-pepco-romania","tag-teach-for-romania"],"acf":[],"_links":{"self":[{"href":"https:\/\/teachforromania.org\/en\/wp-json\/wp\/v2\/posts\/14508","targetHints":{"allow":["GET"]}}],"collection":[{"href":"https:\/\/teachforromania.org\/en\/wp-json\/wp\/v2\/posts"}],"about":[{"href":"https:\/\/teachforromania.org\/en\/wp-json\/wp\/v2\/types\/post"}],"author":[{"embeddable":true,"href":"https:\/\/teachforromania.org\/en\/wp-json\/wp\/v2\/users\/2"}],"replies":[{"embeddable":true,"href":"https:\/\/teachforromania.org\/en\/wp-json\/wp\/v2\/comments?post=14508"}],"version-history":[{"count":3,"href":"https:\/\/teachforromania.org\/en\/wp-json\/wp\/v2\/posts\/14508\/revisions"}],"predecessor-version":[{"id":14576,"href":"https:\/\/teachforromania.org\/en\/wp-json\/wp\/v2\/posts\/14508\/revisions\/14576"}],"wp:featuredmedia":[{"embeddable":true,"href":"https:\/\/teachforromania.org\/en\/wp-json\/wp\/v2\/media\/14511"}],"wp:attachment":[{"href":"https:\/\/teachforromania.org\/en\/wp-json\/wp\/v2\/media?parent=14508"}],"wp:term":[{"taxonomy":"category","embeddable":true,"href":"https:\/\/teachforromania.org\/en\/wp-json\/wp\/v2\/categories?post=14508"},{"taxonomy":"post_tag","embeddable":true,"href":"https:\/\/teachforromania.org\/en\/wp-json\/wp\/v2\/tags?post=14508"}],"curies":[{"name":"wp","href":"https:\/\/api.w.org\/{rel}","templated":true}]}}