{"id":13875,"date":"2022-12-20T15:08:24","date_gmt":"2022-12-20T15:08:24","guid":{"rendered":"https:\/\/teachforromania.org\/?p=13875"},"modified":"2022-12-21T09:33:45","modified_gmt":"2022-12-21T09:33:45","slug":"catalina-alistar-puterea-lui-impreuna-schimba-comunitati-si-vieti","status":"publish","type":"post","link":"https:\/\/teachforromania.org\/en\/catalina-alistar-puterea-lui-impreuna-schimba-comunitati-si-vieti\/","title":{"rendered":"C\u0103t\u0103lina Alistar: Puterea lui \u201e\u00eempreun\u0103\u201d schimb\u0103 comunit\u0103\u021bi \u0219i vie\u021bi"},"content":{"rendered":"<p><em>Un text scris de C\u0103t\u0103lina Alistar, profesor Teach for Romania<\/em><\/p>\n<p><span style=\"font-weight: 400;\">C\u0103t\u0103lina \u2013 Elena Alistar este profesor \u00een mediul rural, la Liceul Tehnologic Independen\u021ba din jude\u021bul Constan\u021ba, care se afl\u0103 la aproximativ 60 de kilometri de Constan\u021ba, Mangalia sau Medgidia, \u00een partea de sud a jude\u021bului Constan\u021ba, nu departe de grani\u021ba cu Bulgaria.<\/span><\/p>\n<p><span style=\"font-weight: 400;\">Cei mai mul\u0163i elevi provin din cele cinci sate ale comunei Independen\u0163a (Independen\u0163a, Movila Verde, Tufani, Olteni, F\u00e2nt\u00e2na Mare), dar \u015fi din satele \u015fi comunele al\u0103turate: Dumbr\u0103veni, Furnica, Plopeni. \u201ePredau elevilor din\u00a0 clasa a VII-a B, limba \u0219i literatura rom\u00e2n\u0103. \u00cemi place ceea ce fac. Nu de pu\u021bine ori am fost \u00eentrebat\u0103 \u201eTot acolo, la Independen\u021ba? C\u00e2nd ai de g\u00e2nd s\u0103 pleci? Un transfer, o deta\u0219are. Trebuie s\u0103 faci ceva!\u201d. \u0218i \u00eentotdeauna \u00eel am \u00een minte pe bunicul meu care era tare bucuros c\u0103 am devenit profesoar\u0103 \u0219i care \u00eemi spunea deseori \u201eC\u0103t\u0103lina, s\u0103 faci bine!\u201d \u0219i nu pot uita c\u0103 dup\u0103 ce tat\u0103l s-a stins, bunicii, al\u0103turi de mam\u0103, m-au sus\u021binut financiar \u00een facultate. Iar drumul de la Eforie Nord la Independen\u021ba este felul meu de a spune \u201eMul\u021bumesc!\u201d celor care au crezut \u00een mine.\u00a0<\/span><\/p>\n<p><span style=\"font-weight: 400;\">\u00cen mine au crezut \u0219i cei de la Teach for Romania. Academia de Leadership \u0219i Pedagogie a venit \u0219i a completat tot ceea ce am \u00eenv\u0103\u021bat \u00een cei 10 ani la catedr\u0103. Este singurul program de formare care mi-a adus bucurie \u0219i multe Aha-uri. A\u0219a c\u0103, dup\u0103 terminarea Academiei de Leadership \u0219i Pegadogie a urmat s\u0103 duc spre elevii mei ceea ce am \u00eenv\u0103\u021bat: dezvoltarea litera\u021biei, proiectarea cu final \u00een minte, tehnici de gestionare a emo\u021biilor, elemente din cultura reu\u0219itei.\u00a0<\/span><\/p>\n<p><span style=\"font-weight: 400;\">Fiecare or\u0103 \u00eencepe sub umbrela viziunii:\u00a0<\/span><\/p>\n<p><span style=\"font-weight: 400;\">\u201eNoi mereu ne ajut\u0103m\u00a0<\/span><\/p>\n<p><span style=\"font-weight: 400;\">\u00cen echip\u0103 noi lucr\u0103m\u00a0<\/span><\/p>\n<p><span style=\"font-weight: 400;\">\u00cenv\u0103\u021b\u0103m s\u0103 ne-ajut\u0103m\u00a0<\/span><\/p>\n<p><span style=\"font-weight: 400;\">De gre\u0219im, ne \u00eendrept\u0103m<\/span><\/p>\n<p><span style=\"font-weight: 400;\">\u00cenv\u0103\u021b\u00e2nd noi progres\u0103m<\/span><\/p>\n<p><span style=\"font-weight: 400;\">\u0218i-mpreun\u0103 ne distr\u0103m!\u201d<\/span><\/p>\n<p><span style=\"font-weight: 400;\">De asemenea, avem stabilite ni\u0219te promisiuni. De exemplu, \u201ePromit s\u0103 nu-l jignesc pe cel\u0103lalt. Iar dac\u0103 se \u00eent\u00e2mpl\u0103 acest lucru, \u00eemi cer scuze colegului \u0219i \u00eei spun c\u0103 apreciez la el, \u00een ciuda a ceea ce am spus, dou\u0103 calit\u0103\u021bi. Acord o foarte mare importan\u021b\u0103 atmosferei din clas\u0103, din \u0219coal\u0103. Absolvirea perioadei de formare ini\u021bial\u0103 Teach for Romania m-a adus \u00eentr-un nou rol \u0219i anume acela de manager de \u0219coal\u0103. Consider c\u0103 fiecare om trebuie s\u0103 se simt\u0103 bine la \u0219coal\u0103. Iar om este \u0219i profesorul care pred\u0103, \u0219i elevul, \u0219i p\u0103rintele, \u0219i personalul didactic \u0219i nedidactic. S-au \u00eent\u00e2mplat multe \u00een aceast\u0103 perioad\u0103: multe activit\u0103\u021bi frumoase, multe frici peste care am trecut, multe provoc\u0103ri. Toate acestea nu ar fi fost posibile f\u0103r\u0103 o bun\u0103 colaborare \u00eentre \u0219coal\u0103, autorit\u0103\u021bi \u0219i p\u0103rin\u021bi.\u00a0<\/span><\/p>\n<p><span style=\"font-weight: 400;\">Simt c\u0103 se leag\u0103 o comunitate frumoas\u0103. Sunt multe de f\u0103cut \u0219i se pot face lucruri frumoase dac\u0103 oamenii aleg s\u0103 ias\u0103 din zona lor de confort. Ca profesor, am adunat multe frustr\u0103ri din cauza lipsei de materiale, iar accesarea Fondurilor europene prin Programul Na\u021bional pentru Reducerea Abandonului \u0218colar a fost \u0219i este marea provocare pentru comunitatea \u0219colar\u0103 din care fac parte. Am ales s\u0103 acces\u0103m c\u0103 parc\u0103 prea mult am auzit \u201eNu avem!\u201d, \u201eNu se poate!\u201d. \u201eAcum se poate\u201d \u0219i avem \u0219i banii! \u0218i nu pu\u021bini: 692 394 lei, doar s\u0103 facem ceva. Puterea lui \u00ceMPREUN\u0102 schimb\u0103 comunit\u0103\u021bi \u0219i vie\u021bi.\u201d\u00a0<\/span><\/p>\n<p><span style=\"font-weight: 400;\">***<\/span><\/p>\n<p><span style=\"font-weight: 400;\">C\u0103t\u0103lina Alistar <\/span><span style=\"font-weight: 400;\">face parte din genera\u021bia a 8-a de profesori ai programului <\/span><a href=\"https:\/\/www.facebook.com\/teachforromania\/?__tn__=K-R&amp;eid=ARAd04md0iru55UEaJA9VrKiAx9paozAC-NWHtGWKVVnSnib6NTzTK_636_woQDUhcUNtKg8zEu813pW&amp;fref=mentions&amp;__xts__%5B0%5D=68.ARBEQZgtaGh0nN7YEyXQPIiXmwoSKTSnFJ6FeU2evhmpNdsEasRbITrGrshNiDwLJOjcnar2TXdeITyyqrlAyYwVHqF1oZxjviNbgglWpjw0TgcS084wQo888hjF_HIZxMrA8gs4F0hSD4Wsu6Hva0FS3w8uASIDcMacwoAkGu32OinN22opAeLEroAseOp4GvNpsU0ENarXRwr8kPk5kJyNQOGf6EVGwjtITZsBXScEyWJODKxQnojgEDSYcbT6ByE78xT3TU30HikqKaWiDa5vW8-TSKFTVNWqIS6LhXOKBXGvj4uNvtRF61b81usWWM53Y5D29pgTcbeXe1XlphwY-g\"><span style=\"font-weight: 400;\">Teach for Romania<\/span><\/a><span style=\"font-weight: 400;\"> \u0219i este sprijinit\u0103 \u00een cadrul parteneriatului cu Rompetrol.<\/span><\/p>\n<h5><span style=\"font-weight: 400;\">Aboneaz\u0103-te la newsletterul nostru <\/span><a href=\"https:\/\/teachforromania.us9.list-manage.com\/subscribe?u=74b827aa100449573980457ff&amp;id=f2376993ca\"><b>aici<\/b><\/a> <span style=\"font-weight: 400;\">pentru a afla ce mai fac profesorii no\u0219tri.<\/span><\/h5>\n","protected":false},"excerpt":{"rendered":"<p>Un text scris de C\u0103t\u0103lina Alistar, profesor Teach for Romania C\u0103t\u0103lina \u2013 Elena Alistar este profesor \u00een mediul rural, la Liceul Tehnologic Independen\u021ba din jude\u021bul Constan\u021ba, care se afl\u0103 la aproximativ 60 de kilometri de Constan\u021ba, Mangalia sau Medgidia, \u00een partea de sud a jude\u021bului Constan\u021ba, nu departe de grani\u021ba cu Bulgaria. Cei mai mul\u0163i [&hellip;]<\/p>\n","protected":false},"author":2,"featured_media":13876,"comment_status":"open","ping_status":"open","sticky":false,"template":"","format":"standard","meta":{"_acf_changed":false,"footnotes":""},"categories":[1432,18,1454,1],"tags":[],"class_list":["post-13875","post","type-post","status-publish","format-standard","has-post-thumbnail","hentry","category-despre-educatie","category-profesori-si-alumni","category-scoala-altfel","category-uncategorized-ro"],"acf":[],"_links":{"self":[{"href":"https:\/\/teachforromania.org\/en\/wp-json\/wp\/v2\/posts\/13875","targetHints":{"allow":["GET"]}}],"collection":[{"href":"https:\/\/teachforromania.org\/en\/wp-json\/wp\/v2\/posts"}],"about":[{"href":"https:\/\/teachforromania.org\/en\/wp-json\/wp\/v2\/types\/post"}],"author":[{"embeddable":true,"href":"https:\/\/teachforromania.org\/en\/wp-json\/wp\/v2\/users\/2"}],"replies":[{"embeddable":true,"href":"https:\/\/teachforromania.org\/en\/wp-json\/wp\/v2\/comments?post=13875"}],"version-history":[{"count":1,"href":"https:\/\/teachforromania.org\/en\/wp-json\/wp\/v2\/posts\/13875\/revisions"}],"predecessor-version":[{"id":13878,"href":"https:\/\/teachforromania.org\/en\/wp-json\/wp\/v2\/posts\/13875\/revisions\/13878"}],"wp:featuredmedia":[{"embeddable":true,"href":"https:\/\/teachforromania.org\/en\/wp-json\/wp\/v2\/media\/13876"}],"wp:attachment":[{"href":"https:\/\/teachforromania.org\/en\/wp-json\/wp\/v2\/media?parent=13875"}],"wp:term":[{"taxonomy":"category","embeddable":true,"href":"https:\/\/teachforromania.org\/en\/wp-json\/wp\/v2\/categories?post=13875"},{"taxonomy":"post_tag","embeddable":true,"href":"https:\/\/teachforromania.org\/en\/wp-json\/wp\/v2\/tags?post=13875"}],"curies":[{"name":"wp","href":"https:\/\/api.w.org\/{rel}","templated":true}]}}