{"id":13626,"date":"2022-12-07T12:04:36","date_gmt":"2022-12-07T12:04:36","guid":{"rendered":"https:\/\/teachforromania.org\/?p=13626"},"modified":"2022-12-07T13:56:32","modified_gmt":"2022-12-07T13:56:32","slug":"start-nominalizari-teach-for-romania-premiaza-profesorii-extraordinari-din-mediul-rural","status":"publish","type":"post","link":"https:\/\/teachforromania.org\/en\/start-nominalizari-teach-for-romania-premiaza-profesorii-extraordinari-din-mediul-rural\/","title":{"rendered":"Start nominaliz\u0103ri: Teach for Romania premiaz\u0103 profesorii extraordinari din mediul rural"},"content":{"rendered":"<p>Teach for Romania d\u0103 startul nominaliz\u0103rilor pentru a doua edi\u021bie a Galei Profesorul Anului din mediul rural 2023, \u0219i caut\u0103 profesorii care reu\u0219esc s\u0103 demonstreze c\u0103, oric\u00e2t de mari ar fi provoc\u0103rile, educa\u021bia de \u00eenalt\u0103 calitate este posibil\u0103 \u00een \u0219coala din mediul rural.<\/p>\n<p><strong>Gala \u201eProfesorul Anului din mediul rural\u201d este singurul eveniment din Rom\u00e2nia care scoate la lumin\u0103 \u0219i celebreaz\u0103 eforturile \u0219i rezultatele oamenilor excep\u021bionali care lucreaz\u0103 \u00een \u00eenv\u0103\u021b\u0103m\u00e2ntul din mediul rural. <\/strong>Prin aceast\u0103 competi\u021bie ne dorim s\u0103 aducem un plus de vizibilitate profesorilor, \u00eenv\u0103\u021b\u0103torilor, educatorilor din mediul rural care cred \u00een poten\u021bialul fiec\u0103rui copil, care se preg\u0103tesc \u0219i \u00ee\u0219i folosesc toat\u0103 creativitatea \u0219i resursele pentru a le oferi acestora \u0219ansa la un viitor mai bun prin educa\u021bie modern\u0103, de calitate, relevant\u0103. Oameni care pot s\u0103 inspire \u0219i care schimb\u0103 fa\u021ba sistemului de educa\u021bie din Rom\u00e2nia.<\/p>\n<h5><strong>DE CE NE DORIM S\u0102 PREMIEM PROFESORII DIN MEDIUL RURAL?<\/strong><\/h5>\n<p>\u00cen Rom\u00e2nia, 1 din 5 elevi din mediul rural abandoneaz\u0103 \u0219coala. Tot 1 din 5 elevi nu reu\u0219e\u0219te s\u0103 ia nota 5 la Evaluarea Na\u021bional\u0103, de dou\u0103 ori mai mul\u021bi dec\u00e2t \u00een mediul urban. Mai mult dec\u00e2t at\u00e2t, 6 din 10 copii din mediul rural au dificult\u0103\u021bi de scris \u0219i citit la finalul ciclului primar.<\/p>\n<p>Cu toate acestea, exist\u0103 copii din mediul rural care reu\u0219esc s\u0103 sfideze aceste statistici, copii care au parte de o educa\u021bie de calitate mul\u021bumit\u0103 unor profesori, \u00eenv\u0103\u021b\u0103tori, educatori \u0219i consilieri \u0219colari profesioni\u0219ti. Aceste cadre didactice trec peste numeroasele provoc\u0103ri inerente pred\u0103rii \u00een mediul rural \u2013 de la naveta dificil\u0103 \u0219i zecile de ore pierdute pe drum \u00een fiecare s\u0103pt\u0103m\u00e2n\u0103, la normele \u00eemp\u0103r\u021bite \u00eentre 3 sau chiar 4 \u0219coli mici \u0219i p\u00e2n\u0103 la nevoile diferite, mai mari, ale elevilor lor care depind uneori exclusiv de oamenii de la catedr\u0103 pentru a-\u0219i g\u0103si motiva\u021bia \u0219i determinarea de a da o \u0219ans\u0103 educa\u021biei. Ace\u0219ti dasc\u0103li demonstreaz\u0103 c\u0103 se pot ob\u021bine rezultate excep\u021bionale \u0219i \u00een condi\u021bii dificile. C\u0103 inechitatea poate fi adresat\u0103.<\/p>\n<p>Ace\u0219ti profesioni\u0219ti merit\u0103 s\u0103 ias\u0103 din anonimat, iar efortul, d\u0103ruirea \u0219i perseveren\u021ba lor merit\u0103 s\u0103 fie recunoscute.<\/p>\n<h5><strong>PREMIEM EXCELEN\u021aA \u0218I PROFESIONALISMUL \u00ceN EDUCA\u021aIA DIN MEDIUL RURAL<\/strong><\/h5>\n<p>Vom acorda recuno\u0219tin\u021b\u0103, vizibilitate \u0219i premii profesorilor c\u00e2\u0219tig\u0103tori pornind de la nominaliz\u0103rile f\u0103cute de elevi, colegii de cancelarie, p\u0103rin\u021bi, speciali\u0219ti \u00een educa\u021bie \u0219i al\u021bi membri ai comunit\u0103\u021bii.<\/p>\n<p>Categoriile de nominalizare reflect\u0103 provoc\u0103rile reale \u0219i nevoile critice ale copiilor din mediul rural:<\/p>\n<p><strong>Prevenirea abandonului \u0219colar;<\/strong><\/p>\n<p><strong>Dezvoltarea litera\u021biei (competen\u021belor de citit-scris);<\/strong><\/p>\n<p><strong>Dezvoltarea abilit\u0103\u021bilor socio-emo\u021bionale;<\/strong><\/p>\n<p><strong>Dezvoltarea leadership-ului la elevi;<\/strong><\/p>\n<p><strong>Implicare \u00een comunitate.<\/strong><\/p>\n<p>Pentru fiecare categorie, un juriu format din 5 persoane va evalua fiecare candidatur\u0103 \u0219i va oferi un punctaj pe baza grilei de evaluare. Din juriu vor face parte: reprezentan\u021bi ai societ\u0103\u021bii civile, exper\u021bi \u00een educa\u021bie, reprezentan\u021bi ai sectorului business, elevi, parteneri institu\u021bionali, parteneri media, profesori sau alumni sus\u021binu\u021bi de Teach for Romania. Primele 3 candidaturi conform punctajului, din fiecare categorie, vor fi documentate \u00een teren pentru a verifica validitatea informa\u021biilor furnizate.<\/p>\n<p>Nominaliz\u0103rile <strong>pot fi f\u0103cute p\u00e2n\u0103 pe 15 ianuarie, 23.59, pe site-ul: <\/strong><a href=\"https:\/\/teachforromania.org\/gala-2023\">teachforromania.org\/gala-2023<\/a> pentru proiectele derulate \u00een perioada septembrie 2021 \u2013 august 2022. Pentru mai multe detalii despre categoriile de nominalizare, procesul de jurizare, premii, <a href=\"https:\/\/teachforromania.org\/wp-content\/uploads\/2022\/12\/Regulament-Gala-Profesorul-Anului-din-mediul-rural_2023.pdf\">aici<\/a> poate fi consultat regulamentul.<\/p>\n<p><strong>Anun\u021barea c\u00e2\u0219tig\u0103torilor va fi f\u0103cut\u0103 \u00een cadrul unui eveniment de premiere organizat la Ia\u0219i, \u00een data de 23 februarie.<\/strong><\/p>\n","protected":false},"excerpt":{"rendered":"<p>Teach for Romania d\u0103 startul nominaliz\u0103rilor pentru a doua edi\u021bie a Galei Profesorul Anului din mediul rural 2023, \u0219i caut\u0103 profesorii care reu\u0219esc s\u0103 demonstreze c\u0103, oric\u00e2t de mari ar fi provoc\u0103rile, educa\u021bia de \u00eenalt\u0103 calitate este posibil\u0103 \u00een \u0219coala din mediul rural. Gala \u201eProfesorul Anului din mediul rural\u201d este singurul eveniment din Rom\u00e2nia care [&hellip;]<\/p>\n","protected":false},"author":2,"featured_media":13672,"comment_status":"open","ping_status":"open","sticky":false,"template":"","format":"standard","meta":{"_acf_changed":false,"footnotes":""},"categories":[1432,1436,21,1454],"tags":[1321,1387,1487,1395,1405,982],"class_list":["post-13626","post","type-post","status-publish","format-standard","has-post-thumbnail","hentry","category-despre-educatie","category-gala-profesorul-anului","category-implicare-in-educatie","category-scoala-altfel","tag-comunicat-de-presa","tag-comunicat-presa","tag-educatie-in-mediul-rural","tag-gala-profesorul-anului","tag-profesorul-anului-din-mediul-rural","tag-teach-for-romania"],"acf":[],"_links":{"self":[{"href":"https:\/\/teachforromania.org\/en\/wp-json\/wp\/v2\/posts\/13626","targetHints":{"allow":["GET"]}}],"collection":[{"href":"https:\/\/teachforromania.org\/en\/wp-json\/wp\/v2\/posts"}],"about":[{"href":"https:\/\/teachforromania.org\/en\/wp-json\/wp\/v2\/types\/post"}],"author":[{"embeddable":true,"href":"https:\/\/teachforromania.org\/en\/wp-json\/wp\/v2\/users\/2"}],"replies":[{"embeddable":true,"href":"https:\/\/teachforromania.org\/en\/wp-json\/wp\/v2\/comments?post=13626"}],"version-history":[{"count":9,"href":"https:\/\/teachforromania.org\/en\/wp-json\/wp\/v2\/posts\/13626\/revisions"}],"predecessor-version":[{"id":13709,"href":"https:\/\/teachforromania.org\/en\/wp-json\/wp\/v2\/posts\/13626\/revisions\/13709"}],"wp:featuredmedia":[{"embeddable":true,"href":"https:\/\/teachforromania.org\/en\/wp-json\/wp\/v2\/media\/13672"}],"wp:attachment":[{"href":"https:\/\/teachforromania.org\/en\/wp-json\/wp\/v2\/media?parent=13626"}],"wp:term":[{"taxonomy":"category","embeddable":true,"href":"https:\/\/teachforromania.org\/en\/wp-json\/wp\/v2\/categories?post=13626"},{"taxonomy":"post_tag","embeddable":true,"href":"https:\/\/teachforromania.org\/en\/wp-json\/wp\/v2\/tags?post=13626"}],"curies":[{"name":"wp","href":"https:\/\/api.w.org\/{rel}","templated":true}]}}