{"id":13342,"date":"2022-11-16T17:22:45","date_gmt":"2022-11-16T17:22:45","guid":{"rendered":"https:\/\/teachforromania.org\/?p=13342"},"modified":"2022-11-16T17:22:45","modified_gmt":"2022-11-16T17:22:45","slug":"cine-se-poate-inscrie-in-programul-teach","status":"publish","type":"post","link":"https:\/\/teachforromania.org\/en\/cine-se-poate-inscrie-in-programul-teach\/","title":{"rendered":"Cine se poate \u00eenscrie \u00een programul Teach?"},"content":{"rendered":"<h5><b>Criterii eligibilitate Teach for Romania<\/b><\/h5>\n<p><b>Dac\u0103 \u00ee\u021bi dore\u0219ti s\u0103 te \u00eenscrii \u00een program, este nevoie s\u0103 \u00eendepline\u0219ti <\/b><b>toate criteriile noastre de eligibilitate (9). <\/b><b>Ele reprezint\u0103 cerin\u021bele minime pentru cei mai potrivi\u021bi lideri care s\u0103 reduc\u0103 inechitatea \u0219i s\u0103 transforme educa\u021bia din Rom\u00e2nia.<\/b><\/p>\n<p><b>1. \u00cen\u021belegi c\u0103 programul Teach for Romania reprezint\u0103 un <\/b><b>angajament ini\u021bial de 2 ani<\/b><b> de implicare ca educator \/ \u00eenv\u0103\u021b\u0103tor \/ profesor \u00eentr-o <\/b><b>\u0219coal\u0103 public\u0103<\/b><b>, de stat, cu <\/b><b>grad de defavorizare \u00eenalt<\/b><b>, care te preg\u0103te\u0219te pentru o carier\u0103 \u00een educa\u021bie sau domenii conexe.<\/b><\/p>\n<p><i><span style=\"font-weight: 400;\">\u0218colile \u0219i gr\u0103dini\u021bele \u00een care merg participan\u021bii din programul nostru au un grad de defavorizare \u00eenalt \u0219i se afl\u0103 \u00een comunit\u0103\u021bi provocatoare socio-economic, din mediul rural sau periurban.<\/span><\/i><\/p>\n<p><i><span style=\"font-weight: 400;\">Participan\u021bii programului Teach predau timp de 2 ani \u00eentr-o astfel de \u0219coal\u0103 sau gr\u0103dini\u021b\u0103, pentru a \u00een\u021belege provoc\u0103rile sistemului educa\u021bional de la firul ierbii.<\/span><\/i><b><\/b><\/p>\n<p><b>2. \u00cen\u021belegi c\u0103 programul Teach for Romania nu presupune voluntariat, ci implic\u0103 o <\/b><b>slujb\u0103 cu contract de munc\u0103 \u0219i norm\u0103 \u00eentreag\u0103<\/b><b> cu o \u0219coal\u0103 din sistemul public, din medii defavorizate<\/b><span style=\"font-weight: 400;\">.<\/span><\/p>\n<p><b>3. \u00cen\u021belegi c\u0103 pentru urm\u0103torii 2 ani calendaristici, venitul t\u0103u va fi format din salariul de profesor \/ \u00eenv\u0103\u021b\u0103tor \/ educator \u0219i sprijinul financiar oferit de c\u0103tre Teach for Romania.<\/b><\/p>\n<p><i><span style=\"font-weight: 400;\">Salariul este unul variabil, \u00eencepe de la aproximativ 2400 de lei net \u0219i poate cre\u0219te \u00een func\u021bie de calificare, vechime, studii, grada\u021bii<\/span><\/i><a href=\"https:\/\/salarii.invatamantpreuniversitar.ro\/\"><i><span style=\"font-weight: 400;\">.<\/span><\/i><\/a><i><span style=\"font-weight: 400;\"> Salariul se ob\u021bine \u00eencep\u00e2nd cu luna septembrie, iar pentru cei cu contract de munc\u0103 pe perioad\u0103 determinat\u0103, ultima lun\u0103 \u00een care primesc salariul este luna august a anului urm\u0103tor.<\/span><\/i><\/p>\n<p><i><span style=\"font-weight: 400;\">Sus\u021binerea financiar\u0103 din partea organiza\u021biei (bursa lunar\u0103 Teach) poate ajunge p\u00e2n\u0103 la 1300 de lei, pornind de la suma fix\u0103 de 250 de lei, \u0219i se acord\u0103 timp de 24 de luni, \u00eencep\u00e2nd cu luna iulie 2023.<\/span><\/i><\/p>\n<p><b>4. Ai <\/b><b>diplom\u0103 de licen\u021b\u0103<\/b><b> \/ vei ob\u021bine o diplom\u0103 de licen\u021b\u0103 cel t\u00e2rziu \u00een iulie 2023 sau ai finalizat un <\/b><b>liceu pedagogic cu profil \u00eenv\u0103\u021b\u0103tor-educator<\/b><b>.<\/b><\/p>\n<p><i><span style=\"font-weight: 400;\">Pentru a deveni participant\/\u0103 \u00een programul Teach <\/span><\/i><i><span style=\"font-weight: 400;\">este obligatorie o diplom\u0103 de licen\u021b\u0103<\/span><\/i><i><span style=\"font-weight: 400;\"> ob\u021binut\u0103 cel t\u00e2rziu \u00een iulie 2023 sau absolvirea unui <\/span><\/i><i><span style=\"font-weight: 400;\">liceu pedagogic, profil \u00eenv\u0103\u021b\u0103tor-educator.<\/span><\/i><\/p>\n<p><i><span style=\"font-weight: 400;\">Teach for Romania recruteaz\u0103:<\/span><\/i><\/p>\n<ul>\n<li style=\"font-weight: 400;\" aria-level=\"1\"><i><span style=\"font-weight: 400;\">at\u00e2t profesori\/\u00eenv\u0103\u021b\u0103tori\/educatori cu studii corespunz\u0103toare domeniului predat (califica\u021bi),<\/span><\/i><\/li>\n<li style=\"font-weight: 400;\" aria-level=\"1\"><i><span style=\"font-weight: 400;\">c\u00e2t \u0219i \u00eenv\u0103\u021b\u0103tori\/educatori cu studii necorespunz\u0103toare domeniului (necalifica\u021bi).<\/span><\/i><\/li>\n<\/ul>\n<p><b>5. Locuie\u0219ti \u00eentr-o comunitate unde programul este prezent sau e\u0219ti <\/b><b>disponibil\/\u0103 pentru navet\u0103 zilnic\u0103 ce poate dep\u0103\u0219i 90 de minute pe sens<\/b><b> sau pentru\u00a0 schimbarea domiciliului pentru a preda \u00eentr-o \u0219coal\u0103 care \u00eendepline\u0219te criteriile Teach for Romania.<\/b><\/p>\n<p><i><span style=\"font-weight: 400;\">Accept\u0103m \u00een program doar participan\u021bi care \u00eendeplinesc aceste condi\u021bii, deoarece p\u00e2n\u0103 \u00een momentul ob\u021binerii postului (august &#8211; septembrie 2023) nu putem \u0219ti care este distan\u021ba dintre domiciliu \u0219i \u0219coal\u0103.<\/span><\/i><\/p>\n<p><i><span style=\"font-weight: 400;\">\u0218ansele de a ob\u021bine un post \u00eentr-o \u0219coal\u0103 aproape de cas\u0103 sunt foarte mici, chiar dac\u0103 locuie\u0219ti \u00een mediul rural.<\/span><\/i><\/p>\n<p><i><span style=\"font-weight: 400;\">De aceea, nu putem risca s\u0103 colabor\u0103m cu persoane care nu sunt disponibile pentru o navet\u0103 de p\u00e2n\u0103 la <\/span><\/i><b><i>90 de minute pe sens, zilnic.<\/i><\/b><b><\/b><\/p>\n<p><b>6. Ai disponibilitate <\/b><b>5 s\u0103pt\u0103m\u00e2ni consecutive<\/b><b> pentru participarea la Academia de Leadership \u0219i Pedagogie, preg\u0103tirea ini\u021bial\u0103 oferit\u0103 participan\u021bilor \u00een program, \u00een perioada <\/b><b>iulie-august 2023.<\/b><\/p>\n<p><i><span style=\"font-weight: 400;\">Academia dureaz\u0103 5 s\u0103pt\u0103m\u00e2ni cu <\/span><\/i><b><i>program zilnic, de diminea\u021b\u0103 p\u00e2n\u0103 seara:<\/i><\/b><\/p>\n<ul>\n<li><i><span style=\"font-weight: 400;\">2 s\u0103pt\u0103m\u00e2ni de teorie (online);<\/span><\/i><\/li>\n<li style=\"font-weight: 400;\" aria-level=\"1\"><i><span style=\"font-weight: 400;\">1 s\u0103pt\u0103m\u00e2n\u0103 (format fizic), laborator metodic;<\/span><\/i><\/li>\n<li style=\"font-weight: 400;\" aria-level=\"1\"><i><span style=\"font-weight: 400;\">2 s\u0103pt\u0103m\u00e2ni de practic\u0103 pedagogic\u0103 (format fizic) \u00eentr-o comunitate vulnerabil\u0103.<\/span><\/i><\/li>\n<\/ul>\n<p><b><i>Prezen\u021ba este obligatorie pe tot parcursul Academiei<\/i><\/b><i><span style=\"font-weight: 400;\">; singurele excep\u021bii pe care le vom face sunt: sus\u021binerea examenului de titularizare, a celui de definitivat \u00een \u00eenv\u0103\u021b\u0103m\u00e2nt, a examenelor de licen\u021b\u0103 sau a diserta\u021biei.<\/span><\/i><\/p>\n<p><b>7. E\u0219ti <\/b><b>apt(\u0103) din punct de vedere medical <\/b><b>at\u00e2t pentru participarea la Academia de Leadership \u0219i Pedagogie, c\u00e2t \u0219i pentru \u00eenscrierea \u00een sistemul de \u00eenv\u0103\u021b\u0103m\u00e2nt \u0219i <\/b><b>po\u021bi face dovada acestui lucru printr-o adeverin\u021b\u0103 medical\u0103.<\/b><\/p>\n<p><b>8. Cuno\u0219ti <\/b><b>limba rom\u00e2n\u0103 la nivel avansat<\/b><b> (comunicare \u0219i scriere) \u0219i <\/b><b>limba englez\u0103 la nivel B1<\/b><b> (sau \u00ee\u021bi asumi c\u0103 vei ajunge la nivelul B1 p\u00e2n\u0103 \u00een iulie 2023).<\/b><\/p>\n<p><b>9. Nu ai antecedente <\/b><b>referitoare la orice fel de nerespectare a drepturilor \u0219i libert\u0103\u021bilor copiilor, <\/b><b>nu ai abuzat<\/b><b> (fizic, emo\u0163ional, psihologic, sexual \u015fi economic cf. Legii nr. 272\/2004, Sec\u021biunea a 3-a, art. 94) niciun copil \u0219i <\/b><b>po\u021bi oferi cazierul judiciar<\/b><b>, la cerere.<\/b><\/p>\n<p><b>Dac\u0103 le \u00eendepline\u0219ti pe toate, a\u0219tept\u0103m <a href=\"https:\/\/teachforromania.org\/inscrieri\/\">\u00eenscrierea<\/a> ta \u00een programul Teach.<\/b><\/p>\n<p><b>Criteriile noastre de eligibilitate <\/b><b>NU sunt negociabile.<\/b><\/p>\n<p><iframe title=\"Criterii de eligibilitate - G10\" width=\"800\" height=\"450\" src=\"https:\/\/www.youtube.com\/embed\/dbxAJZDeDAU?feature=oembed\" frameborder=\"0\" allow=\"accelerometer; autoplay; clipboard-write; encrypted-media; gyroscope; picture-in-picture\" allowfullscreen><\/iframe><\/p>\n","protected":false},"excerpt":{"rendered":"<p>Criterii eligibilitate Teach for Romania Dac\u0103 \u00ee\u021bi dore\u0219ti s\u0103 te \u00eenscrii \u00een program, este nevoie s\u0103 \u00eendepline\u0219ti toate criteriile noastre de eligibilitate (9). Ele reprezint\u0103 cerin\u021bele minime pentru cei mai potrivi\u021bi lideri care s\u0103 reduc\u0103 inechitatea \u0219i s\u0103 transforme educa\u021bia din Rom\u00e2nia. 1. \u00cen\u021belegi c\u0103 programul Teach for Romania reprezint\u0103 un angajament ini\u021bial de 2 [&hellip;]<\/p>\n","protected":false},"author":2,"featured_media":13343,"comment_status":"open","ping_status":"open","sticky":false,"template":"","format":"standard","meta":{"_acf_changed":false,"footnotes":""},"categories":[1432,14,21],"tags":[1486,1485,982],"class_list":["post-13342","post","type-post","status-publish","format-standard","has-post-thumbnail","hentry","category-despre-educatie","category-formarea-profesorilor","category-implicare-in-educatie","tag-cine-se-poate-inscrie-in-teach-for-romania","tag-criterii-eligibilitate","tag-teach-for-romania"],"acf":[],"_links":{"self":[{"href":"https:\/\/teachforromania.org\/en\/wp-json\/wp\/v2\/posts\/13342","targetHints":{"allow":["GET"]}}],"collection":[{"href":"https:\/\/teachforromania.org\/en\/wp-json\/wp\/v2\/posts"}],"about":[{"href":"https:\/\/teachforromania.org\/en\/wp-json\/wp\/v2\/types\/post"}],"author":[{"embeddable":true,"href":"https:\/\/teachforromania.org\/en\/wp-json\/wp\/v2\/users\/2"}],"replies":[{"embeddable":true,"href":"https:\/\/teachforromania.org\/en\/wp-json\/wp\/v2\/comments?post=13342"}],"version-history":[{"count":2,"href":"https:\/\/teachforromania.org\/en\/wp-json\/wp\/v2\/posts\/13342\/revisions"}],"predecessor-version":[{"id":13346,"href":"https:\/\/teachforromania.org\/en\/wp-json\/wp\/v2\/posts\/13342\/revisions\/13346"}],"wp:featuredmedia":[{"embeddable":true,"href":"https:\/\/teachforromania.org\/en\/wp-json\/wp\/v2\/media\/13343"}],"wp:attachment":[{"href":"https:\/\/teachforromania.org\/en\/wp-json\/wp\/v2\/media?parent=13342"}],"wp:term":[{"taxonomy":"category","embeddable":true,"href":"https:\/\/teachforromania.org\/en\/wp-json\/wp\/v2\/categories?post=13342"},{"taxonomy":"post_tag","embeddable":true,"href":"https:\/\/teachforromania.org\/en\/wp-json\/wp\/v2\/tags?post=13342"}],"curies":[{"name":"wp","href":"https:\/\/api.w.org\/{rel}","templated":true}]}}