{"id":12971,"date":"2022-11-12T12:23:04","date_gmt":"2022-11-12T12:23:04","guid":{"rendered":"https:\/\/teachforromania.org\/?p=12971"},"modified":"2022-11-03T12:36:33","modified_gmt":"2022-11-03T12:36:33","slug":"scoala-este-despre-descoperirea-universului-echilibru-si-despre-iubire","status":"publish","type":"post","link":"https:\/\/teachforromania.org\/en\/scoala-este-despre-descoperirea-universului-echilibru-si-despre-iubire\/","title":{"rendered":"\u201e\u0218coala este despre descoperirea universului, echilibru \u0219i despre iubire\u201d"},"content":{"rendered":"<p>\u201e\u0218coala nu mai este despre ascultarea oarb\u0103 a elevilor de \u00eenv\u0103\u021b\u0103tor, despre note, despre lupta de a nu mai fi r\u0103u sau despre locul pe care-l ocupi \u201e\u00een fruntea\u201d sau \u201ela coada\u201d clasei. \u0218coala este despre descoperirea universului, echilibru (un control al emo\u021biilor) \u0219i despre iubire\u201d, este de p\u0103rere Doina Susanu. \u00cenv\u0103\u021b\u0103toarea a creat un spa\u021biu de siguran\u021b\u0103, unde vulnerabilitatea \u0219i \u00eencrederea \u00een propriile puteri i-au f\u0103cut pe copii s\u0103 \u00ee\u0219i doreasc\u0103 s\u0103 fie mai mult, s\u0103 \u00eenve\u021be cu drag, s\u0103 fie one\u0219ti cu ei \u0219i cei din jur, s\u0103 colaboreze, s\u0103 aib\u0103 grij\u0103 unii de ceilal\u021bi, s\u0103 d\u0103ruiasc\u0103 \u0219i s\u0103 fie iubire.<\/p>\n<p>Pentru c\u0103 nevoia de a fi unii cu ceilal\u021bi, de a \u00eenv\u0103\u021ba \u00eempreun\u0103 \u0219i de recupera decalajele l\u0103sate de pandemie, era exprimat\u0103 chiar de copii, Doina le-a propus s\u0103 se vad\u0103 \u00een afara orelor de program, s\u0103 citeasc\u0103 \u0219i s\u0103 fie \u00eempreun\u0103. \u201eAm v\u0103zut c\u0103 aveau foarte mult\u0103 nevoie s\u0103 vorbeasc\u0103 despre ei cu mine. \u00cen fiecare zi tr\u0103geam cu coada ochiului \u00een clas\u0103 la bra\u0163ele care se \u00eentindeau spre mine, dornice de discu\u0163ie. Dar cum nu po\u0163i l\u0103sa programa la o parte pentru asta, am decis s\u0103 ne vedem \u015fi \u00een afara orelor de program. O lun\u0103 nici nu am reu\u015fit s\u0103 facem cine \u015ftie ce lec\u0163ii, pentru c\u0103 ei aveau at\u00e2tea s\u0103-mi spun\u0103 \u015fi am stat, pur \u015fi simplu, s\u0103-i ascult. Le-am ar\u0103tat c\u0103-i \u00een\u0163eleg c\u0103 le este greu s\u0103 \u00eenve\u0163e. Le-am spus \u015fi faptul c\u0103 nici m\u0103car mie nu \u00eemi e u\u015for s\u0103 \u00eenv\u0103\u0163 ceva. Cum m-am apucat recent de cursuri de chitar\u0103, le tot ar\u0103t degetele, ca s\u0103 vad\u0103 c\u0103 fiecare pas parcurs cere sacrificiu \u015fi munc\u0103, dar c\u0103 tot efortul merit\u0103, mai ales c\u00e2nd are un sens. \u00cens\u0103 aceste \u00eent\u00e2lniri au avut succesul scontat, progresele ap\u0103r\u00e2nd chiar \u015fi acolo unde aveam speran\u0163e mici.\u201d<\/p>\n<p>Acum, dup\u0103 trei ani de c\u00e2nd lucreaz\u0103 \u00een \u00eenv\u0103\u021b\u0103m\u00e2nt, Doina are o cu totul alt\u0103 viziune asupra menirii de dasc\u0103l: \u201eSunt foarte multe motive pentru care e\u0219ti \u00eendrept\u0103\u021bit s\u0103 pleci din \u00eenv\u0103\u021b\u0103m\u00e2nt, dar sunt \u0219i foarte multe motive pentru care trebuie s\u0103 r\u0103m\u00e2i aici: pentru c\u0103 \u0219tii s\u0103 iube\u0219ti, pentru c\u0103 ar fi prea trist ca o alt\u0103 genera\u021bie de copii s\u0103 treac\u0103 prin \u0219coal\u0103 f\u0103r\u0103 a fi asculta\u021bi, v\u0103zu\u021bi sau \u00eembr\u0103\u021bi\u0219a\u021bi.\u201d<\/p>\n<p>Povestea poate fi citit\u0103 \u00een integral \u00een articolul din Vocea Liber\u0103, <strong><\/strong>.<\/p>\n<p>Mul\u021bumim, #LPPRomaniapeople, pentru sus\u021binerea oferit\u0103!<\/p>\n<h5 style=\"text-align: center;\"><a href=\"https:\/\/teachforromania.us9.list-manage.com\/subscribe?u=74b827aa100449573980457ff&amp;id=f2376993ca\">Aboneaz\u0103-te la newsletterul nostru pentru a afla ce mai facem \u00een Teach for Romania.<\/a><\/h5>\n","protected":false},"excerpt":{"rendered":"<p>\u201e\u0218coala nu mai este despre ascultarea oarb\u0103 a elevilor de \u00eenv\u0103\u021b\u0103tor, despre note, despre lupta de a nu mai fi r\u0103u sau despre locul pe care-l ocupi \u201e\u00een fruntea\u201d sau \u201ela coada\u201d clasei. \u0218coala este despre descoperirea universului, echilibru (un control al emo\u021biilor) \u0219i despre iubire\u201d, este de p\u0103rere Doina Susanu. \u00cenv\u0103\u021b\u0103toarea a creat un [&hellip;]<\/p>\n","protected":false},"author":2,"featured_media":12973,"comment_status":"open","ping_status":"open","sticky":false,"template":"","format":"standard","meta":{"_acf_changed":false,"footnotes":""},"categories":[1432,19],"tags":[1279,982],"class_list":["post-12971","post","type-post","status-publish","format-standard","has-post-thumbnail","hentry","category-despre-educatie","category-potentialul-elevilor","tag-doina-susanu","tag-teach-for-romania"],"acf":[],"_links":{"self":[{"href":"https:\/\/teachforromania.org\/en\/wp-json\/wp\/v2\/posts\/12971","targetHints":{"allow":["GET"]}}],"collection":[{"href":"https:\/\/teachforromania.org\/en\/wp-json\/wp\/v2\/posts"}],"about":[{"href":"https:\/\/teachforromania.org\/en\/wp-json\/wp\/v2\/types\/post"}],"author":[{"embeddable":true,"href":"https:\/\/teachforromania.org\/en\/wp-json\/wp\/v2\/users\/2"}],"replies":[{"embeddable":true,"href":"https:\/\/teachforromania.org\/en\/wp-json\/wp\/v2\/comments?post=12971"}],"version-history":[{"count":2,"href":"https:\/\/teachforromania.org\/en\/wp-json\/wp\/v2\/posts\/12971\/revisions"}],"predecessor-version":[{"id":12976,"href":"https:\/\/teachforromania.org\/en\/wp-json\/wp\/v2\/posts\/12971\/revisions\/12976"}],"wp:featuredmedia":[{"embeddable":true,"href":"https:\/\/teachforromania.org\/en\/wp-json\/wp\/v2\/media\/12973"}],"wp:attachment":[{"href":"https:\/\/teachforromania.org\/en\/wp-json\/wp\/v2\/media?parent=12971"}],"wp:term":[{"taxonomy":"category","embeddable":true,"href":"https:\/\/teachforromania.org\/en\/wp-json\/wp\/v2\/categories?post=12971"},{"taxonomy":"post_tag","embeddable":true,"href":"https:\/\/teachforromania.org\/en\/wp-json\/wp\/v2\/tags?post=12971"}],"curies":[{"name":"wp","href":"https:\/\/api.w.org\/{rel}","templated":true}]}}