{"id":11824,"date":"2022-10-04T10:13:49","date_gmt":"2022-10-04T10:13:49","guid":{"rendered":"https:\/\/teachforromania.org\/?p=11824"},"modified":"2022-10-11T13:21:03","modified_gmt":"2022-10-11T13:21:03","slug":"de-ce-trebuie-sa-invat-elevii-au-nevoie-de-raspuns-ca-invatarea-sa-fie-relevanta","status":"publish","type":"post","link":"https:\/\/teachforromania.org\/en\/de-ce-trebuie-sa-invat-elevii-au-nevoie-de-raspuns-ca-invatarea-sa-fie-relevanta\/","title":{"rendered":",,De ce trebuie s\u0103 \u00eenv\u0103\u021b?\u201d. Elevii au nevoie de r\u0103spuns ca \u00eenv\u0103\u021barea s\u0103 fie relevant\u0103."},"content":{"rendered":"\t\t<div data-elementor-type=\"wp-post\" data-elementor-id=\"11824\" class=\"elementor elementor-11824\" data-elementor-post-type=\"post\">\n\t\t\t\t<div class=\"elementor-element elementor-element-f23e435 e-flex e-con-boxed e-con e-parent\" data-id=\"f23e435\" data-element_type=\"container\">\n\t\t\t\t\t<div class=\"e-con-inner\">\n\t\t<div class=\"elementor-element elementor-element-1b49def e-con-full e-flex e-con e-parent\" data-id=\"1b49def\" data-element_type=\"container\">\n\t\t\t\t<div class=\"elementor-element elementor-element-b827739 elementor-widget elementor-widget-text-editor\" data-id=\"b827739\" data-element_type=\"widget\" data-widget_type=\"text-editor.default\">\n\t\t\t\t<div class=\"elementor-widget-container\">\n\t\t\t\t\t\t\t\t\t<p><span data-contrast=\"auto\">Em\u0151ke Bocskai este\u00a0\u00eenv\u0103\u0163\u0103toare la \u015ecoala Gimnazial\u0103 \u201eTeleki Domokos\u201c din localitatea Gorne\u015fti, jude\u0163ul Mure\u015f. <\/span><\/p><p><span data-contrast=\"auto\">Spune c\u0103 \u0219i-a dorit dintotdeauna s\u0103 predea, iar la gr\u0103dini\u0163\u0103 f\u0103cea jocuri de rol din postura de \u00eenv\u0103\u0163\u0103toare. \u201eAdunam colegii \u015fi \u00eei \u00eenv\u0103\u0163am tot ce se putea. Puneam p\u0103pu\u015file \u00een r\u00e2nd \u015fi le citeam diverse lucruri\u201c. Ca s\u0103 fie aproape de comunitatea din Gorne\u0219ti, a ales s\u0103 se mute din T\u00eergu Mure\u0219 chiar la sat, \u00een Gorne\u0219ti. <\/span><span data-ccp-props=\"{\">\u00a0<\/span><\/p><p><span data-contrast=\"auto\">Fiindc\u0103 \u00ee\u0219i dore\u0219te ca niciun copil s\u0103 nu r\u0103m\u00e2n\u0103 \u00een urm\u0103, Em\u0151ke a demarat un proiect de litera\u021bie. Practic, proiectul remedial de litera\u021bie a fost extins \u0219i c\u0103tre dezvoltarea numera\u021biei \u0219i a \u00eenceput cu un program zilnic, o or\u0103 pe zi, cu activit\u0103\u021bi selec\u021bionate conform nivelurilor de cunoa\u0219tere \u0219i dezvoltare ale elevilor, precum \u0219i lucru individual, personalizat. <\/span><\/p><p><img fetchpriority=\"high\" decoding=\"async\" class=\"wp-image-11803 alignleft\" src=\"https:\/\/teachforromania.org\/wp-content\/uploads\/2022\/10\/Emoke-300x169.jpeg\" alt=\"\" width=\"524\" height=\"296\" srcset=\"https:\/\/teachforromania.org\/wp-content\/uploads\/2022\/10\/Emoke-300x169.jpeg 300w, https:\/\/teachforromania.org\/wp-content\/uploads\/2022\/10\/Emoke-1024x576.jpeg 1024w, https:\/\/teachforromania.org\/wp-content\/uploads\/2022\/10\/Emoke-768x432.jpeg 768w, https:\/\/teachforromania.org\/wp-content\/uploads\/2022\/10\/Emoke-1536x864.jpeg 1536w, https:\/\/teachforromania.org\/wp-content\/uploads\/2022\/10\/Emoke.jpeg 1600w\" sizes=\"(max-width: 524px) 100vw, 524px\" \/><\/p><p><span data-contrast=\"auto\">Ca obiective ale proiectului, Em\u0151ke \u0219i-a dorit ca to\u021bi copiii s\u0103 scrie corect gramatical, dup\u0103 dictare, un text scurt, folosind cratima, semne de punctua\u021bie, desp\u0103r\u021birea \u00een silabe, s\u0103 citeasc\u0103 fluent \u0219i s\u0103 poat\u0103 face o hart\u0103 a textului, c\u00e2t \u0219i o hart\u0103 a unor localit\u0103\u021bi vizate \u00een activit\u0103\u021bile lor, un traseu propus, respect\u00e2nd punctele cardinale. Activit\u0103\u021bile au fost construite structurat \u00eenc\u00e2t elevii s\u0103 lucreze \u0219i colaborativ, ca accesele de violen\u021b\u0103 sau furie dintre ei s\u0103 se diminueze, reu\u0219ind prin intermediul activit\u0103\u021bilor, s\u0103 se cunoasc\u0103 mai bine \u0219i s\u0103 accepte caractere diferite. Practic, activit\u0103\u021bile desf\u0103\u0219urate reprezentau context de \u00eenv\u0103\u021bare \u0219i practic\u0103 \u00een echip\u0103.<\/span><span data-ccp-props=\"{\">\u00a0<\/span><\/p><p><span data-contrast=\"auto\">\u00cen incinta \u0219colii a fost creat un laborator de litera\u021bie care va fi permanent utilizat de elevii \u0219colii, dar \u0219i de fra\u021bii elevilor care pot \u00eemprumuta c\u0103r\u021bi sau pot beneficia de resurse educa\u021bionale.<\/span><\/p><p><i><span data-contrast=\"auto\"><strong>De ce a ales\u00a0Em\u0151ke\u00a0s\u0103 dezvolte litera\u021bia \u0219i numera\u021bia la elevii ei?<\/strong> <\/span><\/i><span data-ccp-props=\"{\">\u00a0<\/span><\/p><p><span data-contrast=\"auto\">,,Litera\u021bia st\u0103 la baza tuturor ariilor disciplinare, precum \u0219i la formarea tuturor competen\u021belor, \u00eens\u0103\u00a0este nevoie <\/span><span data-contrast=\"auto\">s\u0103 avem \u0219i competen\u021bele numera\u021biei dezvoltate la un nivel c\u00e2t mai independent. Am dezvoltat aceste abilit\u0103\u021bi prin jocuri numerice \u0219i aplica\u021bii digitale, care s\u0103 \u00eei \u0219i atrag\u0103.<\/span><span data-ccp-props=\"{\">\u00a0<\/span><\/p><p><span data-contrast=\"auto\">Conform curriculumului na\u0163ional, competen\u0163a \u0219colar\u0103 este definit\u0103 ca <\/span><span data-contrast=\"none\">\u00ab<\/span><span data-contrast=\"auto\"> un ansamblu\/sistem integrat de cuno\u0219tin\u0163e, capacit\u0103\u0163i, deprinderi \u0219i atitudini dob\u00e2ndite de elevi prin \u00eenv\u0103\u0163are \u0219i mobilizate \u00een contexte specifice de realizare, adaptate v\u00e2rstei elevului \u0219i nivelului cognitiv al acestuia, \u00een vederea rezolv\u0103rii unor probleme cu care acesta se poate confrunta \u00een via\u0163a real\u0103 \u00bb.<\/span><span data-ccp-props=\"{\">\u00a0<\/span><\/p><p><img decoding=\"async\" class=\"size-large wp-image-11804 aligncenter\" src=\"https:\/\/teachforromania.org\/wp-content\/uploads\/2022\/10\/Emoke-2-1024x461.jpeg\" alt=\"\" width=\"800\" height=\"360\" srcset=\"https:\/\/teachforromania.org\/wp-content\/uploads\/2022\/10\/Emoke-2-1024x461.jpeg 1024w, https:\/\/teachforromania.org\/wp-content\/uploads\/2022\/10\/Emoke-2-300x135.jpeg 300w, https:\/\/teachforromania.org\/wp-content\/uploads\/2022\/10\/Emoke-2-768x346.jpeg 768w, https:\/\/teachforromania.org\/wp-content\/uploads\/2022\/10\/Emoke-2-1536x691.jpeg 1536w, https:\/\/teachforromania.org\/wp-content\/uploads\/2022\/10\/Emoke-2.jpeg 1600w\" sizes=\"(max-width: 800px) 100vw, 800px\" \/><\/p><p><span data-contrast=\"auto\">Interven\u021bia s-a bazat pe o cunoa\u0219tere profund\u0103 a nevoilor emo\u021bionale \u0219i cognitive ale copiilor. Planificarea strategic\u0103 a constat \u00een construc\u021bia pe o serie de competen\u021be ce sunt punctul de plecare pentru o implementare eficace \u0219i incluziv\u0103, menit\u0103 s\u0103 reduc\u0103 decalajele \u0219i s\u0103 dezvolte interesul elevilor pentru \u0219coal\u0103 \u0219i dezvoltarea fiec\u0103rui elev dup\u0103 nevoile sale de \u00eenv\u0103\u021bare specifice\u201d. <\/span><span data-ccp-props=\"{\">\u00a0<\/span><\/p><p><span data-contrast=\"auto\">Mai departe de a exersa scrierea, lectura \u0219i calculul matematic, elevii au nevoie \u0219i de un r\u0103spuns dus \u00een practic\u0103, la \u00eentrebarea ,,De ce trebuie s\u0103 \u00eenv\u0103\u021b?\u201d. Em\u0151ke le-a r\u0103spuns elevilor prin practica informa\u021biilor dob\u00e2ndite.<\/span><\/p>\t\t\t\t\t\t\t\t<\/div>\n\t\t\t\t<\/div>\n\t\t\t\t<\/div>\n\t\t\t\t\t<\/div>\n\t\t\t\t<\/div>\n\t\t\t\t<\/div>\n\t\t","protected":false},"excerpt":{"rendered":"<p>Em\u0151ke Bocskai este\u00a0\u00eenv\u0103\u0163\u0103toare la \u015ecoala Gimnazial\u0103 \u201eTeleki Domokos\u201c din localitatea Gorne\u015fti, jude\u0163ul Mure\u015f. Spune c\u0103 \u0219i-a dorit dintotdeauna s\u0103 predea, iar la gr\u0103dini\u0163\u0103 f\u0103cea jocuri de rol din postura de \u00eenv\u0103\u0163\u0103toare. \u201eAdunam colegii \u015fi \u00eei \u00eenv\u0103\u0163am tot ce se putea. Puneam p\u0103pu\u015file \u00een r\u00e2nd \u015fi le citeam diverse lucruri\u201c. Ca s\u0103 fie aproape de comunitatea [&hellip;]<\/p>\n","protected":false},"author":2,"featured_media":11800,"comment_status":"open","ping_status":"open","sticky":false,"template":"","format":"standard","meta":{"_acf_changed":false,"footnotes":""},"categories":[1429,21,1448,18,1457],"tags":[1305,1469],"class_list":["post-11824","post","type-post","status-publish","format-standard","has-post-thumbnail","hentry","category-alumni-teach-for-romania-2","category-implicare-in-educatie","category-povesti-teach-for-romania","category-profesori-si-alumni","category-teach-for-romania","tag-literatie","tag-numeratie"],"acf":[],"_links":{"self":[{"href":"https:\/\/teachforromania.org\/en\/wp-json\/wp\/v2\/posts\/11824","targetHints":{"allow":["GET"]}}],"collection":[{"href":"https:\/\/teachforromania.org\/en\/wp-json\/wp\/v2\/posts"}],"about":[{"href":"https:\/\/teachforromania.org\/en\/wp-json\/wp\/v2\/types\/post"}],"author":[{"embeddable":true,"href":"https:\/\/teachforromania.org\/en\/wp-json\/wp\/v2\/users\/2"}],"replies":[{"embeddable":true,"href":"https:\/\/teachforromania.org\/en\/wp-json\/wp\/v2\/comments?post=11824"}],"version-history":[{"count":35,"href":"https:\/\/teachforromania.org\/en\/wp-json\/wp\/v2\/posts\/11824\/revisions"}],"predecessor-version":[{"id":12642,"href":"https:\/\/teachforromania.org\/en\/wp-json\/wp\/v2\/posts\/11824\/revisions\/12642"}],"wp:featuredmedia":[{"embeddable":true,"href":"https:\/\/teachforromania.org\/en\/wp-json\/wp\/v2\/media\/11800"}],"wp:attachment":[{"href":"https:\/\/teachforromania.org\/en\/wp-json\/wp\/v2\/media?parent=11824"}],"wp:term":[{"taxonomy":"category","embeddable":true,"href":"https:\/\/teachforromania.org\/en\/wp-json\/wp\/v2\/categories?post=11824"},{"taxonomy":"post_tag","embeddable":true,"href":"https:\/\/teachforromania.org\/en\/wp-json\/wp\/v2\/tags?post=11824"}],"curies":[{"name":"wp","href":"https:\/\/api.w.org\/{rel}","templated":true}]}}