{"id":11298,"date":"2022-07-22T11:49:44","date_gmt":"2022-07-22T11:49:44","guid":{"rendered":"https:\/\/teachforromania.org\/?p=11298"},"modified":"2022-09-22T11:50:13","modified_gmt":"2022-09-22T11:50:13","slug":"comunicat-presa-mironeasa-judetul-iasi-locul-in-care-peste-300-de-copii-exerseaza-bucuria-de-a-descoperi-lucruri-valoroase-despre-ei-si-despre-lumea-inconjuratoare-alaturi-de-peste-70-de-viitori","status":"publish","type":"post","link":"https:\/\/teachforromania.org\/en\/comunicat-presa-mironeasa-judetul-iasi-locul-in-care-peste-300-de-copii-exerseaza-bucuria-de-a-descoperi-lucruri-valoroase-despre-ei-si-despre-lumea-inconjuratoare-alaturi-de-peste-70-de-viitori\/","title":{"rendered":"[Comunicat pres\u0103] Mironeasa, jude\u021bul Ia\u0219i &#8211; locul \u00een care peste 300 de copii exerseaz\u0103 bucuria de a descoperi lucruri valoroase despre ei \u0219i despre lumea \u00eenconjur\u0103toare, al\u0103turi de peste 70 de viitori profesori, \u00een cea de-a 9-a edi\u021bie a Academiei de Leadership \u0219i Pedagogie."},"content":{"rendered":"<p><em>M\u00e2ine, 23 iulie 2022, Teach for Romania organizeaz\u0103 imersiunea cultural\u0103 \u00een comunitatea Mironeasa, jude\u021bul Ia\u0219i, o experien\u021b\u0103 \u00een care cei peste 70 de profesori participan\u021bi \u00een Academia de Leadership \u0219i Pedagogie sunt ghida\u021bi de copii pentru a descoperi realit\u0103\u021bile de la firul ierbii. Apoi, \u00een perioada 25 iulie \u2013 5 august, timp de 10 zile, va avea loc Academia Copiilor la \u0218coala Gimnazial\u0103 Mironeasa, o \u0219coal\u0103 de var\u0103 dedicat\u0103 elevilor din \u0219coli vulnerabile, \u00een care vor exersa \u00eempreun\u0103 bucuria de a descoperi lucruri valoroase despre ei \u0219i despre lumea \u00een care tr\u0103iesc.<\/em><\/p>\n<p><em>Aceasta reprezint\u0103 partea de practic\u0103 pedagogic\u0103, component\u0103 a Academiei de Leadership \u0219i Pedagogie \u2013 singurul program de formare accelerat\u0103 timp de 5 s\u0103pt\u0103m\u00e2ni, dedicat profesorilor care predau \u00een comunit\u0103\u021bi vulnerabile, pentru a genera o schimbare sustenabil\u0103 at\u00e2t \u00een sala de clas\u0103, c\u00e2t \u0219i dincolo de aceasta.<\/em><\/p>\n<p><strong>Ce \u00eenseamn\u0103 imersiunea cultural\u0103 \u00een comunitate \u2013 experien\u021b\u0103 marca Teach for Romania<\/strong><\/p>\n<p>Credem cu t\u0103rie c\u0103 rolul profesorului nu e acela de a transmite cuno\u0219tin\u021be dintr-un anumit domeniu, ci este acela de a dezvolta oameni, de a construi viitorul nostru comun acum, \u00een s\u0103lile noastre de clas\u0103 \u0219i \u00een afara lor. Iar pentru a reu\u0219i asta, el are nevoie de o \u00een\u021belegere profund\u0103, plin\u0103 de empatie, dincolo de presupuneri \u0219i dincolo de judecat\u0103, a mediului \u00een care copilul tr\u0103ie\u0219te \u0219i se dezvolt\u0103, a nevoilor lui reale \u0219i a felului \u00een care adul\u021bii semnificativi din via\u021ba lui sunt preg\u0103ti\u021bi s\u0103-l sus\u021bin\u0103.<\/p>\n<p>Pentru c\u0103 niciodat\u0103 un profesor nu va reu\u0219i de unul singur s\u0103 schimbe \u00een bine o traiectorie de via\u021b\u0103. El are nevoie de alia\u021bi: p\u0103rin\u021bi, colegi, autorit\u0103\u021bi locale, preo\u021bi \u0219i mediatori \u0219colari. \u0218i are nevoie s\u0103-i vad\u0103 ca pe poten\u021biali alia\u021bi, nu ca pe vinova\u021bii de serviciu.<\/p>\n<p>Iat\u0103 de ce, \u00een fiecare an, \u00eenainte de practica pedagogic\u0103 cu elevii, organiz\u0103m o astfel de experien\u021b\u0103 de deschidere a sufletului \u0219i a min\u021bii. Acest tip de activitate de \u00eenv\u0103\u021bare, probabil unic \u00een Rom\u00e2nia, le ofer\u0103 viitorilor profesori Teach for Romania, dar \u0219i partenerilor no\u0219tri, oportunitatea de a cunoa\u0219te realitatea de la firul ierbii,\u00a0 de a se conecta direct cu actorii relevan\u021bi, de a \u00een\u021belege direct de la copii care le sunt nevoile, visurile, fricile care ajut\u0103 sau le blocheaz\u0103 cre\u0219terea.<\/p>\n<p>Din miezul acestei conect\u0103ri \u0219i din \u00een\u021belegerea profund\u0103 a faptului c\u0103 nu suntem acolo pentru a salva pe cineva sau pentru a repara pe cineva sau ceva se deschid apoi c\u0103ile pentru schimb\u0103ri sustenabile, bazate pe valorificarea punctelor forte, pe \u00eemputernicire \u0219i colaborare.<\/p>\n<p><img fetchpriority=\"high\" decoding=\"async\" class=\"aligncenter size-large wp-image-11300\" src=\"https:\/\/teachforromania.org\/wp-content\/uploads\/2022\/09\/Foto-Teach-for-Romania-Catalin-Georgescu-1024x683.jpg\" alt=\"\" width=\"800\" height=\"534\" srcset=\"https:\/\/teachforromania.org\/wp-content\/uploads\/2022\/09\/Foto-Teach-for-Romania-Catalin-Georgescu-1024x683.jpg 1024w, https:\/\/teachforromania.org\/wp-content\/uploads\/2022\/09\/Foto-Teach-for-Romania-Catalin-Georgescu-300x200.jpg 300w, https:\/\/teachforromania.org\/wp-content\/uploads\/2022\/09\/Foto-Teach-for-Romania-Catalin-Georgescu-768x512.jpg 768w, https:\/\/teachforromania.org\/wp-content\/uploads\/2022\/09\/Foto-Teach-for-Romania-Catalin-Georgescu.jpg 1500w\" sizes=\"(max-width: 800px) 100vw, 800px\" \/><\/p>\n<p><strong>23 iulie &#8211; imersiune cultural\u0103 \u00een comunitatea Mironesa, jude\u021bul Ia\u0219i<\/strong><\/p>\n<p>Pe 23 iulie vom descoperi \u00eempreun\u0103 cu peste 70 de viitori profesori, ghida\u021bi de c\u00e2\u021biva copii din comun\u0103, sufletul comunit\u0103\u021bii Mironeasa. A\u0219tept\u0103m cu ner\u0103bdare s\u0103 af\u0103m cine sunt ace\u0219ti oameni, ce e important pentru ei, care sunt valorile lor, care sunt punctele de intersec\u021bie dintre noi. Vom duce cu noi curiozitate, dorin\u021b\u0103 de a \u00een\u021belege \u0219i de a ne conecta inimile \u0219i voin\u021bele.<\/p>\n<p>Am organizat experien\u021ba \u00een 3 secven\u021be:<\/p>\n<ul>\n<li>\u201eempathy walk\u201d \u2013 conectare direct\u0103 cu oameni din comunitate, \u00een timpul unui drum de explorare ghidat de c\u0103tre copii ai locului;<\/li>\n<li>Panel de discu\u021bii (p\u0103rin\u021bi, profesori, elevi, autorit\u0103\u021bi locale);<\/li>\n<li>Poiana lui Iocan: procesarea experien\u021bei de \u00eenv\u0103\u021bare \u00een comunitatea mare de profesori \u0219i echipa Teach for Romania.<\/li>\n<\/ul>\n<p><strong>25 iulie \u2013 5 august, Academia Copiilor sau practica pedagogic\u0103 <\/strong><\/p>\n<p>Formarea ini\u021bial\u0103 se des\u0103v\u00e2r\u0219e\u0219te \u00een cele 10 zile de practic\u0103 pedagogic\u0103 supervizat\u0103, ce se vor derula \u00een \u0219colile din Mironeasa, \u00een perioada 25 iulie \u2013 5 august 2022.<\/p>\n<p>\u00cen aceste zile viitorii profesori Teach for Romania intr\u0103 \u00een clase \u0219i sus\u021bin, pentru prima dat\u0103 din postura de cadru didactic, ore \u0219colare conform planurilor de lec\u021bie construite de ei. Emo\u021bii, bucurii, \u00eembr\u0103\u021bi\u0219\u0103ri, primul \u201ete iubesc, doamna\/-ul\u201d, oboseal\u0103, \u00eenc\u0103rcare emo\u021bional\u0103, \u00eemplinire a reu\u0219itei. E o perioad\u0103 extrem de intens\u0103, \u00een care toate practicile de gestionare a sinelui \u0219i a rela\u021bion\u0103rii devin critice, o perioad\u0103 \u00een care dezvoltarea profesorului lider nu mai este doar o aspira\u021bie sau un construct cognitiv, ci devine o experien\u021b\u0103 transforma\u021bional\u0103 tr\u0103it\u0103 pas cu pas.<\/p>\n<p>Zilnic, se exerseaz\u0103 \u0219i capacitatea de a gestiona \u00eenv\u0103\u021barea, participan\u021bii fiind pu\u0219i \u00een situa\u021bia de a observa elevii \u00een dou\u0103 activit\u0103\u021bi de \u00eenv\u0103\u021bare, de a \u021bine o lec\u021bie, de a analiza \u00eempreun\u0103 cu mentorul lor comportamentul elevilor \u0219i eficien\u021ba solu\u021biilor metodice folosite, de a planifica \u0219i de a se consulta cu \u201ecolegii de cancelarie\u201d. Este perioada \u00een care se internalizeaz\u0103, se consolideaz\u0103 \u0219i se expandeaz\u0103 \u00eenv\u0103\u021barea, participan\u021bilor oferindu-li-se sprijin specializat: mentorat aplicat, coaching adaptativ, acces la modele de bun\u0103 practic\u0103, sus\u021binerea comunit\u0103\u021bii de \u00eenv\u0103\u021bare.<\/p>\n<p>Pentru elevi, putem vorbi despre <strong>Academia Copiilor<\/strong>, deci despre o experien\u021b\u0103 de \u00eenv\u0103\u021bare care are \u00een centru peste 300 de copii care vor exersa \u00eempreun\u0103 bucuria de a descoperi lucruri valoroase despre ei \u0219i despre lumea \u00een care tr\u0103iesc. Ace\u0219tia vor\u00a0explora realitatea cu ajutorul \u0219tiin\u021bei\u200b\u200b, vor lucra\u00a0colaborativ\u200b, vor lua decizii\u200b \u0219i vor folosi resurse digitale\u200b. \u00cens\u0103 cel mai important vor fi asculta\u021bi \u0219i v\u0103zu\u021bi, vor fi valoriza\u021bi \u0219i \u00eemputernici\u021bi.<\/p>\n<p>Ne str\u0103duim constant ca \u00een cadrul Academiei s\u0103 organiz\u0103m \u0219i s\u0103 sus\u021binem experien\u021be de \u00eenv\u0103\u021bare c\u00e2t mai practice \u0219i 100% aplicabile pentru profesori dedica\u021bi, care vor s\u0103 genereze \u00eenv\u0103\u021bare relevant\u0103 pentru clasele lor. Con\u021binutul creat de Teach for Romania este actual, de calitate \u0219i imediat aplicabil la clas\u0103 sau \u00een cancelarie.<\/p>\n<p>Academia este doar \u00eenceputul unui proces \u00een care profesorul Teach for Romania este sus\u021binut, consiliat, mentorat, sprijinit cu resurse, de-a lungul a doi ani de activitate \u00een medii vulnerabile, pentru a ne asigura de impactul s\u0103u \u00een comunitate \u0219i \u00een formarea unor genera\u021bii de elevi bine preg\u0103ti\u021bi, cu \u00eencredere \u00een poten\u021bialul lor, indiferent de mediul din care vin.<\/p>\n<p><strong>Academia de Leadership \u0219i Pedagogie este posibil\u0103 datorit\u0103 sprijinului oferit de partenerii no\u0219tri UiPath Foundation, UniCredit Bank, PEPCO Rom\u00e2nia, LIDL Rom\u00e2nia, Re\u021beaua privat\u0103 de s\u0103n\u0103tate \u2013 Regina Maria \u0219i Facultatea de Psihologie \u0219i \u0218tiin\u021bele Educa\u021biei \u2013 Universitatea din Bucure\u0219ti.<\/strong><\/p>\n<p><strong>Mai multe detalii despre Academie se reg\u0103sesc pe <\/strong><a href=\"http:\/\/www.teachforromania.org\"><strong>www.teachforromania.org<\/strong><\/a><strong>.<\/strong><\/p>\n<p><strong>Despre Teach for Romania<\/strong><\/p>\n<p>Teach for Romania este o organiza\u021bie non-guvernamental\u0103, care de 9 ani recruteaz\u0103 \u0219i preg\u0103te\u0219te oameni valoro\u0219i s\u0103 devin\u0103 profesori \u0219i \u00eenv\u0103\u021b\u0103tori \u00een \u0219colile publice din Rom\u00e2nia, pornind de la cele mai dificile comunit\u0103\u021bi. La Teach for Romania, noi credem c\u0103 fiecare copil din Rom\u00e2nia are dreptul \u0219i poate s\u0103 aib\u0103 parte de o educa\u021bie de calitate, al\u0103turi de un profesor sau un \u00eenv\u0103\u021b\u0103tor care crede \u00een el.<\/p>\n<p>\u00cen anul \u0219colar 2021-2022, 118 cadre didactice au f\u0103cut parte din programul nostru \u0219i au predat \u00een 94 de \u0219coli, din 22 de jude\u021be. De asemenea, ne bucur\u0103m c\u0103, din comunitatea noastr\u0103 de 176 alumni, absolven\u021bi ai programului, jum\u0103tate au ales s\u0103 r\u0103m\u00e2n\u0103 la catedr\u0103 \u00een \u0219coli publice din Rom\u00e2nia, dezvolt\u00e2nd \u0219i inov\u00e2nd cultura organiza\u021bional\u0103 a acestora. \u00centreaga noastr\u0103 comunitate de profesori a ajuns astfel la aproximativ 20 000 de copii.<\/p>\n","protected":false},"excerpt":{"rendered":"<p>M\u00e2ine, 23 iulie 2022, Teach for Romania organizeaz\u0103 imersiunea cultural\u0103 \u00een comunitatea Mironeasa, jude\u021bul Ia\u0219i, o experien\u021b\u0103 \u00een care cei peste 70 de profesori participan\u021bi \u00een Academia de Leadership \u0219i Pedagogie sunt ghida\u021bi de copii pentru a descoperi realit\u0103\u021bile de la firul ierbii. Apoi, \u00een perioada 25 iulie \u2013 5 august, timp de 10 zile, [&hellip;]<\/p>\n","protected":false},"author":2,"featured_media":11299,"comment_status":"open","ping_status":"open","sticky":false,"template":"","format":"standard","meta":{"_acf_changed":false,"footnotes":""},"categories":[1431,20],"tags":[1036,1463,1321,1345,1464,982],"class_list":["post-11298","post","type-post","status-publish","format-standard","has-post-thumbnail","hentry","category-comunicat-de-presa","category-comunitati-in-schimbare","tag-academia-de-leadership-si-pedagogie","tag-community-immersion","tag-comunicat-de-presa","tag-mirela-stetco","tag-mironeasa","tag-teach-for-romania"],"acf":[],"_links":{"self":[{"href":"https:\/\/teachforromania.org\/en\/wp-json\/wp\/v2\/posts\/11298","targetHints":{"allow":["GET"]}}],"collection":[{"href":"https:\/\/teachforromania.org\/en\/wp-json\/wp\/v2\/posts"}],"about":[{"href":"https:\/\/teachforromania.org\/en\/wp-json\/wp\/v2\/types\/post"}],"author":[{"embeddable":true,"href":"https:\/\/teachforromania.org\/en\/wp-json\/wp\/v2\/users\/2"}],"replies":[{"embeddable":true,"href":"https:\/\/teachforromania.org\/en\/wp-json\/wp\/v2\/comments?post=11298"}],"version-history":[{"count":1,"href":"https:\/\/teachforromania.org\/en\/wp-json\/wp\/v2\/posts\/11298\/revisions"}],"predecessor-version":[{"id":11301,"href":"https:\/\/teachforromania.org\/en\/wp-json\/wp\/v2\/posts\/11298\/revisions\/11301"}],"wp:featuredmedia":[{"embeddable":true,"href":"https:\/\/teachforromania.org\/en\/wp-json\/wp\/v2\/media\/11299"}],"wp:attachment":[{"href":"https:\/\/teachforromania.org\/en\/wp-json\/wp\/v2\/media?parent=11298"}],"wp:term":[{"taxonomy":"category","embeddable":true,"href":"https:\/\/teachforromania.org\/en\/wp-json\/wp\/v2\/categories?post=11298"},{"taxonomy":"post_tag","embeddable":true,"href":"https:\/\/teachforromania.org\/en\/wp-json\/wp\/v2\/tags?post=11298"}],"curies":[{"name":"wp","href":"https:\/\/api.w.org\/{rel}","templated":true}]}}