{"id":10230,"date":"2022-08-29T07:29:29","date_gmt":"2022-08-29T07:29:29","guid":{"rendered":"https:\/\/teachforromania.org\/?p=10230"},"modified":"2022-08-29T07:42:10","modified_gmt":"2022-08-29T07:42:10","slug":"de-5-ani-educatia-rescrie-povestea-blog","status":"publish","type":"post","link":"https:\/\/teachforromania.org\/en\/de-5-ani-educatia-rescrie-povestea-blog\/","title":{"rendered":"De 5 ani, educa\u021bia rescrie povestea"},"content":{"rendered":"<p><strong>Bucure\u0219ti, 2018<\/strong> &#8211; <em>Teach for Romania<\/em> a s\u0103rb\u0103torit al\u0103turi de copii, profesori, alumni \u0219i parteneri, aniversarea a 5 ani de activitate, \u00een cadrul conferin\u021bei <em>Educa\u021bia rescrie povestea<\/em>, care a avut loc la Palatul Cotroceni.<\/p>\n<p><img fetchpriority=\"high\" decoding=\"async\" src=\"http:\/\/teachforromania.org\/wp-content\/uploads\/1DX_0793-1024x682.jpg\" alt=\"1DX_0793\" width=\"1024\" height=\"682\" \/><\/p>\n<p>De 5 ani, <em>Teach for Romania<\/em> rescrie pove\u0219ti de via\u021b\u0103 prin educa\u021bie de calitate, comunitatea ajung\u00e2nd s\u0103 numere aproape 150 de profesori, care au reu\u0219it s\u0103 inspire peste 7.000 de copii.<\/p>\n<p>Dac\u0103 la \u00eenfiin\u021bare, \u00een anul 2014, au fost 880 de candida\u021bi care \u0219i-au manifestat interesul de a intra \u00een program, \u00een 2018 num\u0103rul lor aproape s-a dublat, fiind \u00eenregistra\u021bi aproximativ 1.600. O realizare \u0219i mai mare este reu\u0219ita <em>Teach for Romania<\/em> de a sprijini de patru ori mai multe cadre didactice anul acesta, comparativ cu anul 2014.<\/p>\n<p>\u00cen anul \u0219colar 2018-2019, <em>Teach for Romania<\/em> se poate m\u00e2ndri cu sus\u021binerea a 76 de \u00eenv\u0103\u021b\u0103tori \u0219i profesori, care predau 15 discipline \u0219i care, \u00eempreun\u0103 cu alumni r\u0103ma\u0219i la catedr\u0103, inspir\u0103 \u0219i educ\u0103 peste 7000 copii, \u00een 100 de \u0219coli, din 18 jude\u021be.<\/p>\n<p><em>\u00a0<\/em><em>\u201eTeach for Romania \u00eenseamn\u0103 doar o m\u00e2n\u0103 de oameni, dar o m\u00e2n\u0103 de oameni care a reu\u0219it s\u0103 preg\u0103teasc\u0103 \u00een doar 5 ani peste 7000 de copii. Nu pot s\u0103 nu m\u0103 g\u00e2ndesc la c\u00e2te lucruri minunate putem realiza \u00eempreun\u0103. Cheia transform\u0103rii educa\u021biei vine din comunit\u0103\u021bi. Noi suntem cei care avem responsabilitatea educa\u021biei copiilor din Rom\u00e2nia, a viitorului lor, dar, mai ales, a prezentului lor. Putem face orice \u00eempreun\u0103. Aici \u0219i acum<\/em>. <em>Trebuie s\u0103 ne mul\u021bumim tuturor pentru acest mare \u201c\u00eempreun\u0103\u201d, <\/em>spune <strong>Corina Puiu, <\/strong><strong>Co-fondator \u0219i Director General Teach for Romania<\/strong>.<\/p>\n<p><img decoding=\"async\" src=\"http:\/\/teachforromania.org\/wp-content\/uploads\/1DX_0643-1024x682.jpg\" alt=\"1DX_0643\" width=\"1024\" height=\"682\" \/><\/p>\n<p>La aniversarea de 5 ani, <em>Teach for Romania<\/em> i-a avut al\u0103turi pe: Pre\u0219edintele Rom\u00e2niei, domnul Klaus Iohannis, dar \u0219i pe Wendy Kopp, Co-fondator \u0219i CEO <em>Teach for All.<\/em><\/p>\n<p><em>\u00a0<\/em><em>\u201eTeach for Romania este un foarte bun exemplu de succes al unei ini\u021biative bazate pe voluntariat, care a ajuns s\u0103 fac\u0103 o real\u0103 diferen\u021b\u0103 \u00een comunit\u0103\u021bile \u00een care activeaz\u0103. Mii de elevi au avut \u0219ansa de a \u00eenv\u0103\u021ba \u00een clasele profesorilor Teach for Romania \u0219i de a beneficia, astfel, de o experien\u021b\u0103 \u0219colar\u0103 nou\u0103 \u0219i motivant\u0103. O astfel de schimbare ne dorim \u00een \u00eentregul sistem de educa\u021bie din Rom\u00e2nia, pentru c\u0103 \u021bara noastr\u0103 nu va fi m\u00e2ine cea pe care ne-o dorim dac\u0103 nu oferim ast\u0103zi fiec\u0103rui copil competen\u021bele de care are nevoie pentru a-\u0219i \u00eendeplini visurile \u0219i pentru a contribui la bun\u0103starea \u00eentregii comunit\u0103\u021bi\u201d <\/em>\u2013 <strong>Pre\u0219edintele Rom\u00e2niei, domnul Klaus Iohannis.<\/strong><\/p>\n<p>Wendy Kopp a pus bazele organiza\u021biei <em><a href=\"https:\/\/www.facebook.com\/teachforamerica\/?__tn__=K-R&amp;eid=ARBKPW2Z1bh2a6yBT7Qqwr7tPuLBVP-NH3I62YtZzA_6zQFQeyxqJmAzYU9FR4LDjrUu0eyKFiBUjlh3&amp;fref=mentions&amp;__xts__%5B0%5D=68.ARA0TL98-53gxmFiZRoam03sN1HrBxg0MM1EXgSEp4EcXH2y9CxF7qzdXMSHc_vGQtFlXQPvWBjYLom_AMVVqiMW0H_mU1M6kPvtEYlq0n3eiyydF_NyfpX44XF48G8BquP2BD_kSqdnJEA1jHpIBk-WL6uHl-3eRqoLqwcif4aLN_TR7SimylJQLydMXIssndYwcSokEkGKT-ZM5NwirEP1c7I\">Teach For America<\/a><\/em> \u00een 1989, pornind astfel mi\u0219carea global\u0103 \u00eempotriva inechit\u0103\u021bii \u00een educa\u021bie, care ast\u0103zi poart\u0103 numele de<em>\u00a0<a href=\"https:\/\/www.facebook.com\/teachforall\/?__tn__=K-R&amp;eid=ARBqSE0NT654q_1SGauBfT-lD3C_EVryJQQ9Z2dR-aoxde-uascz_2-NIjnhEcN91JdyLzev7wsGGyse&amp;fref=mentions&amp;__xts__%5B0%5D=68.ARA0TL98-53gxmFiZRoam03sN1HrBxg0MM1EXgSEp4EcXH2y9CxF7qzdXMSHc_vGQtFlXQPvWBjYLom_AMVVqiMW0H_mU1M6kPvtEYlq0n3eiyydF_NyfpX44XF48G8BquP2BD_kSqdnJEA1jHpIBk-WL6uHl-3eRqoLqwcif4aLN_TR7SimylJQLydMXIssndYwcSokEkGKT-ZM5NwirEP1c7I\">Teach For All<\/a>\u00a0<\/em>\u0219i a ajuns \u00een 48 de \u021b\u0103ri, de pe 6 continente. \u00cen acest moment, <em>Teach for All<\/em> num\u0103r\u0103 14.000 de profesori \u0219i 60.000 de alumni, iar cea mai mare realizare a programului este faptul c\u0103 65% dintre alumni au r\u0103mas la catedre.<\/p>\n<p><em>\u00a0<\/em><em>\u201eCeea ce ne-a adunat pe to\u021bi \u00een educa\u021bie a fost un sim\u021b al inechit\u0103\u021bii, faptul c\u0103 nu este corect c\u0103 un \u00eentreg segment de copii nu are acces la educa\u021bie, lucru care \u00eei las\u0103 \u00een afara alegerilor importante de via\u021b\u0103, dar \u0219i a oportunit\u0103\u021bilor\u201d &#8211;<\/em><strong> Wendy Kopp, Co-fondator \u0219i CEO <em>Teach for All.<\/em><\/strong><\/p>\n<p><strong>\u00a0<\/strong><\/p>\n<p><strong>Abordare strategic\u0103 pentru cre\u0219terea performan\u021bei \u00een educa\u021bie<\/strong><\/p>\n<p>Conferin\u021ba <em>Educa\u021bia rescrie povestea<\/em>, moderat\u0103 de Virgil Ian\u021bu, a reunit \u00eentreaga comunitate a sus\u021bin\u0103torilor educa\u021biei din Rom\u00e2nia, care a participat la sesiunea de dezbateri <em>Provoc\u0103ri \u00een educa\u021bie. Abordare strategic\u0103 pentru cre\u0219terea performan\u021bei \u00een educa\u021bie.<\/em><\/p>\n<p>\u00cen panelul moderat de Sorana St\u0103nescu, Managing Editor <em>Dec\u00e2t o Revist\u0103<\/em>, au participat Ligia Deca, Consilier de Stat \u00een Departamentul Educa\u021bie \u0219i Cercet\u0103ri, Adrian B\u0103rbulescu, Director Direc\u021bia \u00cenv\u0103\u021b\u0103m\u00e2nt Liceal \u0219i Profesional, Ministerul Educa\u021biei Na\u021bionale, Neli Koleva, Director Parteneriate Publice, Teach for Bulgaria, Maria Gheorghiu, Co-fondator \u0219i Director Executiv, Asocia\u021bia OvidiuRo \u0219i Aura Stan, Chief Program Officer al Teach for Romania.<\/p>\n<p>Agenda conferin\u021bei <em>Educa\u021bia rescrie povestea<\/em> a inclus \u0219i un spa\u021biu care a adus \u00eempreun\u0103 min\u021bi \u0219i suflete,\u00a0 un spa\u021biu de conexiune cu beneficiari ai programului: profesori sus\u021binu\u021bi de\u00a0<em>Teach for Romania<\/em>, elevi, alumni, echipa de program \u0219i dezvoltare a <em>Teach for Romania.<\/em><\/p>\n<p><img decoding=\"async\" src=\"http:\/\/teachforromania.org\/wp-content\/uploads\/1DX_0649-1024x682.jpg\" alt=\"1DX_0649\" width=\"1024\" height=\"682\" \/><\/p>\n<p><strong>NEWTT, un program finan\u021bat de Uniunea European\u0103<\/strong><\/p>\n<p>Evenimentul reprezint\u0103 \u0219i \u00eencheierea proiectului <em>A New Way for New Talents in Teaching, <\/em>un proiect co-fina\u021bat de Uniunea European\u0103, prin programul Erasmus+, Axa cheie 3, \u0219i derulat \u00een colaborare cu Ministerul Educa\u021biei \u0219i Universitatea din Bucure\u0219ti \u2013 Facultatea de Psihologie \u0219i \u0218tiin\u021bele Educa\u021biei.<\/p>\n<p>Influen\u021ba programului abordat \u00een NEWTT, care s-a axat pe dezvoltarea profesional\u0103 \u0219i personal\u0103 a cadrelor didactice \u0219i a inclus recrutare, selec\u021bie, formare ini\u021bial\u0103, preg\u0103tire continu\u0103 (2 ani), calificare \u00een pedagogia \u00eenv\u0103\u021b\u0103m\u00e2ntului primar \u0219i pre\u0219colar, coaching \u0219i mentorat la locul de munc\u0103, este una impresionant\u0103 \u00een cadrul organiza\u021biei Teach for Romania: 70% din num\u0103rul total de alumni al genera\u021biei a treia (grupul de interven\u021bie \u00een proiect) se afl\u0103 \u00eenc\u0103 la catedr\u0103.<\/p>\n<p>Cercetarea realizat\u0103 \u00een cadrul proiectului NEWTT la finalul acestui program a ar\u0103tat c\u0103 profesioni\u0219tii care aleg cariera didactic\u0103 dintr-o motiva\u021bie puternic\u0103 de a lucra cu copii, \u00ee\u0219i dezvolt\u0103 abilit\u0103\u021bile necesare \u00eentr-o manier\u0103 mult mai eficient\u0103.<\/p>\n<p>Combin\u00e2nd cursurile clasice de formare a profesorilor, cum sunt cele de pedagogie, metodic\u0103,\u00a0 psihologie, cu unele noi, care pun accentul pe dezvoltarea personal\u0103, leadership, comunicare, colaborare, lucrul cu elevii care au diverse nevoi de \u00eenv\u0103\u021bare, se creeaz\u0103 un mediu propice pentru o mai bun\u0103 \u00een\u021belegere a profesiei pentru pedagogii debutan\u021bi.<\/p>\n<p>Aceast\u0103 metod\u0103 \u00eei ajut\u0103 s\u0103 aib\u0103 rezultate mai bune \u00een fa\u021ba provoc\u0103rilor de la clas\u0103, \u00een compara\u021bie cu participan\u021bii din grupul de control, care au avut acces doar la c\u00e2teva dintre cursurile men\u021bionate \u0219i c\u0103rora le lipse\u0219te secven\u021ba de dezvoltare personal, de preg\u0103tire \u0219i de sus\u021binere la locul de munc\u0103.<\/p>\n<p>Misiunea <em>Teach for Romania<\/em> nu poate fi \u00eendeplinit\u0103 f\u0103r\u0103 colaborarea cu \u0219colile \u0219i institu\u021biile statului, care au sus\u021binut ini\u021biativa Teach for Romania \u0219i au crezut \u00een poten\u021bialul fiec\u0103rui copil \u0219i \u00een incluziune social\u0103 \u00een educa\u021bie.<\/p>\n<p>Aceast\u0103 edi\u021bie s-a desf\u0103\u0219urat \u00een cadrul proiectului \u201c<a href=\"http:\/\/www.teachforromania.org\/newtt\">A New Way for New Talents in Teaching<\/a>\u201d (num\u0103r proiect 564718-EPP-1-2015-2-BG-EPPKA3-PI-POLICY), co-finan\u021bat prin linia KA3 a Erasmus+ a Uniunii Europene. Teach for Romania \u00ee\u0219i deruleaz\u0103 modelul de performan\u021b\u0103 \u00een educa\u021bie sus\u021bin\u00e2nd genera\u021bia din 2016 \u00een cadrul acestui proiect, \u00een colaborare cu Ministerul Educa\u021biei \u0219i Universitatea din Bucure\u0219ti \u2013 Facultatea de Psihologie \u0219i \u0218tiin\u021bele Educa\u021biei.<\/p>\n<p><em>\u00a0<\/em><strong><em>Despre Teach for Romania<\/em><\/strong><\/p>\n<p><em><a href=\"http:\/\/teachforromania.org\/ce-facem\/modelul-teach\/\">Teach for Romania<\/a>\u202feste o organiza\u021bie non-profit care activeaz\u0103 din 2014 \u0219i care a adus un sistem de performan\u021b\u0103 \u00een educa\u021bia din sistemul public din Rom\u00e2nia. Pentru \u00eemplinirea viziunii, educa\u021bie de calitate pentru to\u021bi copiii din Rom\u00e2nia, organiza\u021bia atrage \u0219i preg\u0103te\u0219te oameni motiva\u021bi de a deveni agen\u021bi de transformare\u00a0\u00een sistemul educa\u021bional rom\u00e2nesc, din rolurile de profesori \u0219i \u00eenv\u0103\u021b\u0103tori, pentru copiii din medii vulnerabile.<\/em><\/p>\n<p><em>\u00a0<\/em><em>\u00cen cei doi ani de predare ca profesor sau \u00eenv\u0103\u021b\u0103tor sprijinit de Teach for Romania, participan\u021bii au parte de programe de preg\u0103tire \u0219i training din partea unor profesioni\u0219ti \u00een pedagogie \u0219i leadership, dar \u0219i acces la cea mai mare comunitate global\u0103 \u00een educa\u021bie \u0219i leadership \u2013 Teach for All.<\/em><\/p>\n<p><em>\u00a0<\/em><em>La finalul celor doi ani, absolven\u021bii programului sunt \u00eencuraja\u021bi s\u0103 continue schimbarea \u00eenceput\u0103 \u00een \u0219coal\u0103 prin ini\u021biative cu impact \u00een societate, de antreprenoriat, educa\u021bie, politici publice \u0219i media.<\/em><\/p>\n","protected":false},"excerpt":{"rendered":"<p>Bucure\u0219ti, 2018 &#8211; Teach for Romania a s\u0103rb\u0103torit al\u0103turi de copii, profesori, alumni \u0219i parteneri, aniversarea a 5 ani de activitate, \u00een cadrul conferin\u021bei Educa\u021bia rescrie povestea, care a avut loc la Palatul Cotroceni. De 5 ani, Teach for Romania rescrie pove\u0219ti de via\u021b\u0103 prin educa\u021bie de calitate, comunitatea ajung\u00e2nd s\u0103 numere aproape 150 de [&hellip;]<\/p>\n","protected":false},"author":3,"featured_media":10240,"comment_status":"open","ping_status":"open","sticky":false,"template":"","format":"standard","meta":{"_acf_changed":false,"footnotes":""},"categories":[1427],"tags":[],"class_list":["post-10230","post","type-post","status-publish","format-standard","has-post-thumbnail","hentry","category-de5ani-educatia-rescrie-povestea"],"acf":[],"_links":{"self":[{"href":"https:\/\/teachforromania.org\/en\/wp-json\/wp\/v2\/posts\/10230","targetHints":{"allow":["GET"]}}],"collection":[{"href":"https:\/\/teachforromania.org\/en\/wp-json\/wp\/v2\/posts"}],"about":[{"href":"https:\/\/teachforromania.org\/en\/wp-json\/wp\/v2\/types\/post"}],"author":[{"embeddable":true,"href":"https:\/\/teachforromania.org\/en\/wp-json\/wp\/v2\/users\/3"}],"replies":[{"embeddable":true,"href":"https:\/\/teachforromania.org\/en\/wp-json\/wp\/v2\/comments?post=10230"}],"version-history":[{"count":1,"href":"https:\/\/teachforromania.org\/en\/wp-json\/wp\/v2\/posts\/10230\/revisions"}],"predecessor-version":[{"id":10231,"href":"https:\/\/teachforromania.org\/en\/wp-json\/wp\/v2\/posts\/10230\/revisions\/10231"}],"wp:featuredmedia":[{"embeddable":true,"href":"https:\/\/teachforromania.org\/en\/wp-json\/wp\/v2\/media\/10240"}],"wp:attachment":[{"href":"https:\/\/teachforromania.org\/en\/wp-json\/wp\/v2\/media?parent=10230"}],"wp:term":[{"taxonomy":"category","embeddable":true,"href":"https:\/\/teachforromania.org\/en\/wp-json\/wp\/v2\/categories?post=10230"},{"taxonomy":"post_tag","embeddable":true,"href":"https:\/\/teachforromania.org\/en\/wp-json\/wp\/v2\/tags?post=10230"}],"curies":[{"name":"wp","href":"https:\/\/api.w.org\/{rel}","templated":true}]}}